{"id":257893,"date":"2025-11-27T03:43:10","date_gmt":"2025-11-27T03:43:10","guid":{"rendered":"https:\/\/www.europesays.com\/es\/257893\/"},"modified":"2025-11-27T03:43:10","modified_gmt":"2025-11-27T03:43:10","slug":"usuarios-del-complejo-ruth-beitia-denuncian-falta-de-control-administrativo-incumplimiento-de-normativa-deportiva-y-uso-irregular-de-las-pistas","status":"publish","type":"post","link":"https:\/\/www.europesays.com\/es\/257893\/","title":{"rendered":"Usuarios del Complejo Ruth Beitia denuncian falta de control administrativo, incumplimiento de normativa deportiva y uso irregular de las pistas"},"content":{"rendered":"<p style=\"text-align: justify;\">La situaci\u00f3n que atraviesan las pistas de tenis del Complejo Municipal Ruth Beitia pone de manifiesto una preocupante <strong>distorsi\u00f3n del concepto mismo de servicio p\u00fablico<\/strong>. Lo que deber\u00eda ser un espacio accesible en igualdad de condiciones para todos los usuarios se ha convertido, seg\u00fan denuncias reiteradas, en un recinto donde <strong>determinadas entidades privadas operan con total normalidad, sin convenio conocido y vulnerando normativas expresas<\/strong>. Los hechos son graves no solo por su impacto directo en quienes pagan una cuota para utilizar instalaciones municipales, sino por lo que revelan sobre la gesti\u00f3n del complejo y el trato desigual que, presuntamente, se est\u00e1 dispensando desde la direcci\u00f3n.<\/p>\n<p style=\"text-align: justify;\">Desde hace meses, usuarios del Ruth Beitia vienen advirtiendo que el Club de Tenis de la Magdalena utiliza pistas municipales como si se tratara de su sede propia: <strong>acceso de alumnos en veh\u00edculos oficiales<\/strong> del club, <strong>entrenadores impartiendo clases con indumentaria corporativa<\/strong> y ocupaci\u00f3n reiterada de franjas horarias especialmente demandadas. Este uso \u2014que encaja claramente en el concepto de actividad docente organizada\u2014 contraviene el BOC de 31\/12\/2019, que establece que <strong>las clases particulares solo pueden ser impartidas por monitores adscritos al IMD<\/strong>. Pese a ello, y pese a denunciarse, lejos de corregirse, la situaci\u00f3n se ha agravado.<\/p>\n<p style=\"text-align: justify;\"><strong>CARTA A LOS CLUBES<\/strong><\/p>\n<p><a target=\"_blank\" href=\"https:\/\/eldiariocantabria.publico.es\/ads\/20241029145309165687\" rel=\"nofollow noopener\"> <img decoding=\"async\" src=\"https:\/\/www.europesays.com\/es\/wp-content\/uploads\/2025\/07\/2025030323000081200.gif\" alt=\"Publicidad 165687\" width=\"728\" height=\"90\" loading=\"lazy\"  \/> <\/a><\/p>\n<p style=\"text-align: justify;\">La decisi\u00f3n de los responsables del IMD de enviar una carta a los clubes ofreciendo pistas para impartir clases de 14:00 a 16:00 horas no solo no ataja el problema, sino que <strong>intentan legitimarlo abriendo la puerta a pr\u00e1cticas que la normativa proh\u00edbe<\/strong>. No es una soluci\u00f3n: es una forma de dar cobertura administrativa a un uso irregular. Resulta inquietante que, ante denuncias claras y persistentes, las medidas se limiten a comunicaciones formales que eluden la ra\u00edz del conflicto.<\/p>\n<p style=\"text-align: justify;\">Actualmente el IMD dispone de cuatro pistas cubiertas, por lo que a todo lo anterior debemos sumar <strong>la \u2018pol\u00e9mica\u2019 reserva casi permanente de la pista n\u00ba 2 para un profesor particular<\/strong>, que llevar\u00eda a\u00f1os disfrutando de un acceso preferente sin justificaci\u00f3n legal. Este tipo de trato privilegiado <strong>supone transformar espacio p\u00fablico en recurso privativo<\/strong>, lesionando la igualdad de acceso y reproduciendo pr\u00e1cticas que los usuarios no dudan en calificar de \u201ccaciquismo\u201d, por convertir instalaciones sufragadas con dinero p\u00fablico en extensiones de un club privado con fuerte peso social.<\/p>\n<p style=\"text-align: justify;\"><strong>TRATO DISCRIMINATORIO<\/strong><\/p>\n<p style=\"text-align: justify;\">La situaci\u00f3n se tensiona a\u00fan m\u00e1s con las denuncias sobre el<strong> trato discriminatorio por empadronamiento, aplicando cuotas distintas<\/strong> por el mismo servicio. Aunque este fen\u00f3meno se ha dado en otros municipios, ha tenido que corregirse<strong> por contravenir el art\u00edculo 14 de la Constituci\u00f3n<\/strong>. Si el complejo aplica tarifas diferenciadas que no pueden justificarse legalmente, estar\u00edamos ante un nuevo indicio de mala gesti\u00f3n y discriminaci\u00f3n institucionalizada.<\/p>\n<p style=\"text-align: justify;\">En conjunto, estos hechos dibujan un escenario preocupante: <strong>falta de control administrativo, incumplimiento de normativa deportiva, privilegios opacos y ausencia de medidas correctoras<\/strong> pese a m\u00faltiples advertencias. No se trata solo de pistas de tenis; se trata del respeto a lo p\u00fablico, de la transparencia en la gesti\u00f3n municipal y del derecho de los ciudadanos a acceder a servicios en condiciones de igualdad.<\/p>\n","protected":false},"excerpt":{"rendered":"La situaci\u00f3n que atraviesan las pistas de tenis del Complejo Municipal Ruth Beitia pone de manifiesto una preocupante&hellip;\n","protected":false},"author":2,"featured_media":257894,"comment_status":"","ping_status":"","sticky":false,"template":"","format":"standard","meta":{"footnotes":""},"categories":[274],"tags":[40884,64696,2771,11585,2811,3114,168,7963,5746,25,24,1998,64697,27932,2209,15316,62698,964,23,167,327,326,4220,27323],"class_list":{"0":"post-257893","1":"post","2":"type-post","3":"status-publish","4":"format-standard","5":"has-post-thumbnail","7":"category-tenis","8":"tag-administrativo","9":"tag-beitia","10":"tag-cantabria","11":"tag-complejo","12":"tag-control","13":"tag-denuncian","14":"tag-deportes","15":"tag-deportiva","16":"tag-eldiariocantabria","17":"tag-es","18":"tag-espana","19":"tag-falta","20":"tag-incumplimiento","21":"tag-irregular","22":"tag-normativa","23":"tag-pistas","24":"tag-ruth","25":"tag-santander","26":"tag-spain","27":"tag-sports","28":"tag-tenis","29":"tag-tennis","30":"tag-uso","31":"tag-usuarios"},"share_on_mastodon":{"url":"https:\/\/pubeurope.com\/@es\/115619601847074908","error":""},"_links":{"self":[{"href":"https:\/\/www.europesays.com\/es\/wp-json\/wp\/v2\/posts\/257893","targetHints":{"allow":["GET"]}}],"collection":[{"href":"https:\/\/www.europesays.com\/es\/wp-json\/wp\/v2\/posts"}],"about":[{"href":"https:\/\/www.europesays.com\/es\/wp-json\/wp\/v2\/types\/post"}],"author":[{"embeddable":true,"href":"https:\/\/www.europesays.com\/es\/wp-json\/wp\/v2\/users\/2"}],"replies":[{"embeddable":true,"href":"https:\/\/www.europesays.com\/es\/wp-json\/wp\/v2\/comments?post=257893"}],"version-history":[{"count":0,"href":"https:\/\/www.europesays.com\/es\/wp-json\/wp\/v2\/posts\/257893\/revisions"}],"wp:featuredmedia":[{"embeddable":true,"href":"https:\/\/www.europesays.com\/es\/wp-json\/wp\/v2\/media\/257894"}],"wp:attachment":[{"href":"https:\/\/www.europesays.com\/es\/wp-json\/wp\/v2\/media?parent=257893"}],"wp:term":[{"taxonomy":"category","embeddable":true,"href":"https:\/\/www.europesays.com\/es\/wp-json\/wp\/v2\/categories?post=257893"},{"taxonomy":"post_tag","embeddable":true,"href":"https:\/\/www.europesays.com\/es\/wp-json\/wp\/v2\/tags?post=257893"}],"curies":[{"name":"wp","href":"https:\/\/api.w.org\/{rel}","templated":true}]}}