{"id":257921,"date":"2025-11-27T04:11:12","date_gmt":"2025-11-27T04:11:12","guid":{"rendered":"https:\/\/www.europesays.com\/es\/257921\/"},"modified":"2025-11-27T04:11:12","modified_gmt":"2025-11-27T04:11:12","slug":"hasta-que-xabi-alonso-no-eche-a-cuatro","status":"publish","type":"post","link":"https:\/\/www.europesays.com\/es\/257921\/","title":{"rendered":"Hasta que Xabi Alonso no eche a cuatro&#8230;"},"content":{"rendered":"<p class=\"ft-text\">El mi\u00e9rcoles ha sido el turno para la <strong>segunda noche europea de la semana en la Champions League<\/strong> y el turno del <strong>Real Madrid<\/strong>, que disputa la quinta jornada en el campo del Olimpiacos de Jos\u00e9 Luis Mendilibar.<\/p>\n<p class=\"ft-text\">Se trata de una <strong>noche clave para el futuro del equipo y del entrenador<\/strong>, quien ya tiene la espada de Damocles sobre su cabeza tras tres encuentros sin conocer la victoria, y parece que puede salirle cara esta vez.<\/p>\n<p class=\"ft-text\">Para ahondar todav\u00eda m\u00e1s si cabe en el infierno blanco en el que se encuentran los jugadores blancos, el partido ha arrancado con un gol tempranero del conjunto griego aunque poco despu\u00e9s ha respondido <strong>Kylian Mbapp\u00e9 con un &#8216;hat-trick&#8217; en los primeros 30 minutos<\/strong>. Hace unas semanas Olimpiacos se enfrent\u00f3 al Bar\u00e7a de Flick y perdi\u00f3 en Montju\u00efc por 6 a 1.<\/p>\n<p class=\"ft-text\">Desde los medios de la capital espa\u00f1ola, ya hace d\u00edas que <strong>se cuestiona el esquema de Xabi<\/strong> y una derrota en Champions podr\u00eda haber sido definitiva, seg\u00fan apuntan algunos.<\/p>\n<p class=\"ft-text\">Ahora, desde el seguimiento del partido en &#8216;<strong>El Chiringuito<\/strong>&#8216;, han sido algunos de los habituales defensores de la plantilla blanca los que han fijado la atenci\u00f3n en el saber hacer del entrenador vasco.<\/p>\n<p class=\"ft-text\">\u00ab<strong>Los jugadores del Madrid no creen en Xabi Alonso, por lo tanto han dejado de correr<\/strong>\u00ab, apuntaba <strong>Edu Aguirre<\/strong> en relaci\u00f3n con la autoridad en el vestuario, un tema que ya sali\u00f3 a la palestra con el pulso que le lanz\u00f3 Vin\u00edcius con sus gestos al ser sustituido en El Cl\u00e1sico.<\/p>\n<p class=\"ft-text\">Por eso, el amigo de Cristiano Ronaldo comentaba que \u00ab<strong>para tener jugadores que no corra y que el equipo se rompa, Xabi mete 4-4-2<\/strong>\u00ab. Adem\u00e1s, se quejaba de algo que resuena en la capital: \u00ab<strong>En el Madrid mandan los jugadores. Hasta que Xabi Alonso no eche a cuatro&#8230;<\/strong>\u00ab, pon\u00eda sobre la mesa Aguirre.<\/p>\n<p class=\"ft-text\">Por su lado, Josep Pedrerol se sumaba a la cr\u00edtica: \u00ab<strong>A Xabi le trajeron para que corran. Conclusi\u00f3n, sigue igual todo<\/strong>\u00ab, apuntaba. El \u00faltimo en sumarse al aluvi\u00f3n era el barcelonista Jota Jordi, que indicaba que le parece \u00ab<strong>grav\u00edsimo que el entrenador tenga que hacer la alineaci\u00f3n en funci\u00f3n de los que corran<\/strong>\u00bb y se preguntaba, \u00ab<strong>\u00bfD\u00f3nde est\u00e1 la mano dura de Xabi Alonso?<\/strong>\u00ab.<\/p>\n","protected":false},"excerpt":{"rendered":"El mi\u00e9rcoles ha sido el turno para la segunda noche europea de la semana en la Champions League&hellip;\n","protected":false},"author":2,"featured_media":257922,"comment_status":"","ping_status":"","sticky":false,"template":"","format":"standard","meta":{"footnotes":""},"categories":[268],"tags":[10163,2977,168,12597,25,24,280,282,8040,205,798,281,23,167,10344],"class_list":{"0":"post-257921","1":"post","2":"type-post","3":"status-publish","4":"format-standard","5":"has-post-thumbnail","7":"category-futbol","8":"tag-aguirre","9":"tag-aviso","10":"tag-deportes","11":"tag-edu","12":"tag-es","13":"tag-espana","14":"tag-football","15":"tag-futbol","16":"tag-kylian-mbappe","17":"tag-madrid","18":"tag-real","19":"tag-soccer","20":"tag-spain","21":"tag-sports","22":"tag-xabi-alonso"},"share_on_mastodon":{"url":"https:\/\/pubeurope.com\/@es\/115619711152363116","error":""},"_links":{"self":[{"href":"https:\/\/www.europesays.com\/es\/wp-json\/wp\/v2\/posts\/257921","targetHints":{"allow":["GET"]}}],"collection":[{"href":"https:\/\/www.europesays.com\/es\/wp-json\/wp\/v2\/posts"}],"about":[{"href":"https:\/\/www.europesays.com\/es\/wp-json\/wp\/v2\/types\/post"}],"author":[{"embeddable":true,"href":"https:\/\/www.europesays.com\/es\/wp-json\/wp\/v2\/users\/2"}],"replies":[{"embeddable":true,"href":"https:\/\/www.europesays.com\/es\/wp-json\/wp\/v2\/comments?post=257921"}],"version-history":[{"count":0,"href":"https:\/\/www.europesays.com\/es\/wp-json\/wp\/v2\/posts\/257921\/revisions"}],"wp:featuredmedia":[{"embeddable":true,"href":"https:\/\/www.europesays.com\/es\/wp-json\/wp\/v2\/media\/257922"}],"wp:attachment":[{"href":"https:\/\/www.europesays.com\/es\/wp-json\/wp\/v2\/media?parent=257921"}],"wp:term":[{"taxonomy":"category","embeddable":true,"href":"https:\/\/www.europesays.com\/es\/wp-json\/wp\/v2\/categories?post=257921"},{"taxonomy":"post_tag","embeddable":true,"href":"https:\/\/www.europesays.com\/es\/wp-json\/wp\/v2\/tags?post=257921"}],"curies":[{"name":"wp","href":"https:\/\/api.w.org\/{rel}","templated":true}]}}