{"id":257949,"date":"2025-11-27T04:45:15","date_gmt":"2025-11-27T04:45:15","guid":{"rendered":"https:\/\/www.europesays.com\/es\/257949\/"},"modified":"2025-11-27T04:45:15","modified_gmt":"2025-11-27T04:45:15","slug":"antonio-el-bailarin-sexo-genialidad-y-una-entrevista-prohibida-cultura","status":"publish","type":"post","link":"https:\/\/www.europesays.com\/es\/257949\/","title":{"rendered":"Antonio \u2018El Bailar\u00edn\u2019: sexo, genialidad y una entrevista prohibida | Cultura"},"content":{"rendered":"<p class=\"\">Se activa el bot\u00f3n del play y la voz de Antonio El Bailar\u00edn suena ya gastada, aunque lleva hilvanado en cada palabra el orgullo propio del genio de la danza que no necesit\u00f3 apellidos para alcanzar la gloria. \u201cLa retirada de mi carrera profesional se produjo en la ciudad de Sapporo, en Jap\u00f3n, en el 1978\u201d, se le aprecia decir entre el sonido granuloso de una vieja cinta de casete. Son <a href=\"https:\/\/elpais.com\/noticias\/anos-80\/\" target=\"_self\" rel=\"nofollow noopener\" title=\"https:\/\/elpais.com\/noticias\/anos-80\/\">los a\u00f1os ochenta del siglo XX<\/a> y es a partir de ah\u00ed cuando el artista irrepetible decae y emerge el personaje de escandalosa vida social, carne de los primeros programas sensacionalistas de una televisi\u00f3n en blanco y negro que se sent\u00eda atra\u00edda por la incipiente jet set marbell\u00ed y la futilidad de la vida aristocr\u00e1tica espa\u00f1ola. <\/p>\n<p>M\u00e1s informaci\u00f3n<\/p>\n<p class=\"\">Es precisamente en su casa de la Costa del Sol, bautizada Martinete, donde Antonio, que lo hab\u00eda sido todo en las artes esc\u00e9nicas y el cine entre los a\u00f1os cuarenta y setenta del siglo pasado, concede ya retirado una larga entrevista a un periodista, Santi Arriazu, que supuso el ocaso final de un mito. \u201cLa gesti\u00f3n que hizo de los \u00faltimos a\u00f1os de su vida fue inversamente proporcional a la precisi\u00f3n con la que hab\u00eda llevado su carrera profesional. Cuando se apagaron las luces del escenario, se encendieron los focos de los plat\u00f3s\u201d. Lo explica <a href=\"https:\/\/www.instagram.com\/pacoortizpl\/\" target=\"_self\" rel=\"nofollow noopener\" title=\"https:\/\/www.instagram.com\/pacoortizpl\/\">el cineasta Paco Ortiz<\/a>, director del documental Antonio, el bailar\u00edn de Espa\u00f1a, que se estrena este jueves en Sevilla, ciudad natal del artista. <\/p>\n<p class=\"\">La pel\u00edcula, que recorre la asombrosa biograf\u00eda de Antonio Ruiz Soler, est\u00e1 atravesada por la propia voz del genio de la danza en las grabaciones de esta entrevista que el periodista Santi Arriazu le realiz\u00f3 entre 1983 y 1984 para una conocida revista del coraz\u00f3n y que, ante el esc\u00e1ndalo de sus declaraciones, lleg\u00f3 a ser secuestrada judicialmente a ra\u00edz de una denuncia de la Casa de Alba. \u201cSolo amar\u00eda, am\u00e9 y amar\u00e9 a una persona, que ha sido Cayetana. Y he vivido con ella uno de los m\u00e1s bonitos, largos, emocionantes y fruct\u00edferos idilios que una persona puede vivir\u201d, sentencia Antonio en un momento de la grabaci\u00f3n en referencia a <a href=\"https:\/\/elpais.com\/politica\/2014\/11\/19\/actualidad\/1416392625_262217.html\" target=\"_self\" rel=\"nofollow noopener\" title=\"https:\/\/elpais.com\/politica\/2014\/11\/19\/actualidad\/1416392625_262217.html\">la duquesa de Alba<\/a>, que fue la mecha que encendi\u00f3 la pol\u00e9mica de la que habl\u00f3 durante meses el pa\u00eds entero. <\/p>\n<p><img decoding=\"auto\" class=\"_re lazyload a_m-v\" height=\"624\"  width=\"414\"  src=\"https:\/\/www.europesays.com\/es\/wp-content\/uploads\/2025\/11\/BIUVLSG36BCQZCZKHCDZABOQ5Y.tif\" loading=\"lazy\"\/>Antonio Ruiz Soler durante una actuaci\u00f3n.Sarao Films SL<\/p>\n<p class=\"\">Una vez sorteados los escollos con la justicia, estas entrevistas se publicaron en un libro biogr\u00e1fico firmado por el propio periodista, pero nunca hab\u00edan sido recuperadas las grabaciones realizadas en m\u00e1s de una docena de cintas de casete que el cineasta Paco Ortiz \u201cdaba por perdidas\u201d. \u201cLa sorpresa fue cuando, tras muchas pesquisas, localizo a Santi Arriazu y me dice que las conserva y que vive en una zona de la costa de <a href=\"https:\/\/elpais.com\/noticias\/huelva\/\" target=\"_self\" rel=\"nofollow noopener\" title=\"https:\/\/elpais.com\/noticias\/huelva\/\">Huelva<\/a> muy cercana a nuestro propio entorno de trabajo\u201d. Esta joya sonora in\u00e9dita se convierte entonces en el hilo argumental de la pel\u00edcula, la historia de Antonio contada por Antonio, en un trabajo audiovisual que pretende poner en valor a una figura \u201cque no ha vuelto a existir, ni tampoco existi\u00f3 antes\u201d en la proyecci\u00f3n de la danza espa\u00f1ola en el mundo. \u201cAntonio ser\u00eda algo as\u00ed como la <a href=\"https:\/\/elpais.com\/noticias\/rosalia-vila\/\" target=\"_self\" rel=\"nofollow noopener\" title=\"https:\/\/elpais.com\/noticias\/rosalia-vila\/\">Rosal\u00eda<\/a> de hoy; el fen\u00f3meno mundial que arriesga y triunfa siempre. Cambia de registro y vuelve a triunfar\u201d, sostiene Ortiz. <\/p>\n<p><img decoding=\"auto\" class=\"_re lazyload a_m-h\" height=\"267\"  width=\"414\"  src=\"https:\/\/www.europesays.com\/es\/wp-content\/uploads\/2025\/11\/SJW6MVA3TRFGRJC4ZDM4CMWXPU.tif\" loading=\"lazy\"\/>Antonio El Bailar\u00edn (izquierda) y Cayetana Fitz-James Stuart y Silva, conocida como la duquesa de Alba.Sarao Films SL<\/p>\n<p class=\"\">Sin embargo, y a pesar de sus enormes aportaciones a la danza espa\u00f1ola \u2014fue el creador del martinete, un palo flamenco reservado hasta entonces solo al cante; es el autor del c\u00e9lebre zapateado de Sarasate, incorpor\u00f3 las tachuelas que hab\u00eda conocido en <a href=\"https:\/\/elpais.com\/noticias\/broadway\/\" target=\"_self\" rel=\"nofollow noopener\" title=\"https:\/\/elpais.com\/noticias\/broadway\/\">Broadway<\/a> al zapato flamenco para enfatizar el taconeo\u2026\u2014, acab\u00f3 maltratado en la \u00e9poca final de su vida: \u201cHa sido una figura frivolizada a partir de los a\u00f1os setenta por su ambig\u00fcedad sexual, por sus relaciones con la aristocracia espa\u00f1ola y por las \u00e9lites mundiales, y no ha pasado a la historia como el grand\u00edsimo artista que fue\u201d. Lo asegura la catedr\u00e1tica de antropolog\u00eda social de la <a href=\"https:\/\/www.us.es\/\" target=\"_self\" rel=\"nofollow noopener\" title=\"https:\/\/www.us.es\/\">Universidad de Sevilla<\/a>, Cristina Cruces, en un momento del filme. \u201cEs mucho lo que debemos a este bailar\u00edn, bailaor, core\u00f3grafo, empresario, artista y creador que elev\u00f3 el nivel de la danza en nuestro pa\u00eds. Fue \u00e9l quien dio el impulso para la existencia de un Ballet Nacional, el que dise\u00f1\u00f3 inolvidables coreograf\u00edas a\u00fan vigentes por su gran calidad, y sobre todo, el abanderado del reconocimiento del flamenco y la danza espa\u00f1ola de manera internacional\u201d, a\u00f1ade. <\/p>\n<p class=\"\">Otra cancelaci\u00f3n de este artista \u00fanico que planea por el documental pudo venir por su etiqueta de artista del franquismo, algo que niegan categ\u00f3ricamente todas las voces participantes en el documental. Cruces, de hecho, pone como ejemplo su gira por la antigua Uni\u00f3n Sovi\u00e9tica, que realiz\u00f3 <a href=\"https:\/\/elpais.com\/cultura\/2021-12-03\/artistas-espanoles-frente-a-franco-el-largo-viaje-desde-el-falangismo-hasta-la-oposicion.html\" target=\"_self\" rel=\"nofollow noopener\" title=\"https:\/\/elpais.com\/cultura\/2021-12-03\/artistas-espanoles-frente-a-franco-el-largo-viaje-desde-el-falangismo-hasta-la-oposicion.html\">contraviniendo \u00f3rdenes del R\u00e9gimen<\/a>, puesto que no hab\u00eda relaciones diplom\u00e1ticas con aquel pa\u00eds. \u201cAntonio hizo toda su vida b\u00e1sicamente lo que le dio la gana\u201d, asegura la catedr\u00e1tica. <\/p>\n<p><img decoding=\"auto\" class=\"_re lazyload a_m-v\" height=\"624\"  width=\"414\"  src=\"https:\/\/www.europesays.com\/es\/wp-content\/uploads\/2025\/11\/NS6KULEZ4FCGZDCJGBIFKSIAXU.tif\" loading=\"lazy\"\/>Antonio &#8216;El Bailar\u00edn&#8217; frente a la Catedral de San Basilio (Mosc\u00fa).Sarao Films SL<\/p>\n<p class=\"\">Eran a\u00fan los a\u00f1os de gloria de un artista nacido de la calle, del que se conserva una primera grabaci\u00f3n con ocho a\u00f1os en la que aparece bailando en los Reales Alc\u00e1zares de Sevilla delante del rey Alfonso XIII y la reina Victoria Eugenia con motivo de la Exposici\u00f3n Iberoamericana de 1929. Con 16, ya hizo las Am\u00e9ricas por primera vez, y empez\u00f3 a conquistar escenarios de medio mundo. Este documental retrata \u201ca quien mejor\u00f3 la cara internacional de un pa\u00eds que mayormente proyectaba dictadura\u201d, asegura su director: actu\u00f3 en pel\u00edculas de Hollywood, tuvo a <a href=\"https:\/\/elpais.com\/noticias\/charles-chaplin\/\" target=\"_self\" rel=\"nofollow noopener\" title=\"https:\/\/elpais.com\/noticias\/charles-chaplin\/\">Charles Chaplin<\/a>, <a href=\"https:\/\/elpais.com\/noticias\/ava-gardner\/\" target=\"_self\" rel=\"nofollow noopener\" title=\"https:\/\/elpais.com\/noticias\/ava-gardner\/\">Ava Gardner<\/a>, <a href=\"https:\/\/elpais.com\/noticias\/maria-callas\/\" target=\"_self\" rel=\"nofollow noopener\" title=\"https:\/\/elpais.com\/noticias\/maria-callas\/\">Maria Callas<\/a> y el propio <a href=\"https:\/\/elpais.com\/noticias\/mijail-baryshnikov\/\" target=\"_self\" rel=\"nofollow noopener\" title=\"https:\/\/elpais.com\/noticias\/mijail-baryshnikov\/\">Mija\u00edl Bar\u00fdshnikov<\/a> entre sus fans, impuls\u00f3 y dirigi\u00f3 el primer Ballet Nacional de Espa\u00f1a. Aunque lo despidieron argumentando su car\u00e1cter problem\u00e1tico. \u201cCuando has sido el \u00fanico artista que ha visitado los grandes escenarios del mundo, te han invitado a la Scala de Mil\u00e1n, has triunfado en Par\u00eds y has tenido al propio Picasso rendido ante ti, la gesti\u00f3n de eso debe ser muy complicada; sobre todo si no tienes al lado a nadie que te diga: baja a la tierra, eres mortal\u201d, reflexiona durante el documental la periodista y veterana cr\u00edtica de danza Marta Carrasco. <\/p>\n<p class=\"\">La vida de Antonio es propia de una ficci\u00f3n, nacimiento, \u00e9xito, vida en la cumbre y ocaso final hasta el olvido actual. \u201cEn Espa\u00f1a no tenemos memoria para nuestros grandes nombres. Olvidamos claramente a quienes han construido el arte. Y Antonio es una figura a reclamar, una figura que deber\u00eda representarnos a todos\u201d. <\/p>\n<p><script async src=\"\/\/www.instagram.com\/embed.js\"><\/script><\/p>\n","protected":false},"excerpt":{"rendered":"Se activa el bot\u00f3n del play y la voz de Antonio El Bailar\u00edn suena ya gastada, aunque lleva&hellip;\n","protected":false},"author":2,"featured_media":257950,"comment_status":"","ping_status":"","sticky":false,"template":"","format":"standard","meta":{"footnotes":""},"categories":[91],"tags":[505,41591,58567,209,13776,6084,146,147,25,24,1470,1171,23],"class_list":{"0":"post-257949","1":"post","2":"type-post","3":"status-publish","4":"format-standard","5":"has-post-thumbnail","7":"category-entretenimiento","8":"tag-artistas","9":"tag-bailarines","10":"tag-cantaores","11":"tag-cultura","12":"tag-danza","13":"tag-documental","14":"tag-entertainment","15":"tag-entretenimiento","16":"tag-es","17":"tag-espana","18":"tag-franquismo","19":"tag-sevilla","20":"tag-spain"},"share_on_mastodon":{"url":"https:\/\/pubeurope.com\/@es\/115619845287700547","error":""},"_links":{"self":[{"href":"https:\/\/www.europesays.com\/es\/wp-json\/wp\/v2\/posts\/257949","targetHints":{"allow":["GET"]}}],"collection":[{"href":"https:\/\/www.europesays.com\/es\/wp-json\/wp\/v2\/posts"}],"about":[{"href":"https:\/\/www.europesays.com\/es\/wp-json\/wp\/v2\/types\/post"}],"author":[{"embeddable":true,"href":"https:\/\/www.europesays.com\/es\/wp-json\/wp\/v2\/users\/2"}],"replies":[{"embeddable":true,"href":"https:\/\/www.europesays.com\/es\/wp-json\/wp\/v2\/comments?post=257949"}],"version-history":[{"count":0,"href":"https:\/\/www.europesays.com\/es\/wp-json\/wp\/v2\/posts\/257949\/revisions"}],"wp:featuredmedia":[{"embeddable":true,"href":"https:\/\/www.europesays.com\/es\/wp-json\/wp\/v2\/media\/257950"}],"wp:attachment":[{"href":"https:\/\/www.europesays.com\/es\/wp-json\/wp\/v2\/media?parent=257949"}],"wp:term":[{"taxonomy":"category","embeddable":true,"href":"https:\/\/www.europesays.com\/es\/wp-json\/wp\/v2\/categories?post=257949"},{"taxonomy":"post_tag","embeddable":true,"href":"https:\/\/www.europesays.com\/es\/wp-json\/wp\/v2\/tags?post=257949"}],"curies":[{"name":"wp","href":"https:\/\/api.w.org\/{rel}","templated":true}]}}