{"id":257961,"date":"2025-11-27T05:03:10","date_gmt":"2025-11-27T05:03:10","guid":{"rendered":"https:\/\/www.europesays.com\/es\/257961\/"},"modified":"2025-11-27T05:03:10","modified_gmt":"2025-11-27T05:03:10","slug":"el-palmer-basket-se-refuerza-con-josh-roberts","status":"publish","type":"post","link":"https:\/\/www.europesays.com\/es\/257961\/","title":{"rendered":"El Palmer Basket se refuerza con Josh Roberts"},"content":{"rendered":"<p>El <strong>Palmer Basket se sigue reforzando<\/strong>. Despu\u00e9s del anuncio de la salida de Tray Hollowell este pasado martes, el <strong>club presidido por Vicen\u00e7 Palmer incorpora al ala-p\u00edvot Josh Roberts. El jugador estadounidense de 26 a\u00f1os y 2.06 metros<\/strong> de altura llega al club despu\u00e9s de vestir la camiseta del Merkezefendi de la primera divisi\u00f3n turca en la que ha promediado 2,7 puntos y 2,3 capturas en este inicio de campa\u00f1a 2025\/26.<\/p>\n<p>En la temporada pasada, <strong>Roberts milit\u00f3 en el Aris BC de la m\u00e1xima categor\u00eda en Grecia<\/strong> y se march\u00f3 hasta los 5,9 puntos y 5,3 rebotes en m\u00e1s de 18 minutos de intervenci\u00f3n por duelo. En las eliminatorias, el jugador no disminuy\u00f3 su productividad y convirti\u00f3 5 puntos y se adue\u00f1\u00f3 de 5,8 rebotes. Tambi\u00e9n particip\u00f3 en la Eurocup aportando 6,3 puntos y 5,2 capturas en los seis envites que jug\u00f3.<\/p>\n<p>Antes de dar el salto a Europa, <strong>el norteamericano complet\u00f3 su formaci\u00f3n en los St. John&#8217;s Red Storm de la Divisi\u00f3n I en la NCAA<\/strong> durante tres cursos y finaliz\u00f3 su etapa universitaria en las filas de los <strong>Manhattan Jaspers<\/strong>. Posteriormente pas\u00f3 por el Cairns Taipans del campeonato australiano y por el Hawke&#8217;s Bay Hawks de Nueva Zelanda.<\/p>\n<p>Ahora llega a un <strong>Palmer Basket muy necesitado de victorias<\/strong> (son colistas de <a href=\"https:\/\/www.ultimahora.es\/etiqueta\/Primera+FEB.html?utm_source=Inline-tag&amp;utm_medium=internal\" rel=\"nofollow noopener\" target=\"_blank\">Primera FEB<\/a> con una victoria y siete derrotas) y con un objetivo claro, <strong>asociarse y entenderse con Danny Agbelese para reforzar el juego y fuerza interior que le falta al equipo.<\/strong><\/p>\n","protected":false},"excerpt":{"rendered":"El Palmer Basket se sigue reforzando. Despu\u00e9s del anuncio de la salida de Tray Hollowell este pasado martes,&hellip;\n","protected":false},"author":2,"featured_media":257962,"comment_status":"","ping_status":"","sticky":false,"template":"","format":"standard","meta":{"footnotes":""},"categories":[269],"tags":[299,298,168,25,24,301,832,833,830,831,829,3917,23,167],"class_list":{"0":"post-257961","1":"post","2":"type-post","3":"status-publish","4":"format-standard","5":"has-post-thumbnail","7":"category-baloncesto","8":"tag-baloncesto","9":"tag-basketball","10":"tag-deportes","11":"tag-es","12":"tag-espana","13":"tag-eurobasket","14":"tag-eurocup","15":"tag-euroliga","16":"tag-leb-oro","17":"tag-liga-acb","18":"tag-palmer-basket-mallorca","19":"tag-primera-feb","20":"tag-spain","21":"tag-sports"},"share_on_mastodon":{"url":"https:\/\/pubeurope.com\/@es\/115619915683932897","error":""},"_links":{"self":[{"href":"https:\/\/www.europesays.com\/es\/wp-json\/wp\/v2\/posts\/257961","targetHints":{"allow":["GET"]}}],"collection":[{"href":"https:\/\/www.europesays.com\/es\/wp-json\/wp\/v2\/posts"}],"about":[{"href":"https:\/\/www.europesays.com\/es\/wp-json\/wp\/v2\/types\/post"}],"author":[{"embeddable":true,"href":"https:\/\/www.europesays.com\/es\/wp-json\/wp\/v2\/users\/2"}],"replies":[{"embeddable":true,"href":"https:\/\/www.europesays.com\/es\/wp-json\/wp\/v2\/comments?post=257961"}],"version-history":[{"count":0,"href":"https:\/\/www.europesays.com\/es\/wp-json\/wp\/v2\/posts\/257961\/revisions"}],"wp:featuredmedia":[{"embeddable":true,"href":"https:\/\/www.europesays.com\/es\/wp-json\/wp\/v2\/media\/257962"}],"wp:attachment":[{"href":"https:\/\/www.europesays.com\/es\/wp-json\/wp\/v2\/media?parent=257961"}],"wp:term":[{"taxonomy":"category","embeddable":true,"href":"https:\/\/www.europesays.com\/es\/wp-json\/wp\/v2\/categories?post=257961"},{"taxonomy":"post_tag","embeddable":true,"href":"https:\/\/www.europesays.com\/es\/wp-json\/wp\/v2\/tags?post=257961"}],"curies":[{"name":"wp","href":"https:\/\/api.w.org\/{rel}","templated":true}]}}