{"id":257999,"date":"2025-11-27T05:45:07","date_gmt":"2025-11-27T05:45:07","guid":{"rendered":"https:\/\/www.europesays.com\/es\/257999\/"},"modified":"2025-11-27T05:45:07","modified_gmt":"2025-11-27T05:45:07","slug":"llorca-opta-a-relevar-a-mazon-en-la-generalitat-valenciana-con-un-discurso-duro-que-amarre-los-votos-de-vox-el-pais","status":"publish","type":"post","link":"https:\/\/www.europesays.com\/es\/257999\/","title":{"rendered":"Llorca opta a relevar a Maz\u00f3n en la Generalitat Valenciana con un discurso duro que amarre los votos de Vox &#8211; EL PA\u00cdS"},"content":{"rendered":"<ol>\n<li><a href=\"https:\/\/news.google.com\/rss\/articles\/CBMi_wFBVV95cUxQR0tsRjdqcGJ0Q2pqODR1MUFkcC1MQS1oa1poUUhxeXZhNjRxMEVKcHFPU3NxOS1RcUhTVzQwdjhnVHlxZjg3Y1dpQkxMNmRqSUxKMHlESHNHRTVIZDc5YmdZVlI3WWxyLVd1dE9pbmRSSzVnU0E1bVpGRTdtY0tPSW5HclFxcERqdlJDTEtQWWl1OTkweXRxTTlfaDNHN1VURTUzWnJDR0tpWkNLRGkxSElhdUYtZWtCQWJZVml3d3JDSXZ5azFMcmFvS0J4UVVacC11dGpCWWtRazFrYzBGV0lfYlpUUFRPMW9pcThEcmF1YjJ4ZGxSaXlSelYwaEnSAZMCQVVfeXFMTmNoWFJzb2lZSGZnVVVUT1d3MmgzRl93Wmh3OTNZM2VsdWNJdEFEYTg1WTFSWEFBd3ZVOWRuUVFIZFROZmdWSGZxZWRfbThfaHNjNWhmWWFlM2VHcEYzRWROeFgtemZodDRqZTRHVkdYWG9iZnZKSnk2Wk9PZm05NzVScUZWbC0xanNwSXNHLWpxaFhXbHZtSTlVYmlrLWozNGV5b0xWUTNheldrY01Xd2huSXYyYThsX0JtMENVNk1uVnhUSVc0WEU0c2U0eGQzMzNVeTJEN19WSVgwdW1peEJuMzk1UnljLVNkWTB5OFdCbU5iMVpad2stWjF0cnVHdVlHSDkwVEk0OGhvZkxBei0xOEE?oc=5\" target=\"_blank\" rel=\"nofollow noopener\">Llorca opta a relevar a Maz\u00f3n en la Generalitat Valenciana con un discurso duro que amarre los votos de Vox<\/a>&nbsp;&nbsp;EL PA\u00cdS<\/li>\n<li><a href=\"https:\/\/news.google.com\/rss\/articles\/CBMiekFVX3lxTFBfNzQ3dkNWakZwM1FKMVpLZHRGNEF0NUxzbmUyWG13WFU1a092QzdhNWhIb1o3RnBnMWFJWkpTMVp1MTc1b2QwckdDbm91amd0b3FaV1VrMXdCOFF3YS1LaUhDcVdsRVRqd09BM3ZyMWx2SUNKOXN4OE9B0gF6QVVfeXFMT2NNT2VnOXJHRWJEcmg5SDdMajJsSm9ZN2VnMWxiN2tKZ2RhZ2dzVGFJeHZ6RGdZOTZsWGhkMk5LWm8wSVlqdENjeE5uN3ZVZmNFaTJvR19ReUlkSnVMdUZWWVNRb1F1S0g3ZHZ2dVFJNTlUYmdCQWVSRlE?oc=5\" target=\"_blank\" rel=\"nofollow noopener\">La c\u00fapula nacional del PP no asistir\u00e1 al pleno de investidura de P\u00e9rez Llorca, pero G\u00e9nova conoce y aprueba el \u00absentido\u00bb de su discurso<\/a>&nbsp;&nbsp;El Mundo<\/li>\n<li><a href=\"https:\/\/news.google.com\/rss\/articles\/CBMizwFBVV95cUxQbkdCUTJaWjhxRzY5b3FQVlVyay1qRy1jb2ljTlFDTmh4Z05MUWx6eGxNNVFIZm9NbGxieFZ5Q01sZzAzMmMwZ09TLU5hV29yVjZKVm5FUjJEQjFXM0dvdE92UVZvVUNTa2VObHpDcGNkQnlmeXpCZC1mQlZGNkZIcHR6bVlrOGVqZnRyZjNlQ2htUFRmYVpUNVdzcjRXRHpmR0Npcmg4M1N1NWtFREdKRkpiajFrQ1QzbFVkM0FPMXpPUDQtNEZBUVA0SVhxd2vSAdQBQVVfeXFMTk1HUzdfalhBR3V4dVlOWHdLOXpHUGRMdk5XNDVWSDhYVW1rOHpUeFhSSnhwbE1ObW1RN085UjFjWWVSaUFPeS0xb01RQUlEZlRqSWxhYjUxTDhsZ3pOVkRBdVAxeC1mMXNzeUhuZHZXaGNIU2xNaG0yTkV1SlRMel9wY1JNRk54ck9HMndKS0FoOXcxMk96N05PTk84WlluOXFtMWhEeWxOMkdsaFJWeFJpWkd0Y3pyY21JRE9rbzhKTThRU3hXdVdWYkF6WFBXQ1pfT0s?oc=5\" target=\"_blank\" rel=\"nofollow noopener\">Vox mantiene el suspense sobre la investidura de P\u00e9rez Llorca y espera cesiones en su discurso<\/a>&nbsp;&nbsp;El Confidencial<\/li>\n<li><a href=\"https:\/\/news.google.com\/rss\/articles\/CBMiqwFBVV95cUxNRDIyNm9uNUZYV1ppQ1JWS2FCZk1aTW9DVDdUa2pqSFh3UTVhaGU0VzQwMEFwZmwwSXdWV0pfN2ZaRkRjOFRzN3hFQ295ZlZoNll4VjNvUkRoZXhnX0FEZFdVSm9IMUVHdUpSUmMxZDk1NDJ5aFVQY1dwNTJCNDhNbklCTjU1QnpjYUZpWmd1R045ck9FcTZVSjNpRUROOGx3YWxCVmNaSXJ2cUk?oc=5\" target=\"_blank\" rel=\"nofollow noopener\">\u00abBajada de impuestos a las nucleares\u00bb, \u00abfin de pol\u00edticas clim\u00e1ticas\u00bb\u2026: las claves de Vox para apoyar la investidura de P\u00e9rez Llorca<\/a>&nbsp;&nbsp;ABC<\/li>\n<li><a href=\"https:\/\/news.google.com\/rss\/articles\/CBMingFBVV95cUxQU1p5T212dloyVkdkUDNET0dHMFExeFhuTnR2SE9iVl90Ynk5Y2FIRkhSU0haemhnd2hEd2h4RllyOXE4S0NJaTJnNHJXb3JycnAzdi1ybW95Y3RSMkZSeFM5a2hZRk96OWMtMWlPNnNtUkU5OHl4bF9JTEpWbGJrdGdkZmtpbWMxQVhvOWRENkt2S3ZsSDFkYjRrU0JRUdIBngFBVV95cUxOOW1OMUs3T0NPWjVWQTBCQ1k1ZEVUOXZSS2ZVcFhQZkVjTFEyUXF6TjZBMHduckFTTnhpOGdvY1BXZm1OdG1nQmRpWWo1RnlfYmU4VnBVbkNTa2x2UzN6WTM3bnE2YW83V1h1T24td2lvQlR1TFRkY0ozbXlFZlFnVDdJTmtoeUtGYWprdFJ5TE44SXV6VHNkc205WGxtdw?oc=5\" target=\"_blank\" rel=\"nofollow noopener\">Directo: Juanfran P\u00e9rez Llorca se enfrenta a su pleno de investidura como presidente de la Generalitat sin garant\u00edas de apoyo de Vox<\/a>&nbsp;&nbsp;El Peri\u00f3dico<\/li>\n<\/ol>\n","protected":false},"excerpt":{"rendered":"Llorca opta a relevar a Maz\u00f3n en la Generalitat Valenciana con un discurso duro que amarre los votos&hellip;\n","protected":false},"author":2,"featured_media":248356,"comment_status":"","ping_status":"","sticky":false,"template":"","format":"standard","meta":{"footnotes":""},"categories":[8],"tags":[17,18,25,24,13,14,11,19,20,9,10,15,16,23,12,21,22],"class_list":{"0":"post-257999","1":"post","2":"type-post","3":"status-publish","4":"format-standard","5":"has-post-thumbnail","7":"category-espana","8":"tag-breaking-news","9":"tag-breakingnews","10":"tag-es","11":"tag-espana","12":"tag-featured-news","13":"tag-featurednews","14":"tag-headlines","15":"tag-latest-news","16":"tag-latestnews","17":"tag-news","18":"tag-noticias","19":"tag-noticias-destacadas","20":"tag-noticiasdestacadas","21":"tag-spain","22":"tag-titulares","23":"tag-ultimas-noticias","24":"tag-ultimasnoticias"},"share_on_mastodon":{"url":"https:\/\/pubeurope.com\/@es\/115620080967042783","error":""},"_links":{"self":[{"href":"https:\/\/www.europesays.com\/es\/wp-json\/wp\/v2\/posts\/257999","targetHints":{"allow":["GET"]}}],"collection":[{"href":"https:\/\/www.europesays.com\/es\/wp-json\/wp\/v2\/posts"}],"about":[{"href":"https:\/\/www.europesays.com\/es\/wp-json\/wp\/v2\/types\/post"}],"author":[{"embeddable":true,"href":"https:\/\/www.europesays.com\/es\/wp-json\/wp\/v2\/users\/2"}],"replies":[{"embeddable":true,"href":"https:\/\/www.europesays.com\/es\/wp-json\/wp\/v2\/comments?post=257999"}],"version-history":[{"count":0,"href":"https:\/\/www.europesays.com\/es\/wp-json\/wp\/v2\/posts\/257999\/revisions"}],"wp:featuredmedia":[{"embeddable":true,"href":"https:\/\/www.europesays.com\/es\/wp-json\/wp\/v2\/media\/248356"}],"wp:attachment":[{"href":"https:\/\/www.europesays.com\/es\/wp-json\/wp\/v2\/media?parent=257999"}],"wp:term":[{"taxonomy":"category","embeddable":true,"href":"https:\/\/www.europesays.com\/es\/wp-json\/wp\/v2\/categories?post=257999"},{"taxonomy":"post_tag","embeddable":true,"href":"https:\/\/www.europesays.com\/es\/wp-json\/wp\/v2\/tags?post=257999"}],"curies":[{"name":"wp","href":"https:\/\/api.w.org\/{rel}","templated":true}]}}