{"id":258005,"date":"2025-11-27T05:54:17","date_gmt":"2025-11-27T05:54:17","guid":{"rendered":"https:\/\/www.europesays.com\/es\/258005\/"},"modified":"2025-11-27T05:54:17","modified_gmt":"2025-11-27T05:54:17","slug":"cesar-tarrega-hay-informaciones-falsas-que-no-ayudan-ni-al-equipo-ni-al-club","status":"publish","type":"post","link":"https:\/\/www.europesays.com\/es\/258005\/","title":{"rendered":"C\u00e9sar T\u00e1rrega: \u201cHay informaciones falsas que no ayudan ni al equipo ni al club\u201d"},"content":{"rendered":"<p data-start=\"177\" data-end=\"395\">El defensa del Valencia CF, C\u00e9sar T\u00e1rrega, atendi\u00f3 a los medios en la previa del encuentro frente al Rayo Vallecano y dej\u00f3 varios titulares sobre el momento del equipo, el sistema de juego y la situaci\u00f3n del vestuario.<\/p>\n<p data-start=\"397\" data-end=\"691\">T\u00e1rrega reconoci\u00f3 que el inicio de temporada ha sido \u201cmejorable\u201d, especialmente en los partidos lejos de Mestalla, un aspecto que considera clave para cambiar la din\u00e1mica: \u201cTenemos que conseguir m\u00e1s puntos fuera de casa. Empezar a sumar fuera y ver d\u00f3nde nos lleva eso. Es nuestro gran debe.\u201d<\/p>\n<p data-start=\"693\" data-end=\"1134\">Pese a ello, el central se mostr\u00f3 optimista con la evoluci\u00f3n del conjunto: \u201cConf\u00edo a muerte en esta plantilla. La din\u00e1mica est\u00e1 cambiando. Tenemos equipo para competir y mirar arriba. Cualquier refuerzo es bienvenido.\u201d Tambi\u00e9n destac\u00f3 que el equipo est\u00e1 trabajando con varios sistemas: \u201cHemos trabajado las dos opciones y seg\u00fan el partido nos puede servir m\u00e1s uno u otro. No ha sido un cambio de sistema porque ya lo ten\u00edamos preparado.\u201d<\/p>\n<p data-start=\"1136\" data-end=\"1554\">Sobre el rendimiento defensivo y la competencia interna, T\u00e1rrega elogi\u00f3 a sus compa\u00f1eros de zaga: \u201cCada central tiene sus virtudes. Mosquera aportaba cosas que le han llevado a estar donde est\u00e1. Me siento c\u00f3modo con Copete y Diakhaby.\u201d Adem\u00e1s, defendi\u00f3 especialmente a Copete: \u201cDesde el primer d\u00eda ha demostrado que es un gran jugador. Al principio se le meti\u00f3 una presi\u00f3n innecesaria, pero es un competidor nato.\u201d<\/p>\n<p data-start=\"1556\" data-end=\"1815\">El central tambi\u00e9n reflexion\u00f3 sobre la mejora en el juego del equipo: \u201cA principio de temporada nos costaba encontrar continuidad, pero puede ser que ahora hayamos dado con la tecla. Nos sentimos c\u00f3modos teniendo el bal\u00f3n y atacando m\u00e1s. Antes nos costaba.\u201d<\/p>\n<p><strong data-start=\"1821\" data-end=\"1893\">Niega problemas con el entrenador y critica las informaciones falsas<\/strong><\/p>\n<p data-start=\"1895\" data-end=\"2226\">T\u00e1rrega fue contundente al desmentir cualquier conflicto interno con el t\u00e9cnico: \u201cMe qued\u00e9 asombrado cuando le\u00ed que le est\u00e1bamos haciendo la cama. Estamos con \u00e9l a muerte porque no ha habido ning\u00fan problema.\u201d Asegur\u00f3 que su relaci\u00f3n con el m\u00edster es \u201cbuena\u201d y que est\u00e1 muy agradecido tanto al entrenador como a su cuerpo t\u00e9cnico.<\/p>\n<p data-start=\"2228\" data-end=\"2458\">Tambi\u00e9n lament\u00f3 el impacto de los rumores externos: \u201cSiento que a veces las cosas se sacan de contexto. Hay informaciones que son falsas y no ayudan ni al equipo ni al club. Nosotros confiamos en el grupo y seguimos trabajando.\u201d<\/p>\n<p><strong data-start=\"2464\" data-end=\"2501\">Mestalla y la presi\u00f3n del entorno<\/strong><\/p>\n<p data-start=\"2503\" data-end=\"2868\">Sobre los pitos escuchados en alg\u00fan tramo de la temporada, T\u00e1rrega fue sincero: \u201cEs inevitable escuchar los pitos. No es bonito, pero tenemos que trabajar para que se conviertan en aplausos.\u201d Reconoci\u00f3 que la relaci\u00f3n con Mestalla puede ser m\u00e1s complicada cuando los resultados no acompa\u00f1an, aunque insisti\u00f3 en la implicaci\u00f3n del equipo: \u201cSalimos a darlo todo.\u201d<\/p>\n","protected":false},"excerpt":{"rendered":"El defensa del Valencia CF, C\u00e9sar T\u00e1rrega, atendi\u00f3 a los medios en la previa del encuentro frente al&hellip;\n","protected":false},"author":2,"featured_media":258006,"comment_status":"","ping_status":"","sticky":false,"template":"","format":"standard","meta":{"footnotes":""},"categories":[269],"tags":[299,298,168,55165,25,24,23,167],"class_list":{"0":"post-258005","1":"post","2":"type-post","3":"status-publish","4":"format-standard","5":"has-post-thumbnail","7":"category-baloncesto","8":"tag-baloncesto","9":"tag-basketball","10":"tag-deportes","11":"tag-destacada-3","12":"tag-es","13":"tag-espana","14":"tag-spain","15":"tag-sports"},"share_on_mastodon":{"url":"https:\/\/pubeurope.com\/@es\/115620116290200166","error":""},"_links":{"self":[{"href":"https:\/\/www.europesays.com\/es\/wp-json\/wp\/v2\/posts\/258005","targetHints":{"allow":["GET"]}}],"collection":[{"href":"https:\/\/www.europesays.com\/es\/wp-json\/wp\/v2\/posts"}],"about":[{"href":"https:\/\/www.europesays.com\/es\/wp-json\/wp\/v2\/types\/post"}],"author":[{"embeddable":true,"href":"https:\/\/www.europesays.com\/es\/wp-json\/wp\/v2\/users\/2"}],"replies":[{"embeddable":true,"href":"https:\/\/www.europesays.com\/es\/wp-json\/wp\/v2\/comments?post=258005"}],"version-history":[{"count":0,"href":"https:\/\/www.europesays.com\/es\/wp-json\/wp\/v2\/posts\/258005\/revisions"}],"wp:featuredmedia":[{"embeddable":true,"href":"https:\/\/www.europesays.com\/es\/wp-json\/wp\/v2\/media\/258006"}],"wp:attachment":[{"href":"https:\/\/www.europesays.com\/es\/wp-json\/wp\/v2\/media?parent=258005"}],"wp:term":[{"taxonomy":"category","embeddable":true,"href":"https:\/\/www.europesays.com\/es\/wp-json\/wp\/v2\/categories?post=258005"},{"taxonomy":"post_tag","embeddable":true,"href":"https:\/\/www.europesays.com\/es\/wp-json\/wp\/v2\/tags?post=258005"}],"curies":[{"name":"wp","href":"https:\/\/api.w.org\/{rel}","templated":true}]}}