{"id":258007,"date":"2025-11-27T05:55:11","date_gmt":"2025-11-27T05:55:11","guid":{"rendered":"https:\/\/www.europesays.com\/es\/258007\/"},"modified":"2025-11-27T05:55:11","modified_gmt":"2025-11-27T05:55:11","slug":"simeone-el-grupo-siguio-el-plan-que-teniamos","status":"publish","type":"post","link":"https:\/\/www.europesays.com\/es\/258007\/","title":{"rendered":"Simeone: \u201cEl grupo sigui\u00f3 el plan que ten\u00edamos\u201d"},"content":{"rendered":"<p class=\"\"><b>Diego Pablo Simeone <\/b>sali\u00f3 a la conferencia de prensa orgulloso por la actuaci\u00f3n de sus jugadores y feliz por el triunfo, aunque sin hacer cuentas sobre las opciones del Atl\u00e9tico en Champions.<\/p>\n<p class=\"\"><b>\u00bfCon qu\u00e9 se queda?<\/b><\/p>\n<p class=\"\">Con el trabajo colectivo del equipo. El plan que intentamos llevar adelante y la respuesta del equipo a la idea que planteamos y se vio. El equipo en el primer tiempo estuvo mucho m\u00e1s fuerte en mitad de campo, transiciones r\u00e1pidas donde le hac\u00edamos da\u00f1o en los costados. Apareci\u00f3 el gol y alguna jugada que pudimos resolver mejor, ellos juegan muy bien, son de los mejores equipos de la Champions y sab\u00edamos que nos iban a hundir y defender bajo, pero necesit\u00e1bamos piernas para salir como en el primer tiempo. Generaron ocasiones, cuando vino el 1-1 sent\u00ed el momento para cambiar lo que estaba pasando, buscando alternativas, como Sorloth, Nico, Griezmann, Pubill y Koke que nos dieron el salto de calidad para empezar nosotros a jugar en campo rival. Ellos empezaban a atravesar las transiciones r\u00e1pidas que daban la sensaci\u00f3n de que con sus futbolistas r\u00e1pidos nos pod\u00edan generar peligro como la que salvo Nico. Pero el equipo estaba en campo rival buscando ganar el partido, tuvimos la de Griezmann, Sorloth y lleg\u00f3 el c\u00f3rner y el golazo de Jos\u00e9 y muy contento por el equipo y por el grupo por seguir un plan como se sigui\u00f3. <\/p>\n<p class=\"\"><b>\u00bfCu\u00e1nta culpa tiene Gim\u00e9nez en la mejor\u00eda defensiva?<\/b><\/p>\n<p class=\"\">Jos\u00e9 es un jugador important\u00edsimo, uno de nuestros capitanes. Le necesitamos de esta manera, nos transmite lo mismo que otros futbolistas que son tambi\u00e9n importantes. Tenerlo lo mejor posible para que nos siga dando esto que nos da. <\/p>\n<p class=\"\"><b>Es dif\u00edcil quedarse con un jugador.<\/b><\/p>\n<p class=\"\">Me quedo absolutamente con el grupo, el equipo y el comportamiento del entendimiento de a qu\u00e9 jugamos. En el primer tiempo fue una cosa, el partido es largo, un rival duro que necesita que atravesaremos por esa asfixia de Juli\u00e1n, Baena, Barrios, Gallagher, Johnny&#8230; para sostener defensivamente y salir a contragolpe y en el segundo tiempo ten\u00edamos a otra calidad de juego. Atravesamos las dos partes de la mejor manera, tuvimos esa suerte del gol de Gim\u00e9nez y todo se eleva mucho m\u00e1s. <\/p>\n<p class=\"\"><b>\u00bfEl objetivo se centra en acabar entre los ocho primeros?<\/b><\/p>\n<p class=\"\">Solo pensamos en el partido contra el Oviedo.<\/p>\n<p class=\"\"><b>Hoy sumaron mucho Cardoso y Pubill. <\/b><\/p>\n<p class=\"\">Me quiero detener en Johnny. Padeci\u00f3 esa lesi\u00f3n que le dej\u00f3 fuera, Koke y Barrios est\u00e1n haciendo muy buen trabajo. Y \u00e9l est\u00e1 entrenando mejor y como le veo mejor pues jug\u00f3. Porque siento que est\u00e1 cerca de lo que necesitamos. Y cuantos m\u00e1s comportamientos tengamos en los entrenamientos m\u00e1s posibilidad tenemos de participar. A Raspadori le pas\u00f3, Musso ha trabajando mucho y Conor siempre entra con esa expectativa y hambre. Y necesitamos de todos. No nos podemos permitir perder a nadie y eso depende de nosotros como cuerpo t\u00e9cnico y de ellos individualmente. <\/p>\n<p class=\"\"><b>Es un gol clave a bal\u00f3n parado.<\/b><\/p>\n<p class=\"\">Est\u00e1 claro que lo estamos trabajando, ellos tiene conciencia de que hay buenos lanzadores, buenos rematadores y es clave para equipos con ilusi\u00f3n para ganar un torneo. Estamos trabajando en ello y por suerte nos dio hoy para sacar cosas buenas. <\/p>\n<p class=\"\"><b>El Atleti ya ha llegado a esta Champions. <\/b><\/p>\n<p class=\"\">Nos guiamos del partido a partido, queremos seguir evolucionando y creciendo porque tenemos mucho margen de mejora y apuntamos solo a eso, no hay otro pensamiento. <\/p>\n<p class=\"\"><b>Gim\u00e9nez lo ha pasado mal. <\/b><\/p>\n<p class=\"\">Le mir\u00e9 y le dije \u2018qu\u00e9 golazo\u2019. Es un luchador, un trabajador, un chico con mucha humildad, conciencia de lo que es el equipo y su vida personal y le necesitamos, es uno de nuestros capitanes. Nos pone muy contentos que haya podido hacer un golazo como hizo. <\/p>\n<p><b>Antes habl\u00f3 en Movistar+<\/b><\/p>\n<p class=\"\"><b>-Otra gran noche en el Metropolitano.<\/b><\/p>\n<p class=\"\">-Ten\u00edamos un plan, que era jugar un partido largo, de mucho trabajo, con mucha gente para recuperar pelota y aprovechar contragolpes. No fueron tantos como imagin\u00e1bamos, pero s\u00ed tuvimos. En el segundo tiempo, con la gente que ten\u00edamos para ese empuje final que apareci\u00f3. Terminamos cerrando un partido dur\u00edsimo ante un rival que juega muy bien con muchas herramientas y que supimos sostener en el momento de m\u00e1s dificultad, cuando dominaron la posesi\u00f3n de la pelota, pero con el correr de los minutos empezamos a soltar los jugadores y a cerrar un partido diferente al que hab\u00eda empezado.<\/p>\n<p class=\"\"><b>-Ambici\u00f3n con los cambios.<\/b><\/p>\n<p class=\"\">-El plan de partido en mi cabeza era ese, esperar en la primera parte del juego. Ellos son buenos, tienen combinaci\u00f3n y velocidad. Tratar de robar para salir y para eso necesitamos jugadores con esas caracter\u00edsticas, lo hicieron muy bien. En el segundo tiempo, apostar a lo que ten\u00eda en mente para resolver de la mejor manera. Hizo un golazo Josema y nos llevamos una victoria muy necesaria<\/p>\n<p class=\"\"><b>-El bal\u00f3n parado funcion\u00f3 por fin.<\/b><\/p>\n<p class=\"\">-No es f\u00e1cil ese remate, \u00e9l tiene un timing muy bueno. Necesit\u00e1bamos un gol de este estilo porque siempre que marca un central y se ve lindo. Mira todos los goles de centrales. Este gol nos da fe para seguir trabajando y confiando en lo que tenemos, que es muy bueno. Tenemos que mejorar pelota parada.<\/p>\n<p class=\"\"><b>-\u00bfPueden pensar en el top 8?<\/b><\/p>\n<p class=\"\">-Pienso en el Oviedo.<\/p>\n<p class=\"\"><b>-Y luego, Bar\u00e7a<\/b><\/p>\n<p>Noticias relacionadas<\/p>\n<p class=\"\">-No, Oviedo.<\/p>\n<p class=\"\"><b>\u00a1Tus opiniones importan!<\/b> Comenta en los art\u00edculos y suscr\u00edbete gratis a nuestra <a href=\"https:\/\/asfan.as.com\/newsletters\/\" target=\"_blank\" rel=\"nofollow noopener\" title=\"https:\/\/asfan.as.com\/newsletters\/\">newsletter<\/a> y a las alertas informativas en la <a href=\"https:\/\/as.com\/aplicacion-de-as-n\/\" target=\"_blank\" rel=\"nofollow noopener\" title=\"https:\/\/as.com\/aplicacion-de-as-n\/\">App<\/a> o el canal de <a href=\"https:\/\/www.whatsapp.com\/channel\/0029VaAasdA7j6g745nz9M10\" target=\"_blank\" rel=\"nofollow noopener\" title=\"https:\/\/www.whatsapp.com\/channel\/0029VaAasdA7j6g745nz9M10\">WhatsApp<\/a>. \u00bfBuscas licenciar contenido? Haz clic <a href=\"https:\/\/profesional.elpais.com\/soluciones-sindicacion?utm_medium=interno&amp;utm_source=crosslinking&amp;utm_campaign=sindicacion_as_pie_articulos\" target=\"_blank\" rel=\"nofollow noopener\" title=\"https:\/\/profesional.elpais.com\/soluciones-sindicacion?utm_medium=interno&amp;utm_source=crosslinking&amp;utm_campaign=sindicacion_as_pie_articulos\">aqu\u00ed<\/a><\/p>\n","protected":false},"excerpt":{"rendered":"Diego Pablo Simeone sali\u00f3 a la conferencia de prensa orgulloso por la actuaci\u00f3n de sus jugadores y feliz&hellip;\n","protected":false},"author":2,"featured_media":258008,"comment_status":"","ping_status":"","sticky":false,"template":"","format":"standard","meta":{"footnotes":""},"categories":[268],"tags":[168,25,24,280,282,281,23,167],"class_list":{"0":"post-258007","1":"post","2":"type-post","3":"status-publish","4":"format-standard","5":"has-post-thumbnail","7":"category-futbol","8":"tag-deportes","9":"tag-es","10":"tag-espana","11":"tag-football","12":"tag-futbol","13":"tag-soccer","14":"tag-spain","15":"tag-sports"},"share_on_mastodon":{"url":"https:\/\/pubeurope.com\/@es\/115620120350802028","error":""},"_links":{"self":[{"href":"https:\/\/www.europesays.com\/es\/wp-json\/wp\/v2\/posts\/258007","targetHints":{"allow":["GET"]}}],"collection":[{"href":"https:\/\/www.europesays.com\/es\/wp-json\/wp\/v2\/posts"}],"about":[{"href":"https:\/\/www.europesays.com\/es\/wp-json\/wp\/v2\/types\/post"}],"author":[{"embeddable":true,"href":"https:\/\/www.europesays.com\/es\/wp-json\/wp\/v2\/users\/2"}],"replies":[{"embeddable":true,"href":"https:\/\/www.europesays.com\/es\/wp-json\/wp\/v2\/comments?post=258007"}],"version-history":[{"count":0,"href":"https:\/\/www.europesays.com\/es\/wp-json\/wp\/v2\/posts\/258007\/revisions"}],"wp:featuredmedia":[{"embeddable":true,"href":"https:\/\/www.europesays.com\/es\/wp-json\/wp\/v2\/media\/258008"}],"wp:attachment":[{"href":"https:\/\/www.europesays.com\/es\/wp-json\/wp\/v2\/media?parent=258007"}],"wp:term":[{"taxonomy":"category","embeddable":true,"href":"https:\/\/www.europesays.com\/es\/wp-json\/wp\/v2\/categories?post=258007"},{"taxonomy":"post_tag","embeddable":true,"href":"https:\/\/www.europesays.com\/es\/wp-json\/wp\/v2\/tags?post=258007"}],"curies":[{"name":"wp","href":"https:\/\/api.w.org\/{rel}","templated":true}]}}