{"id":258009,"date":"2025-11-27T05:56:15","date_gmt":"2025-11-27T05:56:15","guid":{"rendered":"https:\/\/www.europesays.com\/es\/258009\/"},"modified":"2025-11-27T05:56:15","modified_gmt":"2025-11-27T05:56:15","slug":"a-veces-no-he-prestado-suficiente-atencion-a-la-familia-espero-que-me-perdonen","status":"publish","type":"post","link":"https:\/\/www.europesays.com\/es\/258009\/","title":{"rendered":"A veces no he prestado suficiente atenci\u00f3n a la familia. Espero que me perdonen"},"content":{"rendered":"<p id=\"e3REsCWzgL\" data-wc=\"95\">El rey Juan Carlos ha concedido su primera entrevista en televisi\u00f3n desde su abdicaci\u00f3n y lo ha hecho en el canal galo France 3 tres semanas despu\u00e9s de la publicaci\u00f3n de<a class=\"hm-link ho-link\" href=\"https:\/\/www.hola.com\/actualidad\/20251105865655\/nuevo-hola-secretos-memorias-rey-juan-carlos-posado-tres-generaciones-familia-carolina-herrera\/\" data-mrf-recirculation=\"article-body-link\" rel=\"nofollow noopener\" target=\"_blank\">\u00a0su libro de memorias<\/a>, Reconciliaci\u00f3n, en Francia, escrito junto a su bi\u00f3grafa Laurence Debray. El en el programa Secrets d&#8217;histoire, ha reflexionado sobre su infancia, los hitos de sus 39 a\u00f1os de reinado, su vida en Abu Dabi, y la relaci\u00f3n con su hijo, Felipe VI. Estas han sido las principales revelaciones que ha dado a su entrevistador, St\u00e9phane Bern, periodista especializado en realeza:\u00a0<\/p>\n<p> <img src=\"https:\/\/www.europesays.com\/es\/wp-content\/uploads\/2025\/11\/f25e77f06045-dla00048455003-1.jpg\"   width=\"800\" height=\"1024\" loading=\"lazy\" decoding=\"async\" alt=\"Posado oficial del rey Juan Carlos en marzo de 2007\" fetchpriority=\"auto\" class=\"image ho-image\"\/>\u00a9 GTRESPosado oficial del rey Juan Carlos en marzo de 2007<br \/>\n\u00abLa relaci\u00f3n puede ser de una forma u otra, pero es muy buena\u00bb<\/p>\n<p id=\"eswzUGWWua\" data-wc=\"85\">Esta entrevista se emite solo cuatro d\u00edas despu\u00e9s del <a class=\"hm-link ho-link\" href=\"https:\/\/www.hola.com\/realeza\/casa_espanola\/20251122868958\/reina-sofia-vuelve-palacio-pardo-reunion-marca-un-nuevo-capitulo-familiar\/\" data-mrf-recirculation=\"article-body-link\" rel=\"nofollow noopener\" target=\"_blank\">encuentro familiar en el Palacio de El Pardo<\/a> que tuvo lugar el s\u00e1bado despu\u00e9s de que Felipe VI condecorara a su madre, la reina Sof\u00eda, con la Insigne Orden del Tois\u00f3n de Oro. Era, adem\u00e1s, el 50\u00ba aniversario de la restauraci\u00f3n mon\u00e1rquica y don Juan Carlos tambi\u00e9n estuvo entre los invitados. Hac\u00eda dos a\u00f1os, desde que su nieta, la princesa Leonor cumpli\u00f3 la mayor\u00eda de edad, que no participaba en una reuni\u00f3n familiar de estas caracter\u00edsticas.\u00a0<\/p>\n<p id=\"eQxbp8bUFA\" data-wc=\"126\">Desde que se fue a Emiratos \u00c1rabes Unidos en 2020 es evidente<a class=\"hm-link ho-link\" href=\"https:\/\/www.hola.com\/realeza\/casa_espanola\/20251029864354\/el-rey-juan-carlos-revela-la-ultima-conversacion-que-mantuvo-con-su-hijo-felipe-vi-antes-de-partir-a-abu-dabi-adonde-vas-jefe\/\" data-mrf-recirculation=\"article-body-link\" rel=\"nofollow noopener\" target=\"_blank\">\u00a0la distancia con su familia<\/a>. A\u00fan as\u00ed asegura: \u00abYo creo que es el car\u00e1cter de las personas. Y con esto quiero decir que la relaci\u00f3n puede ser de una forma u otra, pero es muy buena\u00bb. No obstante, lamenta no poder estar con ellos m\u00e1s a menudo y aconsejar a su hijo. \u00abMe gustar\u00eda verlo m\u00e1s y verlo m\u00e1s a menudo con sus hija, la princesa Leonor y la infanta Sof\u00eda\u00bb, ha dicho para despu\u00e9s asegurar que \u00abes un buen rey\u00bb y que \u00abhay que apoyarlo. Si alguna vez ha dicho, como se puede leer en el libro, que se siente abandonado, matiza ahora: \u00abPero de una manera m\u00e1s filos\u00f3fica. No es realmente as\u00ed\u00bb.\u00a0<\/p>\n<p> <img src=\"https:\/\/www.europesays.com\/es\/wp-content\/uploads\/2025\/11\/a51a9393c905-gettyimages-450820512.jpg\"   width=\"1024\" height=\"682\" loading=\"lazy\" decoding=\"async\" alt=\"El rey Juan Carlos y Felipe VI, durante la ceremonia de abdicaci\u00f3n en 2014\" fetchpriority=\"auto\" class=\"image ho-image\"\/>\u00a9 Getty ImagesEl rey Juan Carlos y Felipe VI, durante la ceremonia de abdicaci\u00f3n en 2014<br \/>\n\u00abTodos los hombres cometen errores. Todo el mundo los comete\u00bb<\/p>\n<p id=\"e_uXXAhKyx\" data-wc=\"105\">Hubo una vez que el rey Juan Carlos pidi\u00f3 perd\u00f3n. Todos lo recordamos. Fue en 2012 tras abandonar el Hospital USP San Jos\u00e9 de Madrid, donde hab\u00eda sido <a class=\"hm-link ho-link\" href=\"https:\/\/www.hola.com\/realeza\/casa_espanola\/20180407122550\/rey-juan-carlos-operaciones\/\" data-mrf-recirculation=\"article-body-link\" rel=\"nofollow noopener\" target=\"_blank\">operado de la cadera<\/a> tras una ca\u00edda que hab\u00eda sufrido en un viaje de caza de elefantes a Botsuana, en el sur de \u00c1frica. \u00ab<strong>Lo siento mucho. Me he equivocado y no volver\u00e1 a ocurrir<\/strong>\u00ab, dijo sobre este episodio que provoc\u00f3 una enorme controversia y que supuso el principio del fin. En su libro de memorias habla de \u00abotro error\u00bb: <a class=\"hm-link ho-link\" href=\"https:\/\/www.hola.com\/realeza\/casa_espanola\/20251029864364\/rey-juan-carlos-habla-relacion-corinna-larsen-error-lamento-profundamente\/\" data-mrf-recirculation=\"article-body-link\" rel=\"nofollow noopener\" target=\"_blank\">su relaci\u00f3n con Corinna Larsen<\/a>. \u00c9l insiste: \u00abTodos los hombres cometen errores. Todo el mundo los comete\u00bb.<\/p>\n<p> <img src=\"https:\/\/www.europesays.com\/es\/wp-content\/uploads\/2025\/11\/00bfa5fdf7e3-dla00126257005.jpg\"   width=\"682\" height=\"1024\" loading=\"lazy\" decoding=\"async\" alt=\"El rey Juan Carlos, pensativo durante su visita oficial a Par\u00eds en marzo de 2006\" fetchpriority=\"auto\" class=\"image ho-image\"\/>\u00a9 GTRESEl rey Juan Carlos, pensativo durante su visita oficial a Par\u00eds en marzo de 2006<\/p>\n<p id=\"eeWOMCkEown\" data-wc=\"40\">No niega sus equivocaciones pero afirma que \u00abtodo est\u00e1 arreglado. Todo ha terminado. Estoy tranquilo\u00bb. Consciente de que como Rey est\u00e1 bajo la lupa permanentemente dice que se han dicho muchas cosas falsas sobre \u00e9l y asegura no tener remordimientos.\u00a0<\/p>\n<p>\u00abA veces no he prestado suficiente atenci\u00f3n a la familia. Espero que me perdonen\u00bb<\/p>\n<p id=\"eN8e5pGh7o\" data-wc=\"107\">A pesar de no arrepentirse de nada, s\u00ed admite que en sus 39 a\u00f1os de reinado a veces no ha prestado suficiente atenci\u00f3n a su familia. Les pide perd\u00f3n a ellos y lanza una petici\u00f3n a los espa\u00f1oles: \u00abQue los espa\u00f1oles comprendan lo que he hecho\u00bb. El rey Juan Carlos habla con orgullo de algunos de los hitos de su reinado. La Constituci\u00f3n, s\u00edmbolo de la reconciliaci\u00f3n entre los espa\u00f1oles y, por tanto, inspiradora del t\u00edtulo de sus memorias, es, para \u00e9l, su gran logro. \u00abEs la \u00fanico constituci\u00f3n en Europa que lleva un nombre. Se llama la Constituci\u00f3n del Rey Juan Carlos y es realmente emocionante\u00bb.\u00a0<\/p>\n<p> <img src=\"https:\/\/www.europesays.com\/es\/wp-content\/uploads\/2025\/11\/f25e77f06045-dla00048455003-1.jpg\"   width=\"800\" height=\"1024\" loading=\"lazy\" decoding=\"async\" alt=\"Posado oficial del rey Juan Carlos en marzo de 2007\" fetchpriority=\"auto\" class=\"image ho-image\"\/>\u00a9 GTRESPosado oficial del rey Juan Carlos en marzo de 2007<\/p>\n<p id=\"eGy6LUa6ry\" data-wc=\"106\">Sobre esos a\u00f1os en los que decidi\u00f3 avanzar hacia la democracia y dejar atr\u00e1s el r\u00e9gimen franquista en el que se form\u00f3 recuerda que hab\u00eda \u00abque avanzar y ser valiente\u00bb. Ten\u00eda, no obstante, una preocupaci\u00f3n: la de traicionarlo una vez que Francisco Franco le nombr\u00f3 heredero. \u00abDud\u00e9, de verdad, me dije: &#8216;Bueno, ahora voy a traicionarlo\u00bb, pero la frase \u00abde la ley a la ley, pasando por la ley\u00bb, le dio la confianza y la legitimidad que buscaba. Con su padre acab\u00f3 teniendo una relaci\u00f3n excelente y lo enterr\u00f3 con honores de Rey en El Escorial. \u00abFue un consejo fant\u00e1stico y despu\u00e9s, un amigo\u00bb, ha contado.\u00a0<\/p>\n<p>\u00abTen\u00eda la impresi\u00f3n de ser como una pelota de ping-pong\u00bb<\/p>\n<p id=\"e7yQBtBRpf\" data-wc=\"100\">Antes de todo ello, nada fue f\u00e1cil para un joven pr\u00edncipe que lleg\u00f3 a Espa\u00f1a siendo apenas un ni\u00f1o y que acab\u00f3 en medio de una <a class=\"hm-link ho-link\" href=\"https:\/\/www.hola.com\/realeza\/casa_espanola\/20251029864353\/rey-juan-carlos-franco-reconciliacion-memorias\/\" data-mrf-recirculation=\"article-body-link\" rel=\"nofollow noopener\" target=\"_blank\">lucha de poder entre su padre y Francisco Franco<\/a>. \u00abA veces ten\u00eda la impresi\u00f3n de ser como una pelota de ping-pong\u00bb. Algo cambi\u00f3 cuando con 16 a\u00f1os entr\u00f3 en las academias militares. All\u00ed, comenz\u00f3 a vislumbrar su futuro: \u00abEstaba muy, muy seguro de quedarme en Espa\u00f1a, de formarme y terminar mis estudios\u00bb. Una vez listo, comenz\u00f3 a barruntar el cambio. \u00abHab\u00eda que preparar realmente el futuro y permanecer tranquilo esperando el momento\u00bb, ha recordado.\u00a0<\/p>\n<p> <img src=\"https:\/\/www.europesays.com\/es\/wp-content\/uploads\/2025\/09\/4b7f25f145a2-dlu581362062.jpg\"   width=\"1024\" height=\"683\" loading=\"lazy\" decoding=\"async\" alt=\"El rey Juan CArlos en las regatas de Sanxenxo en abril de 2025\" fetchpriority=\"auto\" class=\"image ho-image\"\/>\u00a9 GTRESA bordo del Brib\u00f3n en las regatas de Sanxenxo<br \/>\n\u00abNo hay nadie a tu lado. No hay servicio de seguridad. Eres libre\u00bb<\/p>\n<p id=\"enFm09ptws\" data-wc=\"125\">En los buenos momentos y en los malos, hay una pasi\u00f3n constante en su vida: la vela. Como su padre,<a class=\"hm-link ho-link\" href=\"https:\/\/www.hola.com\/realeza\/casa_espanola\/20250927858276\/rey-juan-carlos-campeon-del-mundo-de-vela-a-los-87-anos\/\" data-mrf-recirculation=\"article-body-link\" rel=\"nofollow noopener\" target=\"_blank\">\u00a0es un hombre de mar\u00a0<\/a>y no le cuesta encontrar la raz\u00f3n: \u00abNo hay servicio de seguridad. Est\u00e1s realmente concentrado en hacer funcionar el velero. Eres libre\u00bb. No puede responder con precisi\u00f3n a la pregunta sobre si volver\u00e1 a Espa\u00f1a. \u00abDepender\u00e1 de la situaci\u00f3n y del momento\u00bb, dice, pero si tiene claro que sus visitas a Sanxenxo para participar en las regatas seguir\u00e1n siendo una constante. \u00abRecuerdo a Espa\u00f1a todo el tiemp. Est\u00e1 muy arraigada e mi. Sus olores, sus paisajes, sus toros, el flamenco, la comida, todo, pero como voy all\u00ed cada mes para participar en las regatas, como bien y lo paso bien\u00bb.\u00a0<\/p>\n<p><\/p>\n","protected":false},"excerpt":{"rendered":"El rey Juan Carlos ha concedido su primera entrevista en televisi\u00f3n desde su abdicaci\u00f3n y lo ha hecho&hellip;\n","protected":false},"author":2,"featured_media":258010,"comment_status":"","ping_status":"","sticky":false,"template":"","format":"standard","meta":{"footnotes":""},"categories":[174],"tags":[255,146,147,25,24,256,1027,1029,33671,23],"class_list":{"0":"post-258009","1":"post","2":"type-post","3":"status-publish","4":"format-standard","5":"has-post-thumbnail","7":"category-famosos","8":"tag-celebrities","9":"tag-entertainment","10":"tag-entretenimiento","11":"tag-es","12":"tag-espana","13":"tag-famosos","14":"tag-realeza","15":"tag-realeza-espanola","16":"tag-rey-juan-carlos","17":"tag-spain"},"share_on_mastodon":{"url":"https:\/\/pubeurope.com\/@es\/115620124494282754","error":""},"_links":{"self":[{"href":"https:\/\/www.europesays.com\/es\/wp-json\/wp\/v2\/posts\/258009","targetHints":{"allow":["GET"]}}],"collection":[{"href":"https:\/\/www.europesays.com\/es\/wp-json\/wp\/v2\/posts"}],"about":[{"href":"https:\/\/www.europesays.com\/es\/wp-json\/wp\/v2\/types\/post"}],"author":[{"embeddable":true,"href":"https:\/\/www.europesays.com\/es\/wp-json\/wp\/v2\/users\/2"}],"replies":[{"embeddable":true,"href":"https:\/\/www.europesays.com\/es\/wp-json\/wp\/v2\/comments?post=258009"}],"version-history":[{"count":0,"href":"https:\/\/www.europesays.com\/es\/wp-json\/wp\/v2\/posts\/258009\/revisions"}],"wp:featuredmedia":[{"embeddable":true,"href":"https:\/\/www.europesays.com\/es\/wp-json\/wp\/v2\/media\/258010"}],"wp:attachment":[{"href":"https:\/\/www.europesays.com\/es\/wp-json\/wp\/v2\/media?parent=258009"}],"wp:term":[{"taxonomy":"category","embeddable":true,"href":"https:\/\/www.europesays.com\/es\/wp-json\/wp\/v2\/categories?post=258009"},{"taxonomy":"post_tag","embeddable":true,"href":"https:\/\/www.europesays.com\/es\/wp-json\/wp\/v2\/tags?post=258009"}],"curies":[{"name":"wp","href":"https:\/\/api.w.org\/{rel}","templated":true}]}}