{"id":258011,"date":"2025-11-27T05:59:10","date_gmt":"2025-11-27T05:59:10","guid":{"rendered":"https:\/\/www.europesays.com\/es\/258011\/"},"modified":"2025-11-27T05:59:10","modified_gmt":"2025-11-27T05:59:10","slug":"rocio-carrasco-se-encomienda-a-fidel-albiac-para-decidir-su-futuro-en-hasta-el-fin-del-mundo-tve","status":"publish","type":"post","link":"https:\/\/www.europesays.com\/es\/258011\/","title":{"rendered":"Roc\u00edo Carrasco se encomienda a Fidel Albiac para decidir su futuro en &#8216;Hasta el fin del mundo&#8217; (TVE)"},"content":{"rendered":"\n<p> El camino destino a Ushuaia (Argentina) sigue su recorrido en <a href=\"https:\/\/www.elconfidencial.com\/television\/programas-tv\/2025-11-26\/top-chef-rtve-belen-esteban_4255041\/\" target=\"_self\" rel=\"nofollow noopener\">Televisi\u00f3n Espa\u00f1ola<\/a>. <strong>Hasta el fin del mundo afront\u00f3 su cuarta etapa en <a href=\"https:\/\/www.elconfidencial.com\/television\/series-tv\/2025-11-26\/la-promesa-capitulo-724-especial-duelo-curro-lorenzo_4255495\/\" target=\"_self\" rel=\"nofollow noopener\">TVE<\/a><\/strong> en la noche del mi\u00e9rcoles, 26 de noviembre, con sus concursantes cada vez m\u00e1s desgastados y con menos presupuesto para ser los primeros en llegar a meta y contar con un privilegio en el siguiente programa. <\/p>\n<p> Los concursantes tienen el poder de escoger qu\u00e9 ruta recorrer\u00e1n, en funci\u00f3n de su clasificaci\u00f3n en la anterior etapa. Un ranking que, por segunda vez, <strong>lideraron <a href=\"https:\/\/www.elconfidencial.com\/television\/programas-tv\/2025-11-20\/rocio-carrasco-hasta-el-fin-del-mundo-recuerdo-rocio-jurado_4250835\/\" target=\"_self\" rel=\"nofollow noopener\">Roc\u00edo Carrasco<\/a> y Anabel Due\u00f1as. <\/strong>No obstante, el reality show presentado por Paula V\u00e1zquez guardaba una sorpresa para la pareja de amigas. <\/p>\n<p> \u00abLa noche anterior al comienzo de esta nueva etapa, el camino volver\u00eda a poner a prueba a nuestros viajeros\u00bb, advirti\u00f3 la presentadora antes de aparecer con seis sobres en su mano. \u00abComo ganadoras, ten\u00e9is la ventaja de elegir ruta. <strong>Pero hoy la suerte va a decidir por vosotras\u00bb,<\/strong> revel\u00f3 a Roc\u00edo y Anabel, provocando su sorpresa. <\/p>\n<p> \u00abDemasiado bonito me parec\u00eda a m\u00ed ya\u00bb, coment\u00f3 la hija de Roc\u00edo Jurado antes de escoger un sobre. Para ello, puso su destino en manos de Fidel Albiac, escogiendo el sobre n\u00famero seis. <strong>\u00abPorque es el n\u00famero de la suerte de mi marido\u00bb,<\/strong> argument\u00f3 la concursante antes de revelar su contenido: la ruta de los osos. <\/p>\n<p>               Roc\u00edo Carrasco escoge un sobre en &#8216;Hasta el fin del mundo&#8217;. (TVE)             <\/p>\n<p> Y es que para llegar desde Tena (Ecuador) hasta Huacachina (Per\u00fa), el resto de parejas ir\u00edan por distintos caminos,<strong> tambi\u00e9n marcados por el azar:<\/strong> Cristina Cifuentes y Alba Carrillo, por la ruta de los sombreros; Yolanda Ramos y Ainoa, por la ruta de los manglares; Jose Lamu\u00f1o y Aldo Comas, por la ruta de Alaus\u00ed; Jedet y Andrea Compton, por la ruta de las ballenas; y Nia y J Kbello, por la ruta de los caballitos. <\/p>\n<p>              <img decoding=\"async\" class=\"inTextNews__img\" alt=\"Foto: rocio-carrasco-alba-carrillo-criticas-hasta-el-fin-del-mundo-tve\" src=\"https:\/\/www.europesays.com\/es\/wp-content\/uploads\/2025\/11\/f.elconfidencial.com\/original\/7a6\/6ac\/132\/7a66ac1324b432a44a27dd46adf9e477.jpg\"  \/>     <\/p>\n<p>TE PUEDE INTERESAR<\/p>\n<p>      <a class=\"inTextNews__title\" href=\"https:\/\/www.elconfidencial.com\/television\/programas-tv\/2025-11-23\/rocio-carrasco-alba-carrillo-criticas-hasta-el-fin-del-mundo-tve_4252942\/\" onclick=\"window.ECCO.emit(&#039;amplitude&#039;, { dataEventName: &#039;click_related_article_module&#039;, data: { related_article_url: &#039;https:\/\/www.elconfidencial.com\/television\/programas-tv\/2025-11-23\/rocio-carrasco-alba-carrillo-criticas-hasta-el-fin-del-mundo-tve_4252942\/&#039;, related_article_author: &#039;Paco Mart\u00edn-V\u00e1zquez Car\u00edas&#039;, related_article_section: &#039;programas-tv&#039; } })\" rel=\"nofollow noopener\" target=\"_blank\"> Roc\u00edo Carrasco, en defensa de Alba Carrillo tras sus duras cr\u00edticas a &#8216;Hasta al fin del mundo&#8217; (TVE) <\/a>   <\/p>\n<p>    P. Mart\u00edn-V\u00e1zquez   <\/p>\n<p> No obstante, el inesperado giro en la mec\u00e1nica del reality no resultado del agrado de Anabel Due\u00f1as, quien no dud\u00f3 en mostrar su desacuerdo con el programa a la ma\u00f1ana siguiente. \u00abNo estoy bien. <strong>No me ha parecido bien ni justo la manera de elegir la ruta\u00bb, <\/strong>denunci\u00f3 la cantante, argumentando que le gusta \u00abcuadricular\u00bb todo. Unas palabras que no gustaron a Roc\u00edo Carrasco. \u00abEn la vida te dan ostias, aplausos, te quieren, te odian&#8230; Y, cuadriculado, no hay nada en la vida\u00bb, le transmiti\u00f3 su compa\u00f1era de concurso, reprendi\u00e9ndola. <\/p>\n<p> El camino destino a Ushuaia (Argentina) sigue su recorrido en <a href=\"https:\/\/www.elconfidencial.com\/television\/programas-tv\/2025-11-26\/top-chef-rtve-belen-esteban_4255041\/\" target=\"_self\" rel=\"nofollow noopener\">Televisi\u00f3n Espa\u00f1ola<\/a>. <strong>Hasta el fin del mundo afront\u00f3 su cuarta etapa en <a href=\"https:\/\/www.elconfidencial.com\/television\/series-tv\/2025-11-26\/la-promesa-capitulo-724-especial-duelo-curro-lorenzo_4255495\/\" target=\"_self\" rel=\"nofollow noopener\">TVE<\/a><\/strong> en la noche del mi\u00e9rcoles, 26 de noviembre, con sus concursantes cada vez m\u00e1s desgastados y con menos presupuesto para ser los primeros en llegar a meta y contar con un privilegio en el siguiente programa. <\/p>\n","protected":false},"excerpt":{"rendered":"El camino destino a Ushuaia (Argentina) sigue su recorrido en Televisi\u00f3n Espa\u00f1ola. Hasta el fin del mundo afront\u00f3&hellip;\n","protected":false},"author":2,"featured_media":258012,"comment_status":"","ping_status":"","sticky":false,"template":"","format":"standard","meta":{"footnotes":""},"categories":[171],"tags":[146,147,25,24,23,214],"class_list":{"0":"post-258011","1":"post","2":"type-post","3":"status-publish","4":"format-standard","5":"has-post-thumbnail","7":"category-tv","8":"tag-entertainment","9":"tag-entretenimiento","10":"tag-es","11":"tag-espana","12":"tag-spain","13":"tag-tv"},"share_on_mastodon":{"url":"https:\/\/pubeurope.com\/@es\/115620136107640581","error":""},"_links":{"self":[{"href":"https:\/\/www.europesays.com\/es\/wp-json\/wp\/v2\/posts\/258011","targetHints":{"allow":["GET"]}}],"collection":[{"href":"https:\/\/www.europesays.com\/es\/wp-json\/wp\/v2\/posts"}],"about":[{"href":"https:\/\/www.europesays.com\/es\/wp-json\/wp\/v2\/types\/post"}],"author":[{"embeddable":true,"href":"https:\/\/www.europesays.com\/es\/wp-json\/wp\/v2\/users\/2"}],"replies":[{"embeddable":true,"href":"https:\/\/www.europesays.com\/es\/wp-json\/wp\/v2\/comments?post=258011"}],"version-history":[{"count":0,"href":"https:\/\/www.europesays.com\/es\/wp-json\/wp\/v2\/posts\/258011\/revisions"}],"wp:featuredmedia":[{"embeddable":true,"href":"https:\/\/www.europesays.com\/es\/wp-json\/wp\/v2\/media\/258012"}],"wp:attachment":[{"href":"https:\/\/www.europesays.com\/es\/wp-json\/wp\/v2\/media?parent=258011"}],"wp:term":[{"taxonomy":"category","embeddable":true,"href":"https:\/\/www.europesays.com\/es\/wp-json\/wp\/v2\/categories?post=258011"},{"taxonomy":"post_tag","embeddable":true,"href":"https:\/\/www.europesays.com\/es\/wp-json\/wp\/v2\/tags?post=258011"}],"curies":[{"name":"wp","href":"https:\/\/api.w.org\/{rel}","templated":true}]}}