{"id":258025,"date":"2025-11-27T06:14:19","date_gmt":"2025-11-27T06:14:19","guid":{"rendered":"https:\/\/www.europesays.com\/es\/258025\/"},"modified":"2025-11-27T06:14:19","modified_gmt":"2025-11-27T06:14:19","slug":"novak-djokovic-fue-uno-de-los-momentos-mas-tristes","status":"publish","type":"post","link":"https:\/\/www.europesays.com\/es\/258025\/","title":{"rendered":"Novak Djokovic: \u00abFue uno de los momentos m\u00e1s tristes\u00bb"},"content":{"rendered":"<p>20  de  nov, 2025, 09:22 ET<img class=\" lazyload lazyload\" data-image-container=\".inline-photo\" height=\"320\" width=\"570\"\/>El ex n\u00famero uno del mundo le dedic\u00f3 un emotivo mensaje a Nikola Pilic.\u00a0EPA<\/p>\n<p><strong>Novak Djokovic rindi\u00f3 homenaje al legendario Nikola Pilic en la Copa Davis.<\/strong> El ganador del US Open de dobles de 1970 falleci\u00f3 en septiembre a los 86 a\u00f1os, y se celebr\u00f3 una ceremonia en su honor a la que asistieron figuras como Nole, Ivan Ljubicic y Boris Becker.<\/p>\n<p>Selecciones Editoriales<\/p>\n<p>2 Relacionado<\/p>\n<p><strong>Antes del duelo entre Italia y Austria <\/strong>de cuartos de final tuvo lugar el acto para rememorar la figura del padre ten\u00edstico de un Djokovic que no quiso faltar al evento.<\/p>\n<p>Djokovic le dedic\u00f3 un emotivo mensaje al fallecido \u00edcono nacido en Split, diciendo: \u00abGracias a todos los que vinieron, este es un momento de emociones encontradas para m\u00ed. Cuando recibimos la noticia, <strong>fue uno de los momentos m\u00e1s tristes para m\u00ed,<\/strong> porque Nicky fue muy importante en mi vida, en mi carrera, as\u00ed como en las carreras de todos los caballeros que vienen detr\u00e1s de m\u00ed.<\/p>\n<p>\u00abTengo que decir que no hay mejor competici\u00f3n que la Copa Davis para celebrar lo que ha hecho Niki Pilic, quien seguir\u00e1 siendo el \u00fanico entrenador en esta important\u00edsima competici\u00f3n por equipos en ganar el trofeo con tres pa\u00edses: Alemania, Croacia y Serbia. Es una actuaci\u00f3n incre\u00edble, que probablemente nadie repetir\u00e1. Nikki, siempre te recordaremos. Te queremos\u00bb, cerr\u00f3.<\/p>\n<p>Pilic <strong>capitane\u00f3 <\/strong>un equipo alem\u00e1n, que inclu\u00eda a Becker, en las Copas Davis de 1988 y 1989, antes de liderar a Ljubicic y a su Croacia natal para ganar la edici\u00f3n de 2005 del evento. Tambi\u00e9n tuvo \u00e9xito como parte del equipo t\u00e9cnico de Serbia en 2010, donde trabaj\u00f3 con Djokovic.<\/p>\n<p>Y como resultado, los tres hombres estuvieron presentes para rendir un sentido homenaje a la leyenda del tenis en el evento de esta semana en Bolonia.<\/p>\n<p>Como jugador, adem\u00e1s de finalista de Roland Garros en 1973, sufri\u00f3 la <strong>suspensi\u00f3n <\/strong>de la Federaci\u00f3n Yugoslava de Tenis durante nueve meses por no jugar en un partido de la Copa Davis contra Nueva Zelanda en Zagreb.<\/p>\n<p>La Federaci\u00f3n Internacional de Tenis confirm\u00f3 la suspensi\u00f3n, pero la redujo a un mes, por lo que no pudo disputar los Abiertos de Italia y Alemania, y la primera semana de Wimbledon. <strong>Esa medida provoc\u00f3 creaci\u00f3n de la Asociaci\u00f3n de Tenistas Profesionales, que m\u00e1s tarde se uni\u00f3 con los directores de torneos en 1990 para formar el circuito ATP.<\/strong><\/p>\n","protected":false},"excerpt":{"rendered":"20 de nov, 2025, 09:22 ETEl ex n\u00famero uno del mundo le dedic\u00f3 un emotivo mensaje a Nikola&hellip;\n","protected":false},"author":2,"featured_media":258026,"comment_status":"","ping_status":"","sticky":false,"template":"","format":"standard","meta":{"footnotes":""},"categories":[274],"tags":[168,25,24,23,167,327,326],"class_list":{"0":"post-258025","1":"post","2":"type-post","3":"status-publish","4":"format-standard","5":"has-post-thumbnail","7":"category-tenis","8":"tag-deportes","9":"tag-es","10":"tag-espana","11":"tag-spain","12":"tag-sports","13":"tag-tenis","14":"tag-tennis"},"share_on_mastodon":{"url":"https:\/\/pubeurope.com\/@es\/115620194899067597","error":""},"_links":{"self":[{"href":"https:\/\/www.europesays.com\/es\/wp-json\/wp\/v2\/posts\/258025","targetHints":{"allow":["GET"]}}],"collection":[{"href":"https:\/\/www.europesays.com\/es\/wp-json\/wp\/v2\/posts"}],"about":[{"href":"https:\/\/www.europesays.com\/es\/wp-json\/wp\/v2\/types\/post"}],"author":[{"embeddable":true,"href":"https:\/\/www.europesays.com\/es\/wp-json\/wp\/v2\/users\/2"}],"replies":[{"embeddable":true,"href":"https:\/\/www.europesays.com\/es\/wp-json\/wp\/v2\/comments?post=258025"}],"version-history":[{"count":0,"href":"https:\/\/www.europesays.com\/es\/wp-json\/wp\/v2\/posts\/258025\/revisions"}],"wp:featuredmedia":[{"embeddable":true,"href":"https:\/\/www.europesays.com\/es\/wp-json\/wp\/v2\/media\/258026"}],"wp:attachment":[{"href":"https:\/\/www.europesays.com\/es\/wp-json\/wp\/v2\/media?parent=258025"}],"wp:term":[{"taxonomy":"category","embeddable":true,"href":"https:\/\/www.europesays.com\/es\/wp-json\/wp\/v2\/categories?post=258025"},{"taxonomy":"post_tag","embeddable":true,"href":"https:\/\/www.europesays.com\/es\/wp-json\/wp\/v2\/tags?post=258025"}],"curies":[{"name":"wp","href":"https:\/\/api.w.org\/{rel}","templated":true}]}}