{"id":258027,"date":"2025-11-27T06:15:12","date_gmt":"2025-11-27T06:15:12","guid":{"rendered":"https:\/\/www.europesays.com\/es\/258027\/"},"modified":"2025-11-27T06:15:12","modified_gmt":"2025-11-27T06:15:12","slug":"vallieres-gran-canaria-reune-unas-condiciones-espectaculares-para-el-ciclismo","status":"publish","type":"post","link":"https:\/\/www.europesays.com\/es\/258027\/","title":{"rendered":"Vallieres: \u00abGran Canaria re\u00fane unas condiciones espectaculares para el ciclismo\u00bb"},"content":{"rendered":"<p><a class=\"v-mdl-ath__fig-a\" href=\"https:\/\/www.canarias7.es\/autor\/daniel-herrera-rodriguez-6598.html\" title=\"Daniel Herrera Rodr\u00edguez\" rel=\"nofollow noopener\" target=\"_blank\"><br \/>\n<img decoding=\"async\" class=\"v-mdl-ath__img\" src=\"https:\/\/www.europesays.com\/es\/wp-content\/uploads\/2025\/08\/autor-6598-foto-1.jpeg\" alt=\"Daniel Herrera Rodr\u00edguez\"\/><br \/>\n<\/a><\/p>\n<p class=\"v-mdl-ath__p v-mdl-ath__p--6\">\nMi\u00e9rcoles, 26 de noviembre 2025<\/p>\n<p>| Actualizado 27\/11\/2025 00:30h.<\/p>\n<p class=\"v-p\">La ciclista canadiense, <strong>Magdeleine Vallieres (24 a\u00f1os)<\/strong>, disfruta en Gran Canaria de su primer stage de pretemporada tras proclamarse este a\u00f1o campeona del mundo en la ex\u00f3tica cita de Kigali (Ruanda), donde la espa\u00f1ola<strong> Mavi Garc\u00eda <\/strong>alcanz\u00f3 el bronce. La norteamericana retoma as\u00ed la bicicleta en un terreno id\u00f3neo por la climatolog\u00eda&#8230; y con la promesa de probar el Pico de Las Nieves, el considerado como el puerto m\u00e1s duro de Espa\u00f1a. <\/p>\n<p class=\"v-p\"><strong>-\u00bfQu\u00e9 tal le ha recibido la isla? \u00bfya ha empezado con su puesta a punto por aqu\u00ed?<\/strong><\/p>\n<p class=\"v-p\">-Hoy (en referencia a ayer mi\u00e9rcoles) tuvimos nuestra primera salida entre el sur y el interior y ha estado fant\u00e1stico. Me encanta la isla y estoy muy agradecida por la invitaci\u00f3n que me han brindado para venir aqu\u00ed. Gran Canaria re\u00fane unas condiciones espectaculares para la pr\u00e1ctica del ciclismo.<\/p>\n<p class=\"v-p\"><strong>-\u00bfPero a\u00fan no ha probado el &#8216;famoso&#8217; Pico de las Nieves&#8217;?<\/strong><\/p>\n<p class=\"v-p\">-Tenemos ganas de disfrutarlo. Todav\u00eda no lo he recorrido, seguramente lo hagamos en breve, pero me han explicado c\u00f3mo es el itinerario y la dificultad que conlleva. Estoy ansiosa por comprobar sus rampas.<\/p>\n<p class=\"v-p\"><strong>-\u00bfQu\u00e9 objetivos se marca para esta temporada?<\/strong><\/p>\n<p class=\"v-p\">-Estoy muy contenta por llevar en el \u00faltimo mes el maillot arcoiris y espero poder lucirlo bien durante el pr\u00f3ximo 2026. Me estoy preparando a fondo para las pr\u00f3ximas pruebas del calendario. <\/p>\n<p class=\"v-p\"><strong>-\u00bfSe ve ganando una Vuelta a Espa\u00f1a, un Giro o un Tour? No me refiero a este a\u00f1o, sino a medio plazo incluso&#8230;<\/strong><\/p>\n<p class=\"v-p\">-La cita m\u00e1s cercana en el calendario ahora es en Australia donde voy a estar. Pero claro, tengo muy presente las grandes vueltas y sobre todo dejarme ver y competir en el Tour de Francia. B\u00e1sicamente, tratar\u00e9 de liderar a mi equipo en las cl\u00e1sicas y de hacerlo lo mejor posible en la ronda gala. <\/p>\n<p class=\"v-p\"><strong>-\u00bfVe el calendario ciclista cada vez m\u00e1s cargado con tantas competiciones?<\/strong><\/p>\n<p class=\"v-p\">-La verdad es que somos conscientes de que el calendario ya es bastante largo, pero son los equipos lo que gestionan y organizan de la mejor manera posible c\u00f3mo configurar cada grupo para cada competici\u00f3n. Es cuesti\u00f3n de que el equipo maneje la mejor estrategia posible en cada momento. <\/p>\n<p>Reporta un error<\/p>\n","protected":false},"excerpt":{"rendered":"Mi\u00e9rcoles, 26 de noviembre 2025 | Actualizado 27\/11\/2025 00:30h. La ciclista canadiense, Magdeleine Vallieres (24 a\u00f1os), disfruta en&hellip;\n","protected":false},"author":2,"featured_media":258028,"comment_status":"","ping_status":"","sticky":false,"template":"","format":"standard","meta":{"footnotes":""},"categories":[273],"tags":[7221,313,14795,312,168,25,24,8344,3956,4984,23,167,64709],"class_list":{"0":"post-258027","1":"post","2":"type-post","3":"status-publish","4":"format-standard","5":"has-post-thumbnail","7":"category-ciclismo","8":"tag-canaria","9":"tag-ciclismo","10":"tag-condiciones","11":"tag-cycling","12":"tag-deportes","13":"tag-es","14":"tag-espana","15":"tag-espectaculares","16":"tag-gran","17":"tag-reune","18":"tag-spain","19":"tag-sports","20":"tag-vallieres"},"share_on_mastodon":{"url":"https:\/\/pubeurope.com\/@es\/115620199017248412","error":""},"_links":{"self":[{"href":"https:\/\/www.europesays.com\/es\/wp-json\/wp\/v2\/posts\/258027","targetHints":{"allow":["GET"]}}],"collection":[{"href":"https:\/\/www.europesays.com\/es\/wp-json\/wp\/v2\/posts"}],"about":[{"href":"https:\/\/www.europesays.com\/es\/wp-json\/wp\/v2\/types\/post"}],"author":[{"embeddable":true,"href":"https:\/\/www.europesays.com\/es\/wp-json\/wp\/v2\/users\/2"}],"replies":[{"embeddable":true,"href":"https:\/\/www.europesays.com\/es\/wp-json\/wp\/v2\/comments?post=258027"}],"version-history":[{"count":0,"href":"https:\/\/www.europesays.com\/es\/wp-json\/wp\/v2\/posts\/258027\/revisions"}],"wp:featuredmedia":[{"embeddable":true,"href":"https:\/\/www.europesays.com\/es\/wp-json\/wp\/v2\/media\/258028"}],"wp:attachment":[{"href":"https:\/\/www.europesays.com\/es\/wp-json\/wp\/v2\/media?parent=258027"}],"wp:term":[{"taxonomy":"category","embeddable":true,"href":"https:\/\/www.europesays.com\/es\/wp-json\/wp\/v2\/categories?post=258027"},{"taxonomy":"post_tag","embeddable":true,"href":"https:\/\/www.europesays.com\/es\/wp-json\/wp\/v2\/tags?post=258027"}],"curies":[{"name":"wp","href":"https:\/\/api.w.org\/{rel}","templated":true}]}}