{"id":258033,"date":"2025-11-27T06:19:09","date_gmt":"2025-11-27T06:19:09","guid":{"rendered":"https:\/\/www.europesays.com\/es\/258033\/"},"modified":"2025-11-27T06:19:09","modified_gmt":"2025-11-27T06:19:09","slug":"antonio-naranjo-se-sale-de-su-tono-habitual-y-hace-una-excepcion-con-sarah-santaolalla-tras-su-denuncia","status":"publish","type":"post","link":"https:\/\/www.europesays.com\/es\/258033\/","title":{"rendered":"Antonio Naranjo se sale de su tono habitual y hace una excepci\u00f3n con Sarah Santaolalla tras su denuncia"},"content":{"rendered":"<p><a href=\"https:\/\/eltelevisero.huffingtonpost.es\/2025\/11\/antonio-naranjo-lanza-este-dardo-tras-ganar-marilo-montero-masterchef-con-un-destinatario-muy-claro\/\" rel=\"nofollow noopener\" target=\"_blank\">Antonio Naranjo<\/a> y <a href=\"https:\/\/eltelevisero.huffingtonpost.es\/2025\/11\/sarah-santaolalla-remueve-conciencias-con-su-denuncia-tras-lo-ocurrido-en-un-acto-de-vito-quiles-tengo-miedo\/\" rel=\"nofollow noopener\" target=\"_blank\">Sarah Santaolalla<\/a> han protagonizado alg\u00fan que otro intercambio de opiniones cargado de tensi\u00f3n en la mesa de <a href=\"https:\/\/eltelevisero.huffingtonpost.es\/2025\/11\/nacho-abad-impugna-a-antonio-naranjo-tras-lo-sucedido-en-directo-en-mediaset-tengo-la-obligacion\/\" rel=\"nofollow noopener\" target=\"_blank\">&#8216;En boca de todos&#8217;<\/a>, espacio de Cuatro en el que coinciden como colaboradores. Sin embargo, el presentador de Telemadrid ha dejado a un lado sus diferencias ideol\u00f3gicas con la periodista para tomar sus redes sociales y lanzar un mensaje contra los \u00faltimos ataques que ha recibido.<\/p>\n<p>Su fichaje en &#8216;Malas Lenguas&#8217; y el aumento de su tiempo en la mesa de debate de &#8216;Ma\u00f1aneros 360&#8217; la ha puesto en el punto de mira desde el inicio de esta temporada. Se\u00f1alada e increpada incluso desde el Partido Popular, Santalaolla lidia a diario con todo tipo de insultos y vejaciones en sus redes sociales por su contundente postura sobre la derecha espa\u00f1ola, pero lo visto en una concentraci\u00f3n reciente de Vito Quiles sobrepasa todos los l\u00edmites.<\/p>\n<p>Antonio Naranjo sorprende saliendo en defensa de Sarah Santalaolla: \u00abTodo se puede y debe debatir\u00bb<\/p>\n<p>Con Vito Quiles a la cabeza envuelto en una bandera de Espa\u00f1a, se puede ver como el grupo de asistentes j\u00f3venes corean al un\u00edsono \u00abSarah Santaolalla chupapollas\u00bb. Una escena que ha revuelto incluso a Antonio Naranjo, que no suele acercar posturas con la joven tertuliana pero que no ha dudado en tomar su cuenta de X para condenar la falta de respeto liderada por Quiles. <strong>\u00abEsto tambi\u00e9n sobra y es inaceptable. Todo se puede y debe debatir\u00bb<\/strong>, ha sentenciado el colaborador de &#8216;En boca de todos&#8217; ante sus seguidores de la plataforma.<\/p>\n<blockquote class=\"twitter-tweet\" data-width=\"550\" data-dnt=\"true\">\n<p lang=\"es\" dir=\"ltr\">Y esto tambi\u00e9n sobra y es inaceptable. Todo se puede y debe debatir. Yo a <a href=\"https:\/\/twitter.com\/SarahPerezSanta?ref_src=twsrc%5Etfw\" rel=\"noopener nofollow\" target=\"_blank\">@SarahPerezSanta<\/a> no le paso una en un debate pol\u00edtico cuando no estoy de acuerdo, que es casi siempre. Pero esto de ataques personales, zafios y en grupo NO. Nunca.  <a href=\"https:\/\/t.co\/3vulKKDWJg\" rel=\"nofollow\">pic.twitter.com\/3vulKKDWJg<\/a><\/p>\n<p>\u2014 Antonio Naranjo (@AntonioRNaranjo) <a href=\"https:\/\/twitter.com\/AntonioRNaranjo\/status\/1993282459048505675?ref_src=twsrc%5Etfw\" rel=\"noopener nofollow\" target=\"_blank\">November 25, 2025<\/a><\/p><\/blockquote>\n<p><strong>\u00abYo a Sarah Santaolalla no le paso una en un debate pol\u00edtico cuando no estoy de acuerdo, que es casi siempre. Pero esto de ataques personales, zafios y en grupo, NO. Nunca\u00bb<\/strong>, ha continuado explicando el periodista, dejando claro que pese a sus diferencias con su compa\u00f1era de debate, no puede mirar hacia otro lado ante este ejemplo de violencia contra una mujer periodista. Una lamentable estampa de la que tambi\u00e9n se ha pronunciado la propia comunicadora.<\/p>\n<p>\u00abTengo miedo. <strong>Me da miedo que un fascista pueda convencer a unos cr\u00edos de violentar y denigrar a una mujer. Me da miedo que se normalice este odio contra m\u00ed o contra otras. Me da miedo su impunidad. Me da miedo que a este canalla lo financien pol\u00edticos.<\/strong> Otro 25N m\u00e1s con miedo\u00bb, ha confesado la compa\u00f1era de Antonio Naranjo recogiendo el v\u00eddeo de la concentraci\u00f3n publicado en X.<\/p>\n<p>Y es que, la tertuliana se ha enfrentado durante los \u00faltimos meses a todo tipo de cr\u00edticas y ataques por sus apariciones en TVE, llegando a ser se\u00f1alada por \u00abenchufismo\u00bb a ra\u00edz de colaborar en &#8216;Ma\u00f1aneros 360&#8217; y viviendo una disputa p\u00fablica con Jaime de los Santos, vicesecretario de Educaci\u00f3n e Igualdad del Partido Popular que arremeti\u00f3 contra la periodista pidiendo su despido del ente p\u00fablico. <\/p>\n<p>\t\t\t\t\t\t                    <script async src=\"https:\/\/platform.twitter.com\/widgets.js\" charset=\"utf-8\"><\/script><\/p>\n","protected":false},"excerpt":{"rendered":"Antonio Naranjo y Sarah Santaolalla han protagonizado alg\u00fan que otro intercambio de opiniones cargado de tensi\u00f3n en la&hellip;\n","protected":false},"author":2,"featured_media":258034,"comment_status":"","ping_status":"","sticky":false,"template":"","format":"standard","meta":{"footnotes":""},"categories":[174],"tags":[255,146,147,25,24,256,23],"class_list":{"0":"post-258033","1":"post","2":"type-post","3":"status-publish","4":"format-standard","5":"has-post-thumbnail","7":"category-famosos","8":"tag-celebrities","9":"tag-entertainment","10":"tag-entretenimiento","11":"tag-es","12":"tag-espana","13":"tag-famosos","14":"tag-spain"},"share_on_mastodon":{"url":"https:\/\/pubeurope.com\/@es\/115620214397738935","error":""},"_links":{"self":[{"href":"https:\/\/www.europesays.com\/es\/wp-json\/wp\/v2\/posts\/258033","targetHints":{"allow":["GET"]}}],"collection":[{"href":"https:\/\/www.europesays.com\/es\/wp-json\/wp\/v2\/posts"}],"about":[{"href":"https:\/\/www.europesays.com\/es\/wp-json\/wp\/v2\/types\/post"}],"author":[{"embeddable":true,"href":"https:\/\/www.europesays.com\/es\/wp-json\/wp\/v2\/users\/2"}],"replies":[{"embeddable":true,"href":"https:\/\/www.europesays.com\/es\/wp-json\/wp\/v2\/comments?post=258033"}],"version-history":[{"count":0,"href":"https:\/\/www.europesays.com\/es\/wp-json\/wp\/v2\/posts\/258033\/revisions"}],"wp:featuredmedia":[{"embeddable":true,"href":"https:\/\/www.europesays.com\/es\/wp-json\/wp\/v2\/media\/258034"}],"wp:attachment":[{"href":"https:\/\/www.europesays.com\/es\/wp-json\/wp\/v2\/media?parent=258033"}],"wp:term":[{"taxonomy":"category","embeddable":true,"href":"https:\/\/www.europesays.com\/es\/wp-json\/wp\/v2\/categories?post=258033"},{"taxonomy":"post_tag","embeddable":true,"href":"https:\/\/www.europesays.com\/es\/wp-json\/wp\/v2\/tags?post=258033"}],"curies":[{"name":"wp","href":"https:\/\/api.w.org\/{rel}","templated":true}]}}