{"id":25806,"date":"2025-08-04T20:44:08","date_gmt":"2025-08-04T20:44:08","guid":{"rendered":"https:\/\/www.europesays.com\/es\/25806\/"},"modified":"2025-08-04T20:44:08","modified_gmt":"2025-08-04T20:44:08","slug":"vamos-a-ver-alejandra-rubio-corta-a-sus-companeros-de-vamos-a-ver-por-comparaciones-con-terelu-me-parece-feo","status":"publish","type":"post","link":"https:\/\/www.europesays.com\/es\/25806\/","title":{"rendered":"Vamos a ver: Alejandra Rubio corta a sus compa\u00f1eros de &#8216;Vamos a ver&#8217; por \u00abcomparaciones\u00bb con Terelu: \u00abMe parece feo\u00bb"},"content":{"rendered":"<p class=\"article-text\">\n        <strong>Alejandra Rubio<\/strong> ha vuelto de vacaciones directa sentarse en el sof\u00e1 de<strong> Vamos a ver <\/strong>para hablar, precisamente de eso: su descanso familiar junto a <strong>Carlo Constanzia y Terelu Campos<\/strong>.\n    <\/p>\n<p>    <a href=\"https:\/\/www.eldiario.es\/noticias\/alejandra-rubio-responde-joaquin-prat-planta-cara-lequio-criticas-desubicado_1_12433293.html\" data-mrf-recirculation=\"saber-mas\" data-dl-event=\"saber-mas\" rel=\"nofollow noopener\" target=\"_blank\"><\/p>\n<p class=\"know-more__title\">Alejandra Rubio responde a Joaqu\u00edn Prat y planta cara a Lequio por sus cr\u00edticas: \u00abEres t\u00fa el que est\u00e1 desubicado\u00bb<\/p>\n<p>            <img decoding=\"async\" class=\"lazy\" loading=\"lazy\" data-src=\"https:\/\/static.eldiario.es\/clip\/c731a83d-133e-461e-9dcb-4c3a9322f45d_16-9-aspect-ratio_default_0.jpg\" src=\"data:image\/svg+xml,%3Csvg xmlns=\" http:=\"\" viewbox=\"0 0 880 495\" alt=\"Alejandra Rubio responde a Joaqu\u00edn Prat y planta cara a Lequio por sus cr\u00edticas: &quot;Eres t\u00fa el que est\u00e1 desubicado&quot;\"\/><\/p>\n<p>                        <\/a><\/p>\n<p class=\"article-text\">\n        La colaboradora del programa de Telecinco se tom\u00f3 con humor que supieran cada uno de los pasos que hab\u00eda dado en M\u00e1laga, porque todos los periodistas les segu\u00edan: <strong>\u201c\u00bfCu\u00e1ndo os vais de vacaciones vosotros?\u201d,<\/strong> dec\u00eda entre risas.\n    <\/p>\n<p class=\"article-text\">\n        Mientras sus compa\u00f1eros alegaban que hab\u00eda elegido una mala semana ya que justo su madre hab\u00eda protagonizado una <a href=\"https:\/\/www.eldiario.es\/vertele\/noticias\/terelu-campos-responde-fiesta-criticas-posado-bikini-he-heredado-buena-genetica-madre_1_12513383.html\" target=\"_blank\" data-mrf-recirculation=\"links-noticia\" class=\"link\" rel=\"nofollow noopener\">portada muy comentada<\/a> en ba\u00f1ador y eso multiplic\u00f3 la prensa detr\u00e1s de ellos.\n    <\/p>\n<p class=\"article-text\">\n        Siguiendo el tema de su madre, los tertulianos le se\u00f1alaron que <strong>se hab\u00eda estado hablando mucho tambi\u00e9n del \u201cpapel de Terelu como abuela\u201d<\/strong> y ah\u00ed la hija salt\u00f3: \u201c<strong>Quiero decir una cosa: me parece tan feo este tema. Te lo digo en serio<\/strong>. Comparaciones con qui\u00e9n es mejor abuela&#8230; mi madre no entra en eso, ni va a entrar, yo siempre le voy a decir que no entre\u201d, asegur\u00f3.\n    <\/p>\n<p class=\"article-text\">\n        Aunque el resto de periodistas le recordaba que hab\u00eda sido<strong> Carmen Borrego<\/strong>, su t\u00eda, la primera en hacer las comparaciones desde las que sal\u00edan las especulaciones de la prensa. Sin embargo, Alejandra hizo caso omiso a los argumentos y continu\u00f3:\n    <\/p>\n<p>    <a href=\"https:\/\/www.eldiario.es\/vertele\/noticias\/ana-rosa-bendice-salto-joaquin-prat-tarde-telecinco-dice-idea-primera-propuse_1_12513409.html\" data-mrf-recirculation=\"saber-mas-abajo\" data-dl-event=\"saber-mas-abajo\" rel=\"nofollow noopener\" target=\"_blank\"><\/p>\n<p class=\"know-more__title\">Ana Rosa &#8216;bendice&#8217; el salto de Joaqu\u00edn Prat a la tarde de Telecinco y dice que fue su idea: \u201cFui la primera que lo propuse\u201d<\/p>\n<p>            <img decoding=\"async\" class=\"lazy\" loading=\"lazy\" data-src=\"https:\/\/static.eldiario.es\/clip\/bef1f570-af70-4de9-9f6d-bf52a7fe1a43_16-9-aspect-ratio_default_0.jpg\" src=\"data:image\/svg+xml,%3Csvg xmlns=\" http:=\"\" viewbox=\"0 0 880 495\" alt=\"Ana Rosa 'bendice' el salto de Joaqu\u00edn Prat a la tarde de Telecinco y dice que fue su idea:  &quot;Fui la primera que lo propuse&quot;\"\/><\/p>\n<p>                        <\/a><\/p>\n<p class=\"article-text\">\n        \u201cMi madre, para m\u00ed, es una abuela fant\u00e1stica, no tengo ninguna queja, y hasta aqu\u00ed. La que tengo que comentar soy yo que para eso es mi hijo, ni voy a comparar, ni nada, no quiero que sea ni mejor, ni peor abuela que nadie, <strong>es la abuela perfecta. No tengo nada m\u00e1s que decir\u201d<\/strong>, zanj\u00f3.\n    <\/p>\n","protected":false},"excerpt":{"rendered":"Alejandra Rubio ha vuelto de vacaciones directa sentarse en el sof\u00e1 de Vamos a ver para hablar, precisamente&hellip;\n","protected":false},"author":2,"featured_media":25807,"comment_status":"","ping_status":"","sticky":false,"template":"","format":"standard","meta":{"footnotes":""},"categories":[171],"tags":[7934,14347,14348,4708,146,147,25,24,14349,3088,14346,23,5522,214,809],"class_list":{"0":"post-25806","1":"post","2":"type-post","3":"status-publish","4":"format-standard","5":"has-post-thumbnail","7":"category-tv","8":"tag-alejandra","9":"tag-companeros","10":"tag-comparaciones","11":"tag-corta","12":"tag-entertainment","13":"tag-entretenimiento","14":"tag-es","15":"tag-espana","16":"tag-feo","17":"tag-parece","18":"tag-rubio","19":"tag-spain","20":"tag-terelu","21":"tag-tv","22":"tag-ver"},"share_on_mastodon":{"url":"","error":""},"_links":{"self":[{"href":"https:\/\/www.europesays.com\/es\/wp-json\/wp\/v2\/posts\/25806","targetHints":{"allow":["GET"]}}],"collection":[{"href":"https:\/\/www.europesays.com\/es\/wp-json\/wp\/v2\/posts"}],"about":[{"href":"https:\/\/www.europesays.com\/es\/wp-json\/wp\/v2\/types\/post"}],"author":[{"embeddable":true,"href":"https:\/\/www.europesays.com\/es\/wp-json\/wp\/v2\/users\/2"}],"replies":[{"embeddable":true,"href":"https:\/\/www.europesays.com\/es\/wp-json\/wp\/v2\/comments?post=25806"}],"version-history":[{"count":0,"href":"https:\/\/www.europesays.com\/es\/wp-json\/wp\/v2\/posts\/25806\/revisions"}],"wp:featuredmedia":[{"embeddable":true,"href":"https:\/\/www.europesays.com\/es\/wp-json\/wp\/v2\/media\/25807"}],"wp:attachment":[{"href":"https:\/\/www.europesays.com\/es\/wp-json\/wp\/v2\/media?parent=25806"}],"wp:term":[{"taxonomy":"category","embeddable":true,"href":"https:\/\/www.europesays.com\/es\/wp-json\/wp\/v2\/categories?post=25806"},{"taxonomy":"post_tag","embeddable":true,"href":"https:\/\/www.europesays.com\/es\/wp-json\/wp\/v2\/tags?post=25806"}],"curies":[{"name":"wp","href":"https:\/\/api.w.org\/{rel}","templated":true}]}}