{"id":258061,"date":"2025-11-27T06:45:21","date_gmt":"2025-11-27T06:45:21","guid":{"rendered":"https:\/\/www.europesays.com\/es\/258061\/"},"modified":"2025-11-27T06:45:21","modified_gmt":"2025-11-27T06:45:21","slug":"mi-familia-lo-acepto-pero-me-hicieron-muchas-preguntas","status":"publish","type":"post","link":"https:\/\/www.europesays.com\/es\/258061\/","title":{"rendered":"Mi familia lo acept\u00f3, pero me hicieron muchas preguntas"},"content":{"rendered":"<p><b>Asun y Rafael <\/b>siempre fueron dos vecinos como puede tener cualquiera. Ambos se cruzaban en el rellano o en el ascensor, se sonre\u00edan y manten\u00edan conversaciones agradables. Sin embargo,<b> su vida hoy est\u00e1 unida para siempre. <\/b><\/p>\n<p>Rafael sufri\u00f3 un <b>fallo en ambos ri\u00f1ones <\/b>que lleg\u00f3 sin avisar, de un d\u00eda para otro. Su familia no pod\u00eda donarle un ri\u00f1\u00f3n y, cuando Asun se enter\u00f3, no dud\u00f3 en hacerlo.<\/p>\n<p>De forma totalmente altruista y desinteresada, Asun invit\u00f3 a un caf\u00e9 a Rafa y le dijo: <b>\u00abTe voy a hacer un regalo\u00bb<\/b>. \u00abMi familia lo acept\u00f3, pero <b>me hicieron muchas preguntas<\/b>\u00ab, nos cuenta Asun.<\/p>\n<p>La familia de Rafael se qued\u00f3 completamente en shock al enterarse del gesto que iba a tener su vecina con \u00e9l. Algo por lo que Rafael estar\u00e1 <b>eternamente agradecido. <\/b><\/p>\n<p>Hoy, Asun le ha regalado vida a Rafa, que ya no solo son vecinos, sino tambi\u00e9n almas unidas para siempre. \u00a1No te pierdas su entrevista en el v\u00eddeo de arriba!<\/p>\n","protected":false},"excerpt":{"rendered":"Asun y Rafael siempre fueron dos vecinos como puede tener cualquiera. Ambos se cruzaban en el rellano o&hellip;\n","protected":false},"author":2,"featured_media":258062,"comment_status":"","ping_status":"","sticky":false,"template":"","format":"standard","meta":{"footnotes":""},"categories":[171],"tags":[146,147,25,24,23,214],"class_list":{"0":"post-258061","1":"post","2":"type-post","3":"status-publish","4":"format-standard","5":"has-post-thumbnail","7":"category-tv","8":"tag-entertainment","9":"tag-entretenimiento","10":"tag-es","11":"tag-espana","12":"tag-spain","13":"tag-tv"},"share_on_mastodon":{"url":"https:\/\/pubeurope.com\/@es\/115620316859399759","error":""},"_links":{"self":[{"href":"https:\/\/www.europesays.com\/es\/wp-json\/wp\/v2\/posts\/258061","targetHints":{"allow":["GET"]}}],"collection":[{"href":"https:\/\/www.europesays.com\/es\/wp-json\/wp\/v2\/posts"}],"about":[{"href":"https:\/\/www.europesays.com\/es\/wp-json\/wp\/v2\/types\/post"}],"author":[{"embeddable":true,"href":"https:\/\/www.europesays.com\/es\/wp-json\/wp\/v2\/users\/2"}],"replies":[{"embeddable":true,"href":"https:\/\/www.europesays.com\/es\/wp-json\/wp\/v2\/comments?post=258061"}],"version-history":[{"count":0,"href":"https:\/\/www.europesays.com\/es\/wp-json\/wp\/v2\/posts\/258061\/revisions"}],"wp:featuredmedia":[{"embeddable":true,"href":"https:\/\/www.europesays.com\/es\/wp-json\/wp\/v2\/media\/258062"}],"wp:attachment":[{"href":"https:\/\/www.europesays.com\/es\/wp-json\/wp\/v2\/media?parent=258061"}],"wp:term":[{"taxonomy":"category","embeddable":true,"href":"https:\/\/www.europesays.com\/es\/wp-json\/wp\/v2\/categories?post=258061"},{"taxonomy":"post_tag","embeddable":true,"href":"https:\/\/www.europesays.com\/es\/wp-json\/wp\/v2\/tags?post=258061"}],"curies":[{"name":"wp","href":"https:\/\/api.w.org\/{rel}","templated":true}]}}