{"id":258067,"date":"2025-11-27T06:50:20","date_gmt":"2025-11-27T06:50:20","guid":{"rendered":"https:\/\/www.europesays.com\/es\/258067\/"},"modified":"2025-11-27T06:50:20","modified_gmt":"2025-11-27T06:50:20","slug":"comer-en-cordoba-cordoba-aumenta-sus-estrellas-en-el-firmamento-de-la-guia-michelin-paco-morales-kisco-garcia-y-periko-ortega","status":"publish","type":"post","link":"https:\/\/www.europesays.com\/es\/258067\/","title":{"rendered":"Comer en C\u00f3rdoba | C\u00f3rdoba aumenta sus estrellas en el firmamento de la Gu\u00eda Michelin: Paco Morales, Kisco Garc\u00eda y Periko Ortega"},"content":{"rendered":"<p class=\"ft-text\">La <a class=\"ft-link ft-link--decoration\" href=\"https:\/\/www.diariocordoba.com\/tags\/gastronomia\/\" rel=\"nofollow noopener\" target=\"_blank\">gastronom\u00eda cordobesa<\/a> sigue brillando en el firmamento estrellado de la<strong> <\/strong><a class=\"ft-link ft-link--decoration\" href=\"https:\/\/www.diariocordoba.com\/tags\/guia-michelin\/\" rel=\"nofollow noopener\" target=\"_blank\"><strong>Gu\u00eda Michelin<\/strong><\/a>, el or\u00e1culo culinario que este martes ha presentado en M\u00e1laga los escogidos de la<strong> \u2018Gu\u00eda Michelin Espa\u00f1a &amp; Andorra 2026\u2019<\/strong>, donde se detallan los restaurantes laureados con <strong>una, dos o tres estrellas Michelin<\/strong>, m\u00e1ximo distintivo de la cocina internacional, as\u00ed como los <strong>Bib Gourmand<\/strong> y los premios especiales.<\/p>\n<p class=\"ft-text\">Hasta ahora, los m\u00e1ximos exponentes de la cocina hecha en <a class=\"ft-link ft-link--decoration\" href=\"https:\/\/www.diariocordoba.com\/cordoba\/cordoba\/\" rel=\"nofollow noopener\" target=\"_blank\">C\u00f3rdoba<\/a> en la Gu\u00eda Michelin eran <a class=\"ft-link ft-link--decoration\" href=\"https:\/\/www.diariocordoba.com\/tags\/paco-morales\/\" rel=\"nofollow noopener\" target=\"_blank\"><strong>Paco Morales<\/strong><\/a><strong> y <\/strong><a class=\"ft-link ft-link--decoration\" href=\"https:\/\/www.diariocordoba.com\/tags\/kisko-garcia\/\" rel=\"nofollow noopener\" target=\"_blank\"><strong>Kisko Garc\u00eda<\/strong><\/a><strong>, que revalidan distinci\u00f3n y mantienen sus estrellas <\/strong>un a\u00f1o m\u00e1s, confirm\u00e1ndose como los imprescindibles de la gastronom\u00eda local. Pero el firmamento gastron\u00f3mico sigue ensanch\u00e1ndose. Y lo hace con una nueva estrella, la que luce ya el establecimiento de Periko Ortega. Su restaurante ReComiendo logra su primera estrella Michel\u00edn.<\/p>\n<p>La primera de ReComiendo<\/p>\n<p class=\"ft-text\">Periko Ortega, proviene de una<strong> familia vinculada a la gastronom\u00eda y al aceite de oliva<\/strong> y, con esta estrella, afianza su trayectoria profesional. Ha trabajado en Mallorca, M\u00e1laga (Tragabuches) y el Pa\u00eds Vasco (Mugaritz).<\/p>\n<p class=\"ft-text\">De vuelta a su ciudad, abri\u00f3 <strong>El Somontano<\/strong>, primer restaurante creativo de C\u00f3rdoba, y despu\u00e9s pas\u00f3 a ser jefe de pasteler\u00eda en el Caf\u00e9 de Par\u00eds.<\/p>\n<p><img decoding=\"async\" src=\"https:\/\/www.europesays.com\/es\/wp-content\/uploads\/2025\/11\/7d1fd43c-63fc-407c-b653-83302f529f2d_alta-libre-aspect-ratio_default_0.jpg\" width=\"1200\" height=\"800\" alt=\"C\u00f3rdoba Periko Ortega chef del restaurante Recomiendo Postre men\u00fa de Nochevieja\" class=\"ft-helper-img-rd\" loading=\"lazy\"\/><\/p>\n<p class=\"ft-helper-fontColor-quaternary ft-helper-fontSize-body-S ft-helper-spacer-t-xxs\">Periko Ortega, chef del restaurante Recomiendo.  \/ A.J. GONZALEZ <\/p>\n<p class=\"ft-text\">De vuelta en C\u00f3rdoba, dirige pasteler\u00edas del <strong>Grupo Cabezas Romero<\/strong> y ejerci\u00f3 de chef en hoteles NH.<\/p>\n<p class=\"ft-text\">Tras pasar por Cacareo y Choco (1 estrella Michelin), inaugur\u00f3 ReComiendo en 2014, traslad\u00e1ndolo en 2018 y recibiendo premios nacionales e internacionales, <strong>incluido Travellers Choice 2019<\/strong>.<\/p>\n<p>Las tres estrellas de Noor<\/p>\n<p class=\"ft-text\">En el caso de Paco Morales, al frente del <a class=\"ft-link ft-link--decoration\" href=\"https:\/\/www.diariocordoba.com\/tags\/restaurante-noor\/\" rel=\"nofollow noopener\" target=\"_blank\">restaurante Noor<\/a> junto a <strong>Paola Gualandi<\/strong>, revalida las tres estrellas (la m\u00e1xima calificaci\u00f3n) por tercer a\u00f1o, tras obtener por primera vez este sello en 2023.<\/p>\n<p class=\"ft-text\">Sobre la propuesta de Paco Morales, la Gu\u00eda Michelin detalla que Noor \u201ces mucho m\u00e1s que un restaurante gastron\u00f3mico, pues tras cada detalle hay un equipo multidisciplinar que aporta sus conocimientos para sacar de las tinieblas la esencia de esa C\u00f3rdoba, culta y en cierto modo m\u00e1gica, que deslumbr\u00f3 desde el Califato de Abderram\u00e1n III\u201d.<\/p>\n<p><img decoding=\"async\" src=\"https:\/\/estaticos-cdn.prensaiberica.es\/clip\/1df84f9f-86b2-4305-85da-add5ceea24e2_alta-libre-aspect-ratio_default_0.jpg\" width=\"1200\" height=\"800\" alt=\"El chef cordob\u00e9s Paco Morales posa en Noor.\" class=\"ft-helper-img-rd\" loading=\"lazy\"\/><\/p>\n<p class=\"ft-helper-fontColor-quaternary ft-helper-fontSize-body-S ft-helper-spacer-t-xxs\">El chef cordob\u00e9s Paco Morales posa en Noor.  \/ Manuel Murillo<\/p>\n<p class=\"ft-text\">Morales recupera la<strong> esencia de la cocina andalus\u00ed<\/strong> desde los conceptos y t\u00e9cnicas actuales, con platos destacados como \u201cel emblem\u00e1tico Karim de s\u00e9samo blanco con su helado, manzana verde y caviar del desierto, la pasta de trigo duro, mantequilla ahumada, fondo de verduras al brandy y calamar o, ya de postre, su tarta de algarroba, con forma de estrella de ocho puntas\u201d.<\/p>\n<p>14 a\u00f1os de estrella para Choco<\/p>\n<p class=\"ft-text\">Por su parte, Kisko Garc\u00eda y su<strong> restaurante Choco <\/strong>mantiene la estrella Michelin lograda hace ya 14 a\u00f1os. \u201cUna casa que enamora por su arraigo, pues presentando un espacio de elegante minimalismo<strong> no ha perdido esa autenticidad <\/strong>inherente a los negocios de toda la vida\u201d, se\u00f1ala la Gu\u00eda Michelin acerca de la propuesta culinaria de Kisko Garc\u00eda. Y contin\u00faa: \u201cA trav\u00e9s de los men\u00fas degustaci\u00f3n, saca a la luz los sabores, olores y risas del Valle de Los Pedroches y de <a class=\"ft-link ft-link--decoration\" href=\"https:\/\/www.diariocordoba.com\/cordoba\/villanueva-cordoba\/\" rel=\"nofollow noopener\" target=\"_blank\">Villanueva de C\u00f3rdoba<\/a>, la Andaluc\u00eda que marc\u00f3 para bien su ni\u00f1ez, con materias primas locales y de temporada, trabajo en equipo, sabor y actitud\u201d.<\/p>\n<p><img decoding=\"async\" src=\"https:\/\/www.europesays.com\/es\/wp-content\/uploads\/2025\/11\/78b56788-09c7-4f0b-ad75-50ef46d15d68_alta-libre-aspect-ratio_default_0.jpg\" width=\"1200\" height=\"857\" alt=\"Kisko Garc\u00eda, chef del restaurante Choco, elaborando una de sus creaciones.\" class=\"ft-helper-img-rd\" loading=\"lazy\"\/><\/p>\n<p class=\"ft-helper-fontColor-quaternary ft-helper-fontSize-body-S ft-helper-spacer-t-xxs\">Kisko Garc\u00eda, chef del restaurante Choco, elaborando una de sus creaciones.  \/ A.J. GONZ\u00c1LEZ<\/p>\n<p>Nuevo Bib Gourmand en C\u00f3rdoba<\/p>\n<p class=\"ft-text\">De otro lado, la Gu\u00eda Michelin ampl\u00eda tambi\u00e9n el reconocimiento los establecimientos<strong> Bib Gourmand<\/strong> en la provincia, un sello con el que identifica a aquellos establecimientos con una excelente relaci\u00f3n calidad-precio.<\/p>\n<p class=\"ft-text\">La gala de ayer suma uno m\u00e1s a los ya existentes. El restaurante de la capital<strong> Regadera<\/strong> se suma a los ya reconocidos como<strong> El Envero<\/strong>, <strong>La Cuchara de San Lorenzo<\/strong>, <strong>La Taberna de Almod\u00f3var<\/strong>, <strong>Terra Olea<\/strong>,<strong> Kar\u00e0n Bistr\u00f3<\/strong> (Pozoblanco),<strong> Alma Ezequiel Montilla<\/strong> (Puente Genil) y la <strong>Taberna de Cuatro Caminos<\/strong> (Almod\u00f3var del R\u00edo).<\/p>\n","protected":false},"excerpt":{"rendered":"La gastronom\u00eda cordobesa sigue brillando en el firmamento estrellado de la Gu\u00eda Michelin, el or\u00e1culo culinario que este&hellip;\n","protected":false},"author":2,"featured_media":258068,"comment_status":"","ping_status":"","sticky":false,"template":"","format":"standard","meta":{"footnotes":""},"categories":[91],"tags":[64718,146,147,25,24,14267,4475,64719,45561,795,4813,64717,64716,64720,2022,23],"class_list":{"0":"post-258067","1":"post","2":"type-post","3":"status-publish","4":"format-standard","5":"has-post-thumbnail","7":"category-entretenimiento","8":"tag-comer-en-cordoba","9":"tag-entertainment","10":"tag-entretenimiento","11":"tag-es","12":"tag-espana","13":"tag-estrella","14":"tag-gastronomia","15":"tag-kisko-garcia","16":"tag-michelin","17":"tag-nueva","18":"tag-ortega","19":"tag-paco-morales","20":"tag-periko","21":"tag-restaurante-noor","22":"tag-restaurantes","23":"tag-spain"},"share_on_mastodon":{"url":"https:\/\/pubeurope.com\/@es\/115620337018860155","error":""},"_links":{"self":[{"href":"https:\/\/www.europesays.com\/es\/wp-json\/wp\/v2\/posts\/258067","targetHints":{"allow":["GET"]}}],"collection":[{"href":"https:\/\/www.europesays.com\/es\/wp-json\/wp\/v2\/posts"}],"about":[{"href":"https:\/\/www.europesays.com\/es\/wp-json\/wp\/v2\/types\/post"}],"author":[{"embeddable":true,"href":"https:\/\/www.europesays.com\/es\/wp-json\/wp\/v2\/users\/2"}],"replies":[{"embeddable":true,"href":"https:\/\/www.europesays.com\/es\/wp-json\/wp\/v2\/comments?post=258067"}],"version-history":[{"count":0,"href":"https:\/\/www.europesays.com\/es\/wp-json\/wp\/v2\/posts\/258067\/revisions"}],"wp:featuredmedia":[{"embeddable":true,"href":"https:\/\/www.europesays.com\/es\/wp-json\/wp\/v2\/media\/258068"}],"wp:attachment":[{"href":"https:\/\/www.europesays.com\/es\/wp-json\/wp\/v2\/media?parent=258067"}],"wp:term":[{"taxonomy":"category","embeddable":true,"href":"https:\/\/www.europesays.com\/es\/wp-json\/wp\/v2\/categories?post=258067"},{"taxonomy":"post_tag","embeddable":true,"href":"https:\/\/www.europesays.com\/es\/wp-json\/wp\/v2\/tags?post=258067"}],"curies":[{"name":"wp","href":"https:\/\/api.w.org\/{rel}","templated":true}]}}