{"id":258074,"date":"2025-11-27T06:54:13","date_gmt":"2025-11-27T06:54:13","guid":{"rendered":"https:\/\/www.europesays.com\/es\/258074\/"},"modified":"2025-11-27T06:54:13","modified_gmt":"2025-11-27T06:54:13","slug":"el-parlamento-andaluz-acepta-la-ilp-por-la-sanidad-publica-pero-no-podra-tramitarse-antes-de-las-elecciones-el-salto","status":"publish","type":"post","link":"https:\/\/www.europesays.com\/es\/258074\/","title":{"rendered":"El Parlamento andaluz acepta la ILP por la sanidad p\u00fablica, pero no podr\u00e1 tramitarse antes de las elecciones &#8211; El Salto"},"content":{"rendered":"<p style=\"\">Durante la jornada del mi\u00e9rcoles se ha debatido en el <a href=\"https:\/\/www.parlamentodeandalucia.es\/webdinamica\/portal-web-parlamento\/inicio.do\" target=\"_blank\" rel=\"nofollow noopener\">Parlamento andaluz<\/a> la puesta en marcha de una Iniciativa Legislativa Popular impulsada por las mareas blancas para blindar la sanidad p\u00fablica en Andaluc\u00eda. Una propuesta que expone que desde el a\u00f1o 2019, fecha de llegada del actual presidente de <a href=\"https:\/\/www.rtve.es\/noticias\/20251111\/amama-cifra-4000-mujeres-afectadas-fallos-cribados-cancer-andalucia\/16810000.shtml\" target=\"_blank\" rel=\"nofollow noopener\">la Junta de Andaluc\u00eda,<\/a> Juanma Moreno Bonilla al poder, \u201cse ha hecho m\u00e1s intenso el deterioro de la sanidad p\u00fablica\u201d, como explica el documento de la iniciativa. <\/p>\n<p style=\"\">Un deterioro que consideran es causa del \u201cmodelo de gesti\u00f3n llamado de colaboraci\u00f3n sanitaria p\u00fablico-privada, que, en la pr\u00e1ctica, est\u00e1 produciendo un adelgazamiento progresivo del sector sanitario p\u00fablico y un crecimiento continuo del privado\u201d. La propuesta est\u00e1 avalada por 57.000 firmas de andaluzas y andaluces, y antes de la sesi\u00f3n de debate cientos de personas se han manifestado a las puertas del Parlamento para mostrar su apoyo a la <a href=\"https:\/\/www.elsaltodiario.com\/andalucia\/empresas-se-benefician-privatizaciones-sanidad-junta-andalucia\" target=\"_blank\" rel=\"nofollow noopener\">sanidad p\u00fablica<\/a>.<\/p>\n<blockquote><p>\u201cLa madre del cordero se llama privatizaci\u00f3n, no solo es el dinero p\u00fablico que se transfiere a la sanidad privada, sino que es tambi\u00e9n el conjunto de estrategias que terminan favoreciendo a la sanidad privada\u201d, ha expuesto el portavoz de la propuesta en el Parlamento andaluz.<\/p><\/blockquote>\n<p style=\"\">Sebasti\u00e1n Martin Recio, portavoz de la propuesta de la ILP, expuso durante el debate en el parlamento andaluz que: \u201cSi la sanidad p\u00fablica no est\u00e1 bien, es culpa de la gesti\u00f3n de la misma\u201d. Recio ha insistido en que \u201cla sanidad p\u00fablica est\u00e1 p\u00e1lida, desnutrida, exhausta, est\u00e1 enferma y encima se le saca cada semana una bolsa de sangre para darla a una cl\u00ednica privada\u201d. El portavoz ha puntualizado que: \u201cLa madre del cordero se llama privatizaci\u00f3n, que no solo es el dinero p\u00fablico que se transfiere a la sanidad privada, sino que es tambi\u00e9n el conjunto de medidas, de actitudes, de estrategias que terminan favoreciendo a la sanidad privada\u201d.<\/p>\n<p style=\"\">Los colectivos que han impulsado esta iniciativa insisten en la responsabilidad del Gobierno andaluz en esta dram\u00e1tica situaci\u00f3n de la sanidad en Andaluc\u00eda causada por \u201clas decisiones privatizadoras\u201d que \u00a0\u201cse acumulan en este periodo\u201d, por las que \u00a0\u201clas listas de espera sanitarias, tanto las diagn\u00f3sticas como las quir\u00fargicas, se han visto incrementadas de forma escandalosa\u201d. La propuesta pide una reforma de la Ley 2\/1998, de Salud de Andaluc\u00eda, con el objetivo de \u201cblindar la sanidad p\u00fablica\u201d, y para ello piden que \u201cel r\u00e9gimen de concierto ser\u00e1 incompatible con la percepci\u00f3n de subvenciones destinadas a la financiaci\u00f3n de las actividades o servicios que hayan sido objeto del concierto\u201d y que haya \u201csistemas de control social de las decisiones de la administraci\u00f3n sobre la sanidad p\u00fablica\u201d para \u201cpotenciar el necesario desarrollo de los recursos propios en todos los niveles asistenciales para garantizar la accesibilidad de los ciudadanos y el correcto funcionamiento de los mismos\u201d.<\/p>\n<p>  <img alt=\"Parlamento Andaluc\u00eda ILP 2\" class=\"card-img-top figure-img\" \/><\/p>\n<p>\n        P\u00fablico asistente al debate de la proposici\u00f3n de ley de iniciativa legislativa popular de recuperaci\u00f3n de los niveles de calidad del sistema sanitario p\u00fablico en Andaluc\u00eda<\/p>\n<p style=\"\">A pesar de que se esperaba el voto negativo del PP-A, la agrupaci\u00f3n que dirige el gobierno andaluz ha votado a favor de la iniciativa. \u201cNosotros estamos respaldando el derecho de los promotores y de las personas que han firmado esta iniciativa para que se tramite, trat\u00e1ndose de un tema de la importancia del que se trata, pero esas cr\u00edticas a la sanidad en Andaluc\u00eda, no las compartimos\u201d, adelantaba durante la ma\u00f1ana el portavoz del Grupo Parlamentario Popular, Toni Mart\u00edn, acerca del sentido del voto.\u00a0<\/p>\n<p>Una proceso interrumpido por las elecciones<\/p>\n<p style=\"\">Desde la oposici\u00f3n denuncian que el inesperado voto a favor corresponde a una maniobra para limpiar la imagen del Gobierno andaluz tras varios meses en el foco por su gesti\u00f3n sanitaria. El proyecto dif\u00edcilmente podr\u00e1 hacerse realidad a causa de la convocatoria electoral de 2026. El Reglamento del Parlamento andaluz recoge en su art\u00edculo 192 que \u201cal final de cada legislatura caducar\u00e1n todos los tr\u00e1mites parlamentarios pendientes de examen y de resoluci\u00f3n por el Parlamento, excepto aquellos que correspondan conocer a la Diputaci\u00f3n Permanente o deban prorrogarse por disposici\u00f3n legal.\u201d<\/p>\n<blockquote><p>El escenario m\u00e1s probable es que los tr\u00e1mites se vean interrumpidos por la convocatoria electoral que se proyecta ser\u00e1 el pr\u00f3ximo junio de 2026.<\/p><\/blockquote>\n<p style=\"\"> Es decir, este mi\u00e9rcoles el Parlamento andaluz ha dado v\u00eda libre a que esta iniciativa popular se tramite como una proposici\u00f3n de ley ordinaria, por lo que le queda a\u00fan por pasar varias fases de debate, reformulaci\u00f3n y burocracia para que se haga realidad.<\/p>\n<p style=\"\">En primer lugar, la propuesta se abrir\u00e1 a un proceso de enmienda, totales y parciales, que busquen cambiar el texto del documento original. En esta fase se espera que el PP presente modificaciones. Estos tr\u00e1mites podr\u00edan durar entre dos semanas y meses. Una vez est\u00e9n resueltas las enmiendas, la Mesa del Parlamento remitir\u00e1 la propuesta a la Comisi\u00f3n espec\u00edfica que debatir\u00e1 la propuesta junto a las enmiendas y dictaminar\u00e1 una resoluci\u00f3n, un proceso en el que comparecen expertos y diputados del Parlamento andaluz y que se puede alargar varios meses. <\/p>\n<p style=\"\">Una vez la Comisi\u00f3n dicte su resoluci\u00f3n, estar\u00e1 preparada para votarse en el Parlamento andaluz, donde la c\u00e1mara votar\u00e1 a favor o en contra. El escenario m\u00e1s probable es que estos tr\u00e1mites se vean interrumpidos por la convocatoria electoral que se proyecta ser\u00e1 el pr\u00f3ximo junio de 2026. La ILP caer\u00e1 en saco roto en su camino para hacerse ley, y deber\u00e1 volver a iniciar su recorrido desde cero, si los colectivos impulsores as\u00ed lo consideran, una vez concluyan los comicios.<\/p>\n","protected":false},"excerpt":{"rendered":"Durante la jornada del mi\u00e9rcoles se ha debatido en el Parlamento andaluz la puesta en marcha de una&hellip;\n","protected":false},"author":2,"featured_media":258075,"comment_status":"","ping_status":"","sticky":false,"template":"","format":"standard","meta":{"footnotes":""},"categories":[8],"tags":[517,17,18,25,24,13,14,11,4931,19,20,9,10,15,16,17109,23,12,21,22],"class_list":{"0":"post-258074","1":"post","2":"type-post","3":"status-publish","4":"format-standard","5":"has-post-thumbnail","7":"category-espana","8":"tag-actualidad","9":"tag-breaking-news","10":"tag-breakingnews","11":"tag-es","12":"tag-espana","13":"tag-featured-news","14":"tag-featurednews","15":"tag-headlines","16":"tag-junta-de-andalucia","17":"tag-latest-news","18":"tag-latestnews","19":"tag-news","20":"tag-noticias","21":"tag-noticias-destacadas","22":"tag-noticiasdestacadas","23":"tag-sanidad-publica","24":"tag-spain","25":"tag-titulares","26":"tag-ultimas-noticias","27":"tag-ultimasnoticias"},"share_on_mastodon":{"url":"https:\/\/pubeurope.com\/@es\/115620352000465326","error":""},"_links":{"self":[{"href":"https:\/\/www.europesays.com\/es\/wp-json\/wp\/v2\/posts\/258074","targetHints":{"allow":["GET"]}}],"collection":[{"href":"https:\/\/www.europesays.com\/es\/wp-json\/wp\/v2\/posts"}],"about":[{"href":"https:\/\/www.europesays.com\/es\/wp-json\/wp\/v2\/types\/post"}],"author":[{"embeddable":true,"href":"https:\/\/www.europesays.com\/es\/wp-json\/wp\/v2\/users\/2"}],"replies":[{"embeddable":true,"href":"https:\/\/www.europesays.com\/es\/wp-json\/wp\/v2\/comments?post=258074"}],"version-history":[{"count":0,"href":"https:\/\/www.europesays.com\/es\/wp-json\/wp\/v2\/posts\/258074\/revisions"}],"wp:featuredmedia":[{"embeddable":true,"href":"https:\/\/www.europesays.com\/es\/wp-json\/wp\/v2\/media\/258075"}],"wp:attachment":[{"href":"https:\/\/www.europesays.com\/es\/wp-json\/wp\/v2\/media?parent=258074"}],"wp:term":[{"taxonomy":"category","embeddable":true,"href":"https:\/\/www.europesays.com\/es\/wp-json\/wp\/v2\/categories?post=258074"},{"taxonomy":"post_tag","embeddable":true,"href":"https:\/\/www.europesays.com\/es\/wp-json\/wp\/v2\/tags?post=258074"}],"curies":[{"name":"wp","href":"https:\/\/api.w.org\/{rel}","templated":true}]}}