{"id":258083,"date":"2025-11-27T07:10:10","date_gmt":"2025-11-27T07:10:10","guid":{"rendered":"https:\/\/www.europesays.com\/es\/258083\/"},"modified":"2025-11-27T07:10:10","modified_gmt":"2025-11-27T07:10:10","slug":"mirada-lalinense-en-el-reina-sofia","status":"publish","type":"post","link":"https:\/\/www.europesays.com\/es\/258083\/","title":{"rendered":"Mirada lalinense en el Reina Sof\u00eda"},"content":{"rendered":"<p class=\"ft-text ft-helper-closenews\">El Museo Nacional Centro de Arte Reina Sof\u00eda, situado en Madrid, es una de las principales instituciones dedicadas al arte moderno y contempor\u00e1neo en el \u00e1mbito nacional e internacional. Desde su apertura en 1990, el museo se ha consolidado como un espacio de referencia para la conservaci\u00f3n, investigaci\u00f3n y difusi\u00f3n del patrimonio art\u00edstico de los siglos XX y XXI, con un enfoque plural e inclusivo. El director del museo, Manuel Segade, present\u00f3 esta semana la exposici\u00f3n Juan Usl\u00e9. Ese barco en la monta\u00f1a, que muestra cuarenta a\u00f1os de trabajo de uno de nuestros artistas m\u00e1s destacados y de mayor proyecci\u00f3n internacional, que se podr\u00e1 ver hasta el 20 de abril de 2026 en la planta 1 del edificio Nouvel. En la presentaci\u00f3n estuvo acompa\u00f1ado por el propio Juan Usl\u00e9 y por el comisario de la muestra, el lalinense \u00c1ngel Calvo Ulloa.<\/p>\n<p class=\"ft-text\">El evento llen\u00f3 el recinto donde tuvo lugar una cita que sorprendi\u00f3 al propio \u00c1ngel Calvo por la cantidad de personas que ocuparon sus butacas. El comisario de Lal\u00edn considera que este trabajo \u00abes una puerta nueva digamos a seguir haciendo proyectos a este nivel. Supone tambi\u00e9n la posibilidad de seguir trabajando y de abrirme a una dimensi\u00f3n internacional, que llevo a\u00f1os haci\u00e9ndolo cara a Portugal, Brasil u otros pa\u00edses de Hispanoam\u00e9rica\u00bb. En un esfuerzo por buscar a Juan Usl\u00e9 desde otro lugar, Segade propuso al artista trabajar con un comisario perteneciente a una generaci\u00f3n anterior, \u00c1ngel Calvo Ulloa, que explica que \u00absu propuesta buscaba no separar las pinturas por familias sino tambi\u00e9n por periodos, intentando hacer entender c\u00f3mo de la \u00faltima sala a la primera se genera una tensi\u00f3n casi el\u00e9ctrica que las vincula\u00bb.<\/p>\n<p>Reto<\/p>\n<p class=\"ft-text\">\u00c1ngel Calvo se encuentra ante un nuevo desaf\u00edo en su trayectoria como curador de arte, y lo hace con uno de los nombres m\u00e1s considerados del arte contempor\u00e1neo. \u00abS\u00ed que es cierto que Juan Usl\u00e9 es un artista con mucha visibilidad a nivel mundial y que de pronto todo el mundo est\u00e1 pendiente de qu\u00e9 es esta exposici\u00f3n de Juan Usl\u00e9 en Espa\u00f1a. Hace 22 a\u00f1os que no le pasa algo parecido y esto le llega cuando tiene 70 a\u00f1os. Quiero decir que para \u00e9l tambi\u00e9n era un reto\u00bb, asegura. Tambi\u00e9n subraya lo novedoso de su trabajo en este ocasi\u00f3n puesto que \u00abadem\u00e1s, no es hacer la exposici\u00f3n y firmarla. Es una muestra con un componente de autor\u00eda por mi parte que me lo permiti\u00f3 mucho el artista. Al final, la gente entendi\u00f3 que este es un Usl\u00e9 contado por \u00c1ngel Calvo Ulloa porque es como mostrarle su trabajo a unas generaciones que, pese a toda la visibilidad que \u00e9l tiene, no estuvieron a lo mejor pendientes de lo que hac\u00eda este artista y que de pronto se sorprenden\u00bb.<\/p>\n<p class=\"ft-text\">Juan Usl\u00e9. Ese barco en la monta\u00f1a propone un recorrido circular por once salas donde lo cronol\u00f3gico y lo discursivo dialogan en una evoluci\u00f3n marcada por la diversidad formal. El trabajo del artista monta\u00f1\u00e9s se caracteriza por la exploraci\u00f3n constante de la abstracci\u00f3n l\u00edrica, por una pintura que se convierte en ritmo, respiraci\u00f3n y memoria, articulando un lenguaje visual profundamente \u00edntimo que oscila entre lo gestual y lo geom\u00e9trico. El itinerario sugerido vincula la vida del artista con su obra, establece paralelismos entre per\u00edodos y familias, denominaci\u00f3n que Usl\u00e9 suele dar a las diferentes piezas de series que crea. Aparentemente distintas, presentan sin embargo una coherencia en el prop\u00f3sito con el que han sido realizadas, dando muestra de la versatilidad de este gran creador. Segade, anunci\u00f3 la donaci\u00f3n de tres obras que se encontraban en dep\u00f3sito en el museo y que formar\u00e1n parte de la colecci\u00f3n de manera permanente. Se trata de tres peque\u00f1as pinturas que se expusieron en Documenta IX de 1992 .<\/p>\n<p>Una vida a caballo entre Nueva York y Cantabria<\/p>\n<p class=\"ft-text\">Juan Usl\u00e9 (Santander, 1954) es uno de los pintores espa\u00f1oles contempor\u00e1neos m\u00e1s reconocidos. Desde 1987 alterna su residencia entre Nueva York y Saro (Cantabria). Ha participado en eventos como la Bienal de Venecia (2005), Documenta IX (1992), la Bienal de Estambul (1992) y la Bienal de S\u00e3o Paulo (1985). Expuso de manera individual en Bombas Gens Centre d\u2019Art de Valencia (2021), Kunstmuseum Bonn (2014), Centro Galego de Arte Contempor\u00e1nea de Santiago de Compostela (2013), Irish Museum of Modern Art (IMMA) de Dubl\u00edn (2004), Fundaci\u00f3n Bot\u00edn de Santander (2004), Museo Reina Sof\u00eda de Madrid (2003), Museu d\u2019Art Contemporani de Barcelona (MACBA) (1996) e Institut Valenci\u00e0 d\u2019Art Modern (IVAM) de Valencia (1996), entre otros cert\u00e1menes.<\/p>\n<p data-close=\"closedContent\" class=\"subscribeHideForDisplay\">Suscr\u00edbete para seguir leyendo<\/p>\n","protected":false},"excerpt":{"rendered":"El Museo Nacional Centro de Arte Reina Sof\u00eda, situado en Madrid, es una de las principales instituciones dedicadas&hellip;\n","protected":false},"author":2,"featured_media":258084,"comment_status":"","ping_status":"","sticky":false,"template":"","format":"standard","meta":{"footnotes":""},"categories":[173],"tags":[229,233,231,230,232,234,146,147,25,24,64722,7731,18088,10717,11647,23],"class_list":{"0":"post-258083","1":"post","2":"type-post","3":"status-publish","4":"format-standard","5":"has-post-thumbnail","7":"category-arte-y-diseno","8":"tag-arte","9":"tag-arte-y-diseno","10":"tag-arts","11":"tag-arts-and-design","12":"tag-design","13":"tag-diseno","14":"tag-entertainment","15":"tag-entretenimiento","16":"tag-es","17":"tag-espana","18":"tag-lalinense","19":"tag-mirada","20":"tag-museo-reina-sofia","21":"tag-reina","22":"tag-sofia","23":"tag-spain"},"share_on_mastodon":{"url":"https:\/\/pubeurope.com\/@es\/115620414961283329","error":""},"_links":{"self":[{"href":"https:\/\/www.europesays.com\/es\/wp-json\/wp\/v2\/posts\/258083","targetHints":{"allow":["GET"]}}],"collection":[{"href":"https:\/\/www.europesays.com\/es\/wp-json\/wp\/v2\/posts"}],"about":[{"href":"https:\/\/www.europesays.com\/es\/wp-json\/wp\/v2\/types\/post"}],"author":[{"embeddable":true,"href":"https:\/\/www.europesays.com\/es\/wp-json\/wp\/v2\/users\/2"}],"replies":[{"embeddable":true,"href":"https:\/\/www.europesays.com\/es\/wp-json\/wp\/v2\/comments?post=258083"}],"version-history":[{"count":0,"href":"https:\/\/www.europesays.com\/es\/wp-json\/wp\/v2\/posts\/258083\/revisions"}],"wp:featuredmedia":[{"embeddable":true,"href":"https:\/\/www.europesays.com\/es\/wp-json\/wp\/v2\/media\/258084"}],"wp:attachment":[{"href":"https:\/\/www.europesays.com\/es\/wp-json\/wp\/v2\/media?parent=258083"}],"wp:term":[{"taxonomy":"category","embeddable":true,"href":"https:\/\/www.europesays.com\/es\/wp-json\/wp\/v2\/categories?post=258083"},{"taxonomy":"post_tag","embeddable":true,"href":"https:\/\/www.europesays.com\/es\/wp-json\/wp\/v2\/tags?post=258083"}],"curies":[{"name":"wp","href":"https:\/\/api.w.org\/{rel}","templated":true}]}}