{"id":258123,"date":"2025-11-27T07:50:13","date_gmt":"2025-11-27T07:50:13","guid":{"rendered":"https:\/\/www.europesays.com\/es\/258123\/"},"modified":"2025-11-27T07:50:13","modified_gmt":"2025-11-27T07:50:13","slug":"el-incendio-del-complejo-de-un-rascacielos-en-hong-kong-en-imagenes","status":"publish","type":"post","link":"https:\/\/www.europesays.com\/es\/258123\/","title":{"rendered":"El incendio del complejo de un rascacielos en Hong Kong, en im\u00e1genes"},"content":{"rendered":"<p>          26\/11\/2025<br \/>\n          <br \/><strong><br \/>\n                  Actualizado 27\/11\/2025 a las 01:28h.<br \/>\n              <\/strong><\/p>\n<p class=\"voc-p\" style=\"\">Al menos 44 personas han muerto \u2013una de ellas un bombero\u2013 tras incendiarse varios bloques de un complejo residencial en Hong Kong, informa AFP, que cita al Gobierno local. Adem\u00e1s, hay 279 desaparecidos seg\u00fan apuntan las autoridades.Tambi\u00e9n se ha informado de que hay docenas de heridos en los hospitales de la zona. \u00abHay 29 personas que siguen hospitalizadas, siete de ellas en estado cr\u00edtico\u00bb, declar\u00f3 el alcalde de la ciudad en una rueda de prensa celebrada en la madrugada de all\u00ed este jueves.<\/p>\n","protected":false},"excerpt":{"rendered":"26\/11\/2025 Actualizado 27\/11\/2025 a las 01:28h. Al menos 44 personas han muerto \u2013una de ellas un bombero\u2013 tras&hellip;\n","protected":false},"author":2,"featured_media":258124,"comment_status":"","ping_status":"","sticky":false,"template":"","format":"standard","meta":{"footnotes":""},"categories":[42],"tags":[914,17,18,3570,11585,51,8056,13,14,11,25440,1641,48,61,62,63,64,7123,19,20,5161,9,10,15,16,19932,12,21,22,65,66,67],"class_list":{"0":"post-258123","1":"post","2":"type-post","3":"status-publish","4":"format-standard","5":"has-post-thumbnail","7":"category-internacional","8":"tag-914","9":"tag-breaking-news","10":"tag-breakingnews","11":"tag-cerca","12":"tag-complejo","13":"tag-deja","14":"tag-desaparecidos","15":"tag-featured-news","16":"tag-featurednews","17":"tag-headlines","18":"tag-hong","19":"tag-imagenes","20":"tag-incendio","21":"tag-internacional","22":"tag-international","23":"tag-international-news","24":"tag-internationalnews","25":"tag-kong","26":"tag-latest-news","27":"tag-latestnews","28":"tag-muertos","29":"tag-news","30":"tag-noticias","31":"tag-noticias-destacadas","32":"tag-noticiasdestacadas","33":"tag-rascacielos","34":"tag-titulares","35":"tag-ultimas-noticias","36":"tag-ultimasnoticias","37":"tag-world","38":"tag-world-news","39":"tag-worldnews"},"share_on_mastodon":{"url":"https:\/\/pubeurope.com\/@es\/115620572362995903","error":""},"_links":{"self":[{"href":"https:\/\/www.europesays.com\/es\/wp-json\/wp\/v2\/posts\/258123","targetHints":{"allow":["GET"]}}],"collection":[{"href":"https:\/\/www.europesays.com\/es\/wp-json\/wp\/v2\/posts"}],"about":[{"href":"https:\/\/www.europesays.com\/es\/wp-json\/wp\/v2\/types\/post"}],"author":[{"embeddable":true,"href":"https:\/\/www.europesays.com\/es\/wp-json\/wp\/v2\/users\/2"}],"replies":[{"embeddable":true,"href":"https:\/\/www.europesays.com\/es\/wp-json\/wp\/v2\/comments?post=258123"}],"version-history":[{"count":0,"href":"https:\/\/www.europesays.com\/es\/wp-json\/wp\/v2\/posts\/258123\/revisions"}],"wp:featuredmedia":[{"embeddable":true,"href":"https:\/\/www.europesays.com\/es\/wp-json\/wp\/v2\/media\/258124"}],"wp:attachment":[{"href":"https:\/\/www.europesays.com\/es\/wp-json\/wp\/v2\/media?parent=258123"}],"wp:term":[{"taxonomy":"category","embeddable":true,"href":"https:\/\/www.europesays.com\/es\/wp-json\/wp\/v2\/categories?post=258123"},{"taxonomy":"post_tag","embeddable":true,"href":"https:\/\/www.europesays.com\/es\/wp-json\/wp\/v2\/tags?post=258123"}],"curies":[{"name":"wp","href":"https:\/\/api.w.org\/{rel}","templated":true}]}}