{"id":258125,"date":"2025-11-27T07:51:07","date_gmt":"2025-11-27T07:51:07","guid":{"rendered":"https:\/\/www.europesays.com\/es\/258125\/"},"modified":"2025-11-27T07:51:07","modified_gmt":"2025-11-27T07:51:07","slug":"llorca-opta-a-relevar-a-mazon-en-la-generalitat-valenciana-con-un-discurso-duro-que-amarre-los-votos-de-vox-el-pais-2","status":"publish","type":"post","link":"https:\/\/www.europesays.com\/es\/258125\/","title":{"rendered":"Llorca opta a relevar a Maz\u00f3n en la Generalitat Valenciana con un discurso duro que amarre los votos de Vox &#8211; EL PA\u00cdS"},"content":{"rendered":"<ol>\n<li><a href=\"https:\/\/news.google.com\/rss\/articles\/CBMi_wFBVV95cUxQR0tsRjdqcGJ0Q2pqODR1MUFkcC1MQS1oa1poUUhxeXZhNjRxMEVKcHFPU3NxOS1RcUhTVzQwdjhnVHlxZjg3Y1dpQkxMNmRqSUxKMHlESHNHRTVIZDc5YmdZVlI3WWxyLVd1dE9pbmRSSzVnU0E1bVpGRTdtY0tPSW5HclFxcERqdlJDTEtQWWl1OTkweXRxTTlfaDNHN1VURTUzWnJDR0tpWkNLRGkxSElhdUYtZWtCQWJZVml3d3JDSXZ5azFMcmFvS0J4UVVacC11dGpCWWtRazFrYzBGV0lfYlpUUFRPMW9pcThEcmF1YjJ4ZGxSaXlSelYwaEk?oc=5\" target=\"_blank\" rel=\"nofollow noopener\">Llorca opta a relevar a Maz\u00f3n en la Generalitat Valenciana con un discurso duro que amarre los votos de Vox<\/a>&nbsp;&nbsp;EL PA\u00cdS<\/li>\n<li><a href=\"https:\/\/news.google.com\/rss\/articles\/CBMiekFVX3lxTFBfNzQ3dkNWakZwM1FKMVpLZHRGNEF0NUxzbmUyWG13WFU1a092QzdhNWhIb1o3RnBnMWFJWkpTMVp1MTc1b2QwckdDbm91amd0b3FaV1VrMXdCOFF3YS1LaUhDcVdsRVRqd09BM3ZyMWx2SUNKOXN4OE9B0gF6QVVfeXFMT2NNT2VnOXJHRWJEcmg5SDdMajJsSm9ZN2VnMWxiN2tKZ2RhZ2dzVGFJeHZ6RGdZOTZsWGhkMk5LWm8wSVlqdENjeE5uN3ZVZmNFaTJvR19ReUlkSnVMdUZWWVNRb1F1S0g3ZHZ2dVFJNTlUYmdCQWVSRlE?oc=5\" target=\"_blank\" rel=\"nofollow noopener\">La c\u00fapula nacional del PP no asistir\u00e1 al pleno de investidura de P\u00e9rez Llorca, pero G\u00e9nova conoce y aprueba el \u00absentido\u00bb de su discurso<\/a>&nbsp;&nbsp;El Mundo<\/li>\n<li><a href=\"https:\/\/news.google.com\/rss\/articles\/CBMi5gFBVV95cUxOc011SjU2TllBTW5CaFE1SEUzTElIdjl0bmZXWDBBSFRoamNsMDRncVpUeml5cXFYTHMxUmcyT25TZ19OLW9Qbzh3ME80cDI3UGU0cVVIV2xuRFdYTFBxc0VsZHN4aTZRZjlOa004Wl8tQ2lUSHM1ejdOS0htZ0xOMDVneDFYc19POS1mOWV2RlZ4RXdQbnlFbGVIY2xxVmJYTTctc0NxaHV4Y3I4amlYbnJnMmJ1cGVGTVVKbWpoRm45b29Jay1VZ0RlWFVVWjRCbkpkbTdPZFJOS1NzWDRsUklNcWE4QQ?oc=5\" target=\"_blank\" rel=\"nofollow noopener\">Lo que Vox exige a P\u00e9rez Llorca en su discurso de investidura: devoluci\u00f3n de menores migrantes y cortar ayudas a ONG<\/a>&nbsp;&nbsp;elDiario.es<\/li>\n<li><a href=\"https:\/\/news.google.com\/rss\/articles\/CBMiqwFBVV95cUxNRDIyNm9uNUZYV1ppQ1JWS2FCZk1aTW9DVDdUa2pqSFh3UTVhaGU0VzQwMEFwZmwwSXdWV0pfN2ZaRkRjOFRzN3hFQ295ZlZoNll4VjNvUkRoZXhnX0FEZFdVSm9IMUVHdUpSUmMxZDk1NDJ5aFVQY1dwNTJCNDhNbklCTjU1QnpjYUZpWmd1R045ck9FcTZVSjNpRUROOGx3YWxCVmNaSXJ2cUk?oc=5\" target=\"_blank\" rel=\"nofollow noopener\">\u00abBajada de impuestos a las nucleares\u00bb, \u00abfin de pol\u00edticas clim\u00e1ticas\u00bb\u2026: las claves de Vox para apoyar la investidura de P\u00e9rez Llorca<\/a>&nbsp;&nbsp;ABC<\/li>\n<li><a href=\"https:\/\/news.google.com\/rss\/articles\/CBMipwJBVV95cUxNdlBYOWNUNVkzbHhGTW1iT2pObWxoOVpMSjVaRmRobDIwVzExRXhsOHFMOEF2UlV4TnZDakpuUDJ6dnR0YU1Zc2I5UFF4VV8zV1FPVUpDeTJzTHVNbklTTmNNby1sNzM3bmMwSTVjeDlWNmlndmwxX0xRekJMMmFBUUc3Z0VxdzRoMFA1cmQ5cHNHaVF6RS1GQ0xCVi1FUjM4ZmFZU250eHptb09VYlc4bnB6YXFNcHVwU2tsWl83TWlaMDM5UV9ieF9jZHlKWEFpMU40TXYxXzhqdzlYa2thWTVHMWF6N1pzQjZMNnQzbUtlY0tBSHpQZllLX2d6R18xcHhDQzBZNkN3bTZoT253V0hleUFSZHdWU21kUzZmOWNfUGxHWElj0gGnAkFVX3lxTE1XYzRpeV9nSFA2a1poQjhhRlBUTzhtV3VCaXp4eFlvLXdEMjNBMVJZWFRXWHVESFBCb2VIbW82bUR3SEtFaW1SSmZ1UmNLSjNtaHRPWFFTMUZfMXdTMmFlbjd6UzlBUll0Ynl5NVk4c3c5R0Q0Sl9kYmZEQTQ5UGowMmZaSnlhdDl2VjVBV09zREJlYkdXa2FHQmozZUF2X0NiT3gwRUhEYk43UDJHUDUzc0E2RVV6UUdWYWhEMGk0TnlCd3BxMzVzbUhuTnpOYi02ZWllcTZZalpGNVBXTXZFQXp2YW5iZHJvVDhjU3NrLWVOaGFTSFJRZ1AzYi1ZdmRtWUZ2b3o5eXBtZGh3cllST0lrWG82U2FUcUpoa3pTcm1iakhLVW8?oc=5\" target=\"_blank\" rel=\"nofollow noopener\">Baldov\u00ed asegura que el pacto entre PP y Vox para investir a P\u00e9rez Llorca \u00abest\u00e1 hecho\u00bb, pero \u00abno quieren<\/a>&nbsp;&nbsp;LaSexta<\/li>\n<\/ol>\n","protected":false},"excerpt":{"rendered":"Llorca opta a relevar a Maz\u00f3n en la Generalitat Valenciana con un discurso duro que amarre los votos&hellip;\n","protected":false},"author":2,"featured_media":248356,"comment_status":"","ping_status":"","sticky":false,"template":"","format":"standard","meta":{"footnotes":""},"categories":[8],"tags":[17,18,25,24,13,14,11,19,20,9,10,15,16,23,12,21,22],"class_list":{"0":"post-258125","1":"post","2":"type-post","3":"status-publish","4":"format-standard","5":"has-post-thumbnail","7":"category-espana","8":"tag-breaking-news","9":"tag-breakingnews","10":"tag-es","11":"tag-espana","12":"tag-featured-news","13":"tag-featurednews","14":"tag-headlines","15":"tag-latest-news","16":"tag-latestnews","17":"tag-news","18":"tag-noticias","19":"tag-noticias-destacadas","20":"tag-noticiasdestacadas","21":"tag-spain","22":"tag-titulares","23":"tag-ultimas-noticias","24":"tag-ultimasnoticias"},"share_on_mastodon":{"url":"https:\/\/pubeurope.com\/@es\/115620576204845008","error":""},"_links":{"self":[{"href":"https:\/\/www.europesays.com\/es\/wp-json\/wp\/v2\/posts\/258125","targetHints":{"allow":["GET"]}}],"collection":[{"href":"https:\/\/www.europesays.com\/es\/wp-json\/wp\/v2\/posts"}],"about":[{"href":"https:\/\/www.europesays.com\/es\/wp-json\/wp\/v2\/types\/post"}],"author":[{"embeddable":true,"href":"https:\/\/www.europesays.com\/es\/wp-json\/wp\/v2\/users\/2"}],"replies":[{"embeddable":true,"href":"https:\/\/www.europesays.com\/es\/wp-json\/wp\/v2\/comments?post=258125"}],"version-history":[{"count":0,"href":"https:\/\/www.europesays.com\/es\/wp-json\/wp\/v2\/posts\/258125\/revisions"}],"wp:featuredmedia":[{"embeddable":true,"href":"https:\/\/www.europesays.com\/es\/wp-json\/wp\/v2\/media\/248356"}],"wp:attachment":[{"href":"https:\/\/www.europesays.com\/es\/wp-json\/wp\/v2\/media?parent=258125"}],"wp:term":[{"taxonomy":"category","embeddable":true,"href":"https:\/\/www.europesays.com\/es\/wp-json\/wp\/v2\/categories?post=258125"},{"taxonomy":"post_tag","embeddable":true,"href":"https:\/\/www.europesays.com\/es\/wp-json\/wp\/v2\/tags?post=258125"}],"curies":[{"name":"wp","href":"https:\/\/api.w.org\/{rel}","templated":true}]}}