{"id":258130,"date":"2025-11-27T08:06:15","date_gmt":"2025-11-27T08:06:15","guid":{"rendered":"https:\/\/www.europesays.com\/es\/258130\/"},"modified":"2025-11-27T08:06:15","modified_gmt":"2025-11-27T08:06:15","slug":"sevilla-y-betis-toman-posiciones-por-fabio-silva-para-enero-es-posible-con-ambos","status":"publish","type":"post","link":"https:\/\/www.europesays.com\/es\/258130\/","title":{"rendered":"Sevilla y Betis toman posiciones por F\u00e1bio Silva para enero: \u00abEs posible con ambos\u00bb"},"content":{"rendered":"<p>El delantero portugu\u00e9s apenas juega en el Dortmund y busca una cesi\u00f3n invernal que le acerque al Mundial de 2026, con Espa\u00f1a como preferencia<\/p>\n<p class=\"parrafo\">Juega muy poco en el <strong>Borussia Dortmund<\/strong>, que, pese a haber invertido <strong>22,5 millones de euros<\/strong> en su fichaje el pasado verano, ve c\u00f3mo <strong>Niko Kovac<\/strong> se decanta casi siempre por <strong>Serhou Guirassy<\/strong> como referencia en la punta de lanza de su <strong>1-3-4-2-1<\/strong> (y <strong>Maximilian Beier<\/strong> hasta su lesi\u00f3n), aparte de apostar como acompa\u00f1antes por fuera antes por <strong>Karim Adeyemi <\/strong>o <strong>Julian Brandt<\/strong> que por un <strong>F\u00e1bio Silva<\/strong> que ve peligrar su presencia en el <strong>Mundial de 2026<\/strong>. En <strong>noviembre de 2024<\/strong>, tras un brillante paso por la sub 21 (<strong>15 goles en 28 partidos<\/strong>), el seleccionador absoluto de <strong>Portugal<\/strong>, <strong>Roberto Mart\u00ednez<\/strong>, le dio <strong>19 minutos<\/strong> en la <strong>Nations League<\/strong> contra <strong>Croacia<\/strong>. Nada m\u00e1s desde entonces. Necesita jugar y, por eso, fuerza para que le dejen salir cedido en enero, con <strong>LaLiga<\/strong> como preferencia.<\/p>\n<p><img decoding=\"async\" src=\"https:\/\/www.europesays.com\/es\/wp-content\/uploads\/2025\/11\/c68414ba-ee3c-4bce-81ca-326617ebed4f_800x716.jpeg\" loading=\"lazy\"\/><\/p>\n<p class=\"parrafo\">\u00ab<strong>Le encanta Espa\u00f1a. \u00bfVolver en el mercado invernal? Vamos a ver si es posible, pero esperemos que s\u00ed<\/strong>\u00ab, aclaran desde su entorno a ESTADIO Deportivo, que plantea a continuaci\u00f3n el conocido inter\u00e9s del <strong>Sevilla FC<\/strong> en anteriores ventanas, <a href=\"https:\/\/www.estadiodeportivo.com\/futbol\/sevilla-fc\/fichaje-casi-imposible-sevilla-tiene-muchos-problemas-20250504-493294.html\" target=\"_blank\" class=\"intext-link\" rel=\"nofollow noopener\">descartado en la \u00faltima por los problemas econ\u00f3micos que asuelan al club de Nervi\u00f3n<\/a>. Con todo, <strong>Antonio Cord\u00f3n<\/strong> ya intent\u00f3 ficharlo para el <strong>Olympiacos<\/strong> y en otros destinos, pues, como ocurr\u00eda con <strong>Monchi<\/strong> o <strong>V\u00edctor Orta<\/strong>, es un futbolista que le gusta. Por su parte, <a href=\"https:\/\/www.estadiodeportivo.com\/futbol\/betis\/las-claves-del-delantero-para-enero-ideario-descartado-sino-como-mucho-aparcado-20251119-520891.html\" target=\"_blank\" class=\"intext-link\" rel=\"nofollow noopener\">encaja como un guante en lo que busca el Real Betis para enero: rendimiento inmediato, conocimiento de LaLiga, prisas por rendir<\/a>&#8230; \u00ab<strong>Las dos cosas son ciertas. Es posible con ambos<\/strong>\u00ab, sentencia un asesor directo de <strong>F\u00e1bio Silva<\/strong>, que aclara para terminar que <strong>ninguno de los dos tiene ahora mismo ventaja<\/strong>, pero que <strong>s\u00ed<\/strong> <strong>han tomado ya posiciones<\/strong> por el luso.<\/p>\n<p><a class=\"elementos-rel-t2\" href=\"https:\/\/www.estadiodeportivo.com\/futbol\/valencia\/fabio-silva-una-oportunidad-mercado-que-valencia-vigila-20251126-521697.html\" title=\"F\u00e1bio Silva, una oportunidad de mercado que el Valencia ya vigila\" rel=\"nofollow noopener\" target=\"_blank\">F\u00e1bio Silva, una oportunidad de mercado que el Valencia ya vigila<img decoding=\"async\" src=\"https:\/\/www.europesays.com\/es\/wp-content\/uploads\/2025\/11\/62e4de6e-29ea-4998-9d34-397d9836cdb7_320x180.jpeg\" alt=\"F\u00e1bio Silva, una oportunidad de mercado que el Valencia ya vigila\"\/><\/a><a class=\"elementos-rel-t2\" href=\"https:\/\/www.estadiodeportivo.com\/futbol\/bundesliga\/senalan-fabio-silva-20251007-515489.html\" title=\"Se\u00f1alan a F\u00e1bio Silva\" rel=\"nofollow noopener\" target=\"_blank\">Se\u00f1alan a F\u00e1bio Silva<img decoding=\"async\" src=\"https:\/\/www.europesays.com\/es\/wp-content\/uploads\/2025\/11\/dbbae42a-c006-4595-acff-b41d339a20e4_320x180.jpeg\" alt=\"Se\u00f1alan a F\u00e1bio Silva\"\/><\/a><a class=\"elementos-rel-t2\" href=\"https:\/\/www.estadiodeportivo.com\/futbol\/sevilla-fc\/sevilla-vuelve-interesarse-fichaje-para-delantera-20250303-484705.html\" title=\"El Sevilla vuelve a interesarse en su fichaje para la delantera \" rel=\"nofollow noopener\" target=\"_blank\">El Sevilla vuelve a interesarse en su fichaje para la delantera <img decoding=\"async\" src=\"https:\/\/www.europesays.com\/es\/wp-content\/uploads\/2025\/11\/a37b2e8d-a781-4222-b022-b2c9d09dcdd7_320x180.jpeg\" alt=\"El Sevilla vuelve a interesarse en su fichaje para la delantera \"\/><\/a>El juvenil por el que se pagaron 40 millones, un titular que le pes\u00f3<\/p>\n<p class=\"parrafo\">Aunque tuvo momentos brillantes, como en la <strong>22\/23<\/strong>, cuando anot\u00f3 <strong>once goles<\/strong> y brind\u00f3 <strong>cuatro asistencias<\/strong> en <strong>32 partidos<\/strong> con el <strong>Anderlecht<\/strong>, a <strong>F\u00e1bio Silva<\/strong> le pes\u00f3 sobremanera el cartel de ser el juvenil por el que los <strong>Wolves<\/strong> pagaron <strong>40 millones de euros<\/strong> en <strong>2020<\/strong>. Con el club ingl\u00e9s nunca pudo asentarse (<strong>5+6 en 72 encuentros<\/strong>), entrando en un carrusel de cesiones con irregular resultado: buena media campa\u00f1a en el <strong>PSV <\/strong>(<strong>5+2 en 19<\/strong>), menos su completa en el <strong>Rangers <\/strong>(<strong>seis tantos en 25 duelos<\/strong>)&#8230; Hasta que el curso pasado, pese al descenso en <strong>Segunda<\/strong>, descoll\u00f3 en la <strong>UD Las Palmas<\/strong>, con <strong>10 dianas y tres asistencias en 25 partidos<\/strong>. Lo suficiente para que los aurinegros lo vendieran por <strong>22,5<\/strong><strong> millones<\/strong> al <strong>Dortmund<\/strong>.<\/p>\n","protected":false},"excerpt":{"rendered":"El delantero portugu\u00e9s apenas juega en el Dortmund y busca una cesi\u00f3n invernal que le acerque al Mundial&hellip;\n","protected":false},"author":2,"featured_media":258131,"comment_status":"","ping_status":"","sticky":false,"template":"","format":"standard","meta":{"footnotes":""},"categories":[268],"tags":[168,25,24,284,64726,285,280,282,286,2993,281,23,167],"class_list":{"0":"post-258130","1":"post","2":"type-post","3":"status-publish","4":"format-standard","5":"has-post-thumbnail","7":"category-futbol","8":"tag-deportes","9":"tag-es","10":"tag-espana","11":"tag-estadio-deportivo","12":"tag-fabio-silva","13":"tag-fichajes","14":"tag-football","15":"tag-futbol","16":"tag-real-betis-balompie","17":"tag-sevilla-futbol-club","18":"tag-soccer","19":"tag-spain","20":"tag-sports"},"share_on_mastodon":{"url":"https:\/\/pubeurope.com\/@es\/115620635606834254","error":""},"_links":{"self":[{"href":"https:\/\/www.europesays.com\/es\/wp-json\/wp\/v2\/posts\/258130","targetHints":{"allow":["GET"]}}],"collection":[{"href":"https:\/\/www.europesays.com\/es\/wp-json\/wp\/v2\/posts"}],"about":[{"href":"https:\/\/www.europesays.com\/es\/wp-json\/wp\/v2\/types\/post"}],"author":[{"embeddable":true,"href":"https:\/\/www.europesays.com\/es\/wp-json\/wp\/v2\/users\/2"}],"replies":[{"embeddable":true,"href":"https:\/\/www.europesays.com\/es\/wp-json\/wp\/v2\/comments?post=258130"}],"version-history":[{"count":0,"href":"https:\/\/www.europesays.com\/es\/wp-json\/wp\/v2\/posts\/258130\/revisions"}],"wp:featuredmedia":[{"embeddable":true,"href":"https:\/\/www.europesays.com\/es\/wp-json\/wp\/v2\/media\/258131"}],"wp:attachment":[{"href":"https:\/\/www.europesays.com\/es\/wp-json\/wp\/v2\/media?parent=258130"}],"wp:term":[{"taxonomy":"category","embeddable":true,"href":"https:\/\/www.europesays.com\/es\/wp-json\/wp\/v2\/categories?post=258130"},{"taxonomy":"post_tag","embeddable":true,"href":"https:\/\/www.europesays.com\/es\/wp-json\/wp\/v2\/tags?post=258130"}],"curies":[{"name":"wp","href":"https:\/\/api.w.org\/{rel}","templated":true}]}}