{"id":258132,"date":"2025-11-27T08:07:13","date_gmt":"2025-11-27T08:07:13","guid":{"rendered":"https:\/\/www.europesays.com\/es\/258132\/"},"modified":"2025-11-27T08:07:13","modified_gmt":"2025-11-27T08:07:13","slug":"el-debut-de-hisahito-de-japon-una-semana-despues-del-primer-viaje-oficial-de-aiko","status":"publish","type":"post","link":"https:\/\/www.europesays.com\/es\/258132\/","title":{"rendered":"el debut de Hisahito de Jap\u00f3n una semana despu\u00e9s del primer viaje oficial de Aiko"},"content":{"rendered":"<p id=\"eLYCSdCC8m\" data-wc=\"74\">Hisahito est\u00e1 llamado a ser alg\u00fan d\u00eda emperador de Jap\u00f3n, de ah\u00ed que cada vez siga cobrando un mayor protagonismo dentro de las actividades oficiales de la realeza nipona. As\u00ed, tras recibir el pasado septiembre <a class=\"hm-link ho-link\" href=\"https:\/\/www.hola.com\/realeza\/casa_inglesa\/20250919856803\/principe-hisahito-reclama-su-papel-y-recibe-a-los-duques-de-edimburgo-como-heredero\/\" data-mrf-recirculation=\"article-body-link\" rel=\"nofollow noopener\" target=\"_blank\">a los duques de Edimburgo<\/a> en el Palacio Imperial de Tokio, el pasado fin de semana ten\u00eda que afrontar otro compromiso de relevancia dentro del pa\u00eds del sol naciente y, como es l\u00f3gico, muchos ojos estaban puestos en \u00e9l.<\/p>\n<p> <img src=\"https:\/\/www.europesays.com\/es\/wp-content\/uploads\/2025\/11\/d8c4fb3e9574-gettyimages-2233334326.jpg\"   width=\"1024\" height=\"682\" loading=\"lazy\" decoding=\"async\" alt=\"Hisahito de Jap\u00f3n, en una imagen de archivo\" fetchpriority=\"auto\" class=\"image ho-image\"\/>\u00a9 Getty ImagesHisahito de Jap\u00f3n, en una imagen de archivo<\/p>\n<p id=\"eN_vsl_yck\" data-wc=\"82\">Durante dos d\u00edas, el joven pr\u00edncipe de 19 a\u00f1os <strong>acompa\u00f1aba a su madre, la princesa Kiko<\/strong>, en un viaje de dos d\u00edas a las islas Izu (que se extienden al sureste del archipi\u00e9lago y cubren un \u00e1rea de aproximadamente 301,56 kil\u00f3metros cuadrados). Era una visita cargada de simbolismo y emotividad, puesto que hablamos de una zona que en 2013 fue severamente afectada por el tif\u00f3n Wipha, un desastre natural que caus\u00f3 entonces m\u00e1s de un treintena de v\u00edctimas mortales y numerosos desaparecidos.\u00a0<\/p>\n<p> <img src=\"https:\/\/www.europesays.com\/es\/wp-content\/uploads\/2025\/11\/e915e0f34deb-gettyimages-2234557030.jpg\"   width=\"1024\" height=\"779\" loading=\"lazy\" decoding=\"async\" alt=\"La princesa Kiko, en un acto oficial el pasado 13 de septiembre\" fetchpriority=\"auto\" class=\"image ho-image\"\/>\u00a9 Getty ImagesLa princesa Kiko, en un acto oficial el pasado 13 de septiembre<\/p>\n<p id=\"eThShpU1v9\" data-wc=\"79\">Por eso, no cabe duda que el acto m\u00e1s \u00a0significativo se produc\u00eda cuando el hijo de Fumihito de Akishino presentaba sus respetos y<strong>\u00a0honraba la memoria de los 36 fallecido<\/strong><strong>s<\/strong> que hubo por la cat\u00e1strofe. Lo hac\u00eda, tal y como recoge la prensa local, al lado de su progenitora y depositando una corona de flores sobre uno de los monumentos funerarios que hay all\u00ed, concretamente en el parque conmemorativo que recuerda a todas las personas que se vieron afectadas.<\/p>\n<p> <img src=\"https:\/\/www.europesays.com\/es\/wp-content\/uploads\/2025\/11\/533606f74c08-ph3-keyvisualhigh.jpg\"   width=\"1024\" height=\"683\" loading=\"lazy\" decoding=\"async\" alt=\"Fumihito de Akishino, con su familia\" fetchpriority=\"auto\" class=\"image ho-image\"\/>\u00a9 kunaicho.go.jpFumihito de Akishino, con su familia<\/p>\n<p id=\"eiBWinyuspL\" data-wc=\"74\">Otras actividades donde se pudo ver al n\u00famero dos en la l\u00ednea de sucesi\u00f3n fue cuando acudieron a una <strong>residencia para mayores,<\/strong> donde tuvieron la oportunidad de saludar y charlar animadamente con algunos de los ancianos que all\u00ed viven. Tambi\u00e9n visitaron un museo, as\u00ed como una refiner\u00eda de aceite de camelia. Por \u00faltimo, fueron testigos de una carrera muy especial organizada en el marco de las &#8216;Sordolimpiadas&#8217;, los juegos para atletas con dificultades auditivas.<\/p>\n<p>Una semana despu\u00e9s del primer viaje oficial de Aiko<\/p>\n<p id=\"eDeFOU_Ujh\" data-wc=\"87\">Seg\u00fan la ley s\u00e1lica que impera en Jap\u00f3n, de momento ella nunca podr\u00e1 acceder al trono de Crisantemo por el hecho de ser mujer. Hasta que eso no cambie, su destino parece estar escrito. Sin embargo, eso no quita para que participe activamente en la agenda de la Casa Imperial, como ocurri\u00f3 recientemente al hacer su primer viaje oficial en solitario. <a class=\"hm-link ho-link\" href=\"https:\/\/www.hola.com\/realeza\/20251118868221\/aiko-de-japon-primer-viaje-oficial\/\" data-mrf-recirculation=\"article-body-link\" rel=\"nofollow noopener\" target=\"_blank\">Aiko de Jap\u00f3n (23 a\u00f1os) se desplazaba hasta Laos<\/a> la semana pasada, una estancia para conmemorar el 70\u00ba aniversario de las relaciones diplom\u00e1ticas entre ambos pa\u00edses.\u00a0<\/p>\n<p> <img src=\"https:\/\/www.europesays.com\/es\/wp-content\/uploads\/2025\/11\/252447995d98-gettyimages-2246737284-1.jpg\"   width=\"1024\" height=\"775\" loading=\"lazy\" decoding=\"async\" alt=\"Aiko de Jap\u00f3n, con el presidente Thongloun Sisoulith\" fetchpriority=\"auto\" class=\"image ho-image\"\/>\u00a9 Getty ImagesAiko de Jap\u00f3n, con el presidente Thongloun Sisoulith<\/p>\n<p id=\"eDXtU8a6kW\" data-wc=\"78\">La princesa fue recibida por el presidente Thongloun Sisoulith en palacio, donde tambi\u00e9n organizaron una cena en su honor. En cuanto a su recorrido por la capital Vienti\u00e1n, pudo conocer algunos de los lugares y monumentos m\u00e1s emblem\u00e1ticos, como el Arco del Triunfo. Eso fue hace ocho d\u00edas, ya que este martes<strong>\u00a0acompa\u00f1aba a sus padres, el emperador Naruhito (65 a\u00f1os) y la emperatriz Masako (61)<\/strong>, a una importante competici\u00f3n de nataci\u00f3n en Tokio para personas con discapacidad.<\/p>\n<p> <img src=\"https:\/\/www.europesays.com\/es\/wp-content\/uploads\/2025\/11\/fa49e8e984ee-589723956179278742881698025478456194102339752n.jpg\"   width=\"1024\" height=\"683\" loading=\"lazy\" decoding=\"async\" alt=\"El emperador, con su mujer y su hija, hablan con uno de los atletas\" fetchpriority=\"auto\" class=\"image ho-image\"\/>\u00a9 kunaicho_jpEl emperador, con su mujer y su hija, hablan con uno de los atletas<\/p>\n","protected":false},"excerpt":{"rendered":"Hisahito est\u00e1 llamado a ser alg\u00fan d\u00eda emperador de Jap\u00f3n, de ah\u00ed que cada vez siga cobrando un&hellip;\n","protected":false},"author":2,"featured_media":258133,"comment_status":"","ping_status":"","sticky":false,"template":"","format":"standard","meta":{"footnotes":""},"categories":[174],"tags":[255,146,147,25,24,256,1027,23],"class_list":{"0":"post-258132","1":"post","2":"type-post","3":"status-publish","4":"format-standard","5":"has-post-thumbnail","7":"category-famosos","8":"tag-celebrities","9":"tag-entertainment","10":"tag-entretenimiento","11":"tag-es","12":"tag-espana","13":"tag-famosos","14":"tag-realeza","15":"tag-spain"},"share_on_mastodon":{"url":"https:\/\/pubeurope.com\/@es\/115620639514115565","error":""},"_links":{"self":[{"href":"https:\/\/www.europesays.com\/es\/wp-json\/wp\/v2\/posts\/258132","targetHints":{"allow":["GET"]}}],"collection":[{"href":"https:\/\/www.europesays.com\/es\/wp-json\/wp\/v2\/posts"}],"about":[{"href":"https:\/\/www.europesays.com\/es\/wp-json\/wp\/v2\/types\/post"}],"author":[{"embeddable":true,"href":"https:\/\/www.europesays.com\/es\/wp-json\/wp\/v2\/users\/2"}],"replies":[{"embeddable":true,"href":"https:\/\/www.europesays.com\/es\/wp-json\/wp\/v2\/comments?post=258132"}],"version-history":[{"count":0,"href":"https:\/\/www.europesays.com\/es\/wp-json\/wp\/v2\/posts\/258132\/revisions"}],"wp:featuredmedia":[{"embeddable":true,"href":"https:\/\/www.europesays.com\/es\/wp-json\/wp\/v2\/media\/258133"}],"wp:attachment":[{"href":"https:\/\/www.europesays.com\/es\/wp-json\/wp\/v2\/media?parent=258132"}],"wp:term":[{"taxonomy":"category","embeddable":true,"href":"https:\/\/www.europesays.com\/es\/wp-json\/wp\/v2\/categories?post=258132"},{"taxonomy":"post_tag","embeddable":true,"href":"https:\/\/www.europesays.com\/es\/wp-json\/wp\/v2\/tags?post=258132"}],"curies":[{"name":"wp","href":"https:\/\/api.w.org\/{rel}","templated":true}]}}