{"id":258150,"date":"2025-11-27T08:19:08","date_gmt":"2025-11-27T08:19:08","guid":{"rendered":"https:\/\/www.europesays.com\/es\/258150\/"},"modified":"2025-11-27T08:19:08","modified_gmt":"2025-11-27T08:19:08","slug":"alsina-sobre-la-reunion-con-otegi-que-creen-abalos-y-koldo-que-pueden-conseguir-de-sanchez-contando-estas-cosas","status":"publish","type":"post","link":"https:\/\/www.europesays.com\/es\/258150\/","title":{"rendered":"Alsina, sobre la reuni\u00f3n con Otegi: \u00ab\u00bfQu\u00e9 creen \u00c1balos y Koldo que pueden conseguir de S\u00e1nchez contando estas cosas?\u00bb"},"content":{"rendered":"<p class=\"articleParagraph\"><b>Koldo Garc\u00eda y Jos\u00e9 Luis \u00c1balos vuelven a estar citados en el Tribunal Supremo<\/b> porque la Fiscal\u00eda Anticorrupci\u00f3n entiende que hay que endurecer las medidas cautelares, es decir, aquellas que se toman para evitar destrucci\u00f3n de pruebas o, en el caso de que la investigaci\u00f3n ya haya concluido -como en el caso de las mascarillas, para asegurar que cuando llegue el juicio, ninguno de los procesados se haya dado a la fuga.<\/p>\n<p class=\"articleParagraph\">Endurecer las medidas cautelares <b>no significa el ingreso en prisi\u00f3n preventiva<\/b>, aunque es una de las opciones y, seg\u00fan opina <b>Carlos Alsina<\/b>, da la impresi\u00f3n de que tanto Koldo como \u00c1balos est\u00e1n \u00abresignados\u00bb a que esta es la opci\u00f3n que m\u00e1s probabilidades tiene: \u00abEs lo que hace que se tema que puedan acabar en prisi\u00f3n y es lo que hace que todo lo que se mueve a su alrededor, lo que hacen, lo que dicen o lo que confirman, se est\u00e9 interpretando en esta clave\u00bb.<\/p>\n<p>\u00c1balos confirma la reuni\u00f3n<\/p>\n<p class=\"articleParagraph\">Pone de ejemplo el tuit que public\u00f3 este mi\u00e9rcoles el exministro de Transportes en el que <b>\u00abfuentes presenciales\u00bb le confirmaron que s\u00ed se produjo la reuni\u00f3n entre Pedro S\u00e1nchez y Arnaldo Otegi<\/b> en un caser\u00edo del Pa\u00eds Vasco para apalabrar la moci\u00f3n de censura contra Mariano Rajoy en 2018. Reuni\u00f3n que tanto el presidente como el l\u00edder de Bildu han desmentido.<\/p>\n<p class=\"articleParagraph\">\u00abAyer sali\u00f3 \u00c1balos y <b>eso s\u00ed que hizo temblar algunas piernas<\/b>. \u00c1balos tuitero dijo que a \u00e9l fuentes presenciales le confirmaron que esa reuni\u00f3n s\u00ed que existi\u00f3. Esas fuentes presenciales pueden ser Cerd\u00e1n, Antx\u00f3n Alonso (Servinabar), Arnaldo Otegi o Pedro S\u00e1nchez. \u00bfCon qui\u00e9n ten\u00eda m\u00e1s trato en 2018 Jos\u00e9 Luis \u00c1balos que con Pedro S\u00e1nchez? Era su hombre de confianza para todo\u00bb, reflexiona Alsina.<\/p>\n<blockquote class=\"articleQuote\"><p>\u00ab\u00bfQu\u00e9 pretenden \u00c1balos y Koldo con esto?\u00bb <\/p><\/blockquote>\n<p class=\"articleParagraph\">Por eso, explica, hay gente que interpreta que lo que est\u00e1 haciendo \u00c1balos es <b>se\u00f1alar directamente al presidente del Gobierno<\/b> como la persona que le asegur\u00f3 que esa reuni\u00f3n s\u00ed se produjo. Pero, <b>\u00bfqu\u00e9 pretende \u00c1balos con esto?<\/b>, se pregunta Alsina: \u00ab\u00bfQu\u00e9 pretenden \u00c1balos y Koldo? \u00bf<b>Qu\u00e9 es lo que creen que pueden conseguir de S\u00e1nchez<\/b> que no hayan conseguido hasta ahora hablando de cosas que, seg\u00fan el Gobierno, son una inventada y seg\u00fan ellos s\u00ed se produjeron?\u00bb.<\/p>\n<p class=\"articleParagraph\">Recuerda Alsina que estas cosas \u00abno son delictivas\u00bb, que <b>reunirse en 2018 con Arnaldo Otegi no es un delito<\/b>, \u00abvisto desde el a\u00f1o 2025 despu\u00e9s de todo lo que ha hecho el PSOE, ni siquiera ser\u00eda un esc\u00e1ndalo\u00bb, por eso, se vuelve a preguntar qu\u00e9 creen \u00c1balos y Koldo que pueden conseguir de S\u00e1nchez \u00abcontando este tipo de cosas\u00bb.<\/p>\n","protected":false},"excerpt":{"rendered":"Koldo Garc\u00eda y Jos\u00e9 Luis \u00c1balos vuelven a estar citados en el Tribunal Supremo porque la Fiscal\u00eda Anticorrupci\u00f3n&hellip;\n","protected":false},"author":2,"featured_media":258151,"comment_status":"","ping_status":"","sticky":false,"template":"","format":"standard","meta":{"footnotes":""},"categories":[8],"tags":[17,18,25,24,13,14,11,19,20,9,10,15,16,23,12,21,22],"class_list":{"0":"post-258150","1":"post","2":"type-post","3":"status-publish","4":"format-standard","5":"has-post-thumbnail","7":"category-espana","8":"tag-breaking-news","9":"tag-breakingnews","10":"tag-es","11":"tag-espana","12":"tag-featured-news","13":"tag-featurednews","14":"tag-headlines","15":"tag-latest-news","16":"tag-latestnews","17":"tag-news","18":"tag-noticias","19":"tag-noticias-destacadas","20":"tag-noticiasdestacadas","21":"tag-spain","22":"tag-titulares","23":"tag-ultimas-noticias","24":"tag-ultimasnoticias"},"share_on_mastodon":{"url":"https:\/\/pubeurope.com\/@es\/115620686465815785","error":""},"_links":{"self":[{"href":"https:\/\/www.europesays.com\/es\/wp-json\/wp\/v2\/posts\/258150","targetHints":{"allow":["GET"]}}],"collection":[{"href":"https:\/\/www.europesays.com\/es\/wp-json\/wp\/v2\/posts"}],"about":[{"href":"https:\/\/www.europesays.com\/es\/wp-json\/wp\/v2\/types\/post"}],"author":[{"embeddable":true,"href":"https:\/\/www.europesays.com\/es\/wp-json\/wp\/v2\/users\/2"}],"replies":[{"embeddable":true,"href":"https:\/\/www.europesays.com\/es\/wp-json\/wp\/v2\/comments?post=258150"}],"version-history":[{"count":0,"href":"https:\/\/www.europesays.com\/es\/wp-json\/wp\/v2\/posts\/258150\/revisions"}],"wp:featuredmedia":[{"embeddable":true,"href":"https:\/\/www.europesays.com\/es\/wp-json\/wp\/v2\/media\/258151"}],"wp:attachment":[{"href":"https:\/\/www.europesays.com\/es\/wp-json\/wp\/v2\/media?parent=258150"}],"wp:term":[{"taxonomy":"category","embeddable":true,"href":"https:\/\/www.europesays.com\/es\/wp-json\/wp\/v2\/categories?post=258150"},{"taxonomy":"post_tag","embeddable":true,"href":"https:\/\/www.europesays.com\/es\/wp-json\/wp\/v2\/tags?post=258150"}],"curies":[{"name":"wp","href":"https:\/\/api.w.org\/{rel}","templated":true}]}}