{"id":258186,"date":"2025-11-27T08:54:12","date_gmt":"2025-11-27T08:54:12","guid":{"rendered":"https:\/\/www.europesays.com\/es\/258186\/"},"modified":"2025-11-27T08:54:12","modified_gmt":"2025-11-27T08:54:12","slug":"el-bonito-palacete-de-norman-foster-en-madrid-es-un-referente-en-diseno-por-su-patio-interior","status":"publish","type":"post","link":"https:\/\/www.europesays.com\/es\/258186\/","title":{"rendered":"El bonito palacete de Norman Foster en Madrid es un referente en dise\u00f1o por su patio interior"},"content":{"rendered":"<p><strong>Norman Foster<\/strong> es uno de los arquitectos m\u00e1s importantes del mundo y quien, hace un tiempo, decidi\u00f3 establecer su residencia tambi\u00e9n en Madrid. El dise\u00f1ador de edificios vive entre <strong>Inglaterra y Espa\u00f1a<\/strong>, intentando compaginar su vida personal con la laboral. Es por eso que Foster ha tenido que establecer dos residencias. La m\u00e1s especial para \u00e9l se encuentra en Londres, la ciudad que le vio crecer y formarse como uno de los mejores arquitectos. La otra se ubica en Madrid, en una de las zonas m\u00e1s privilegiadas de la capital y, como no pod\u00eda ser de otra manera, es todo un referente. <\/p>\n<p>La vivienda\/residencia asociada a Norman Foster en Madrid es un palacete hist\u00f3rico ubicado en la calle\u00a0<strong>Monte Esquinza 48<\/strong>, en el barrio de Chamber\u00ed. Este palacete fue construido en 1912 por el arquitecto Joaqu\u00edn Salda\u00f1a como residencia del duque de Plasencia. Su arquitectura original \u2014fachada, distribuci\u00f3n interior, volumen y detalles cl\u00e1sicos\u2014 lo situaba dentro de las residencias aristocr\u00e1ticas de la \u00e9poca.<\/p>\n<p>El espectacular palacete de Norman Foster en Chamber\u00ed<\/p>\n<blockquote class=\"instagram-media\" data-instgrm-permalink=\"https:\/\/www.instagram.com\/reel\/DPWhyKoDBRq\/?utm_source=ig_embed&amp;utm_campaign=loading\" data-instgrm-version=\"14\" style=\" background:#FFF; border:0; border-radius:3px; box-shadow:0 0 1px 0 rgba(0,0,0,0.5),0 1px 10px 0 rgba(0,0,0,0.15); margin: 1px; max-width:540px; min-width:326px; padding:0; width:99.375%; width:-webkit-calc(100% - 2px); width:calc(100% - 2px);\"\/>\n<p>A lo largo del siglo XX, el palacete tuvo varios usos; fue embajada, incluida la de Turqu\u00eda, y posteriormente se convirti\u00f3 en una sede bancaria \u2014fue propiedad del que luego ser\u00eda Bankia\u2014. En 2013 \u2014tras quedar el edificio vac\u00edo\u2014 Foster lo adquiri\u00f3 \u2014por algo m\u00e1s de 9 millones de euros\u2014 con la intenci\u00f3n de destinarlo a la sede de su <strong>fundaci\u00f3n<\/strong>. Cuando Foster y su esposa \u2014la galerista y editora espa\u00f1ola Elena Ochoa\u2014 decidieron instalar all\u00ed lo que hoy es la Norman Foster Foundation, llevaron a cabo una restauraci\u00f3n profunda del palacete. El objetivo fue recuperar los <strong>elementos arquitect\u00f3nicos originales protegidos <\/strong>\u2014escaleras, molduras y la estructura interior\u2014 y al mismo tiempo adaptar el edificio a un uso contempor\u00e1neo: archivo, galer\u00eda, espacios de trabajo, biblioteca, salas de exposiciones.\u00a0<\/p>\n<p>El inmueble tiene aproximadamente\u00a0<strong>1.704 metros cuadrados distribuidos en tres plantas sobre rasante m\u00e1s un s\u00f3tano<\/strong>, m\u00e1s dos edificaciones auxiliares adosadas, seg\u00fan los planos adaptados.\u00a0Adem\u00e1s, se a\u00f1adi\u00f3 un\u00a0<strong>pabell\u00f3n moderno y transparente<\/strong>\u00a0en el patio interior, dise\u00f1ado por el equipo de Foster: con muros de vidrio laminado y cubierta de fibra de vidrio, crea un espacio ligero, casi et\u00e9reo, que contrapone lo contempor\u00e1neo al clasicismo original del palacete. Este pabell\u00f3n sirve como <strong>\u00e1rea de exposici\u00f3n, encuentro y taller, y refleja la filosof\u00eda del arquitecto de fusionar historia, arte, tecnolog\u00eda y funcionalidad. <\/strong><\/p>\n<p><img fetchpriority=\"high\" decoding=\"async\" width=\"900\" height=\"675\" src=\"https:\/\/www.europesays.com\/es\/wp-content\/uploads\/2025\/11\/patio-norman-foster.jpeg\" alt=\"\" class=\"wp-image-3856569\"  \/>El patio de la Fundaci\u00f3n Norman Foster. | Norman Foster Foundation<\/p>\n<p>Desde 2017, este palacete de Monte Esquinza alberga la sede de la Norman Foster Foundation. All\u00ed se conserva un vasto archivo personal del arquitecto: maquetas, planos, croquis, fotograf\u00edas, correspondencia, documentos, cuadernos de trabajo, as\u00ed como una colecci\u00f3n de arte, mobiliario de dise\u00f1o, objetos de inspiraci\u00f3n, etc.\u00a0La fundaci\u00f3n funciona como un espacio cultural, acad\u00e9mico y de reflexi\u00f3n: promueve investigaci\u00f3n en arquitectura, dise\u00f1o, urbanismo, sostenibilidad y arte. Tambi\u00e9n organiza exposiciones, seminarios, debates, talleres y proyectos de ciudad. Para Foster, este proyecto representa mucho m\u00e1s que una casa: es un \u00ablaboratorio del futuro\u00bb, una plataforma de creaci\u00f3n y de di\u00e1logo entre generaciones.\u00a0<\/p>\n<p>El gran legado de Norman Foster, el arquitecto ingl\u00e9s m\u00e1s espa\u00f1ol <\/p>\n<p>Aunque inicialmente hubo etapas de revisi\u00f3n urban\u00edstica y patrimonial que complicaron ciertos planes \u2014incluso rumores de cancelaci\u00f3n del proyecto en su momento\u2014 la fundaci\u00f3n sigue activa, y el palacete cumple ya m\u00e1s de una d\u00e9cada como sede de referencia bajo su nombre.\u00a0La elecci\u00f3n de Madrid para establecer su sede tiene much\u00edsimo valor; r<strong>efuerza el v\u00ednculo con Espa\u00f1a y con Europa como arquitecto, sobre todo en su dimensi\u00f3n global<\/strong>. Adem\u00e1s, permite conservar patrimonio hist\u00f3rico madrile\u00f1o, ya que recuperar un palacete centenario y adaptarlo de forma respetuosa es, sin duda, un acto de conservaci\u00f3n art\u00edstica. Tambi\u00e9n, el lugar se ha convertido en un espacio donde articular su visi\u00f3n del mundo. <\/p>\n<p>Es, adem\u00e1s, un legado vivo; no un museo est\u00e1tico, sino un centro de actividad intelectual y cultural, abierto a investigaci\u00f3n, intercambio, exposiciones, formaci\u00f3n. Como ya contamos en THE OBJECTIVE, Foster, que comparte su vida con la espa\u00f1ola <strong>Elena Ochoa<\/strong>, naci\u00f3 en junio de 1935 en Manchester, en Reino Unido. Desde joven mostr\u00f3 inter\u00e9s por el dibujo, los edificios y la tecnolog\u00eda; pasaba horas contemplando infraestructuras, estaciones y aviones, fascinado por la ingenier\u00eda y las soluciones funcionales que ve\u00eda en su ciudad industrial. Estudi\u00f3 en su ciudad natal y, despu\u00e9s, consigui\u00f3 una beca para formarse en Yale, donde estuvo en contacto directo con grandes figuras como Paul Rudolph y con el movimiento moderno estadounidense.<\/p>\n<p><img loading=\"lazy\" decoding=\"async\" width=\"1024\" height=\"640\" src=\"https:\/\/www.europesays.com\/es\/wp-content\/uploads\/2025\/11\/norman-foster-tres-1024x640.jpg\" alt=\"\" class=\"wp-image-3848291\"  \/>Norman Foster, en septiembre de 2023 en Madrid. | Gtres<\/p>\n<p>A comienzos de los a\u00f1os 60 fund\u00f3 Team 4, lo que fue el punto de comienzo de una generaci\u00f3n brillante. A lo largo de su carrera ha dado forma a la <strong>del Reichstag en Berl\u00edn<\/strong>, s\u00edmbolo de transparencia democr\u00e1tica; el rascacielos\u00a0<strong>30 St Mary Axe<\/strong>\u00a0en Londres, conocido como The Gherkin; el\u00a0<strong>Aeropuerto Internacional de Hong Kong<\/strong>; el\u00a0<strong>Puente del Milenio<\/strong>; y la\u00a0<strong>Sede del Ayuntamiento de Londres<\/strong>. Espa\u00f1a ocupa un lugar esencial en la vida de Norman Foster. Est\u00e1 casado con la espa\u00f1ola\u00a0<strong>Elena Ochoa<\/strong>, editora, comisaria de arte y fundadora de Ivorypress. Ambos mantienen un fuerte v\u00ednculo con Madrid, donde se instal\u00f3 la\u00a0<strong>Norman Foster Foundation<\/strong>\u00a0en un palacete hist\u00f3rico del barrio de Chamber\u00ed. Su relaci\u00f3n con Ochoa ha sido determinante: juntos han impulsado proyectos culturales, educativos y filantr\u00f3picos, siempre con un enfoque internacional.\u00a0 <\/p>\n<p>Todav\u00eda, Norman sigue trabajando diariamente y muy volcado en su funci\u00f3n, viajando por todo el mundo. Su vida profesional se caracteriza por una energ\u00eda inagotable y un compromiso f\u00e9rreo con la innovaci\u00f3n. Para \u00e9l, la <strong>arquitectura <\/strong>no es solo est\u00e9tica, sino una herramienta de transformaci\u00f3n social y ambiental. De ah\u00ed su insistencia en las energ\u00edas limpias, la movilidad sostenible, los edificios autosuficientes y las ciudades centradas en las personas.<\/p>\n<p>                                                    <script async src=\"\/\/www.instagram.com\/embed.js\"><\/script><\/p>\n","protected":false},"excerpt":{"rendered":"Norman Foster es uno de los arquitectos m\u00e1s importantes del mundo y quien, hace un tiempo, decidi\u00f3 establecer&hellip;\n","protected":false},"author":2,"featured_media":258187,"comment_status":"","ping_status":"","sticky":false,"template":"","format":"standard","meta":{"footnotes":""},"categories":[173],"tags":[229,233,231,230,3738,255,64736,232,234,146,147,25,24,205,6481,23],"class_list":{"0":"post-258186","1":"post","2":"type-post","3":"status-publish","4":"format-standard","5":"has-post-thumbnail","7":"category-arte-y-diseno","8":"tag-arte","9":"tag-arte-y-diseno","10":"tag-arts","11":"tag-arts-and-design","12":"tag-casas","13":"tag-celebrities","14":"tag-chamberu00ed","15":"tag-design","16":"tag-diseno","17":"tag-entertainment","18":"tag-entretenimiento","19":"tag-es","20":"tag-espana","21":"tag-madrid","22":"tag-palacio","23":"tag-spain"},"share_on_mastodon":{"url":"https:\/\/pubeurope.com\/@es\/115620824326804599","error":""},"_links":{"self":[{"href":"https:\/\/www.europesays.com\/es\/wp-json\/wp\/v2\/posts\/258186","targetHints":{"allow":["GET"]}}],"collection":[{"href":"https:\/\/www.europesays.com\/es\/wp-json\/wp\/v2\/posts"}],"about":[{"href":"https:\/\/www.europesays.com\/es\/wp-json\/wp\/v2\/types\/post"}],"author":[{"embeddable":true,"href":"https:\/\/www.europesays.com\/es\/wp-json\/wp\/v2\/users\/2"}],"replies":[{"embeddable":true,"href":"https:\/\/www.europesays.com\/es\/wp-json\/wp\/v2\/comments?post=258186"}],"version-history":[{"count":0,"href":"https:\/\/www.europesays.com\/es\/wp-json\/wp\/v2\/posts\/258186\/revisions"}],"wp:featuredmedia":[{"embeddable":true,"href":"https:\/\/www.europesays.com\/es\/wp-json\/wp\/v2\/media\/258187"}],"wp:attachment":[{"href":"https:\/\/www.europesays.com\/es\/wp-json\/wp\/v2\/media?parent=258186"}],"wp:term":[{"taxonomy":"category","embeddable":true,"href":"https:\/\/www.europesays.com\/es\/wp-json\/wp\/v2\/categories?post=258186"},{"taxonomy":"post_tag","embeddable":true,"href":"https:\/\/www.europesays.com\/es\/wp-json\/wp\/v2\/tags?post=258186"}],"curies":[{"name":"wp","href":"https:\/\/api.w.org\/{rel}","templated":true}]}}