{"id":258225,"date":"2025-11-27T09:26:17","date_gmt":"2025-11-27T09:26:17","guid":{"rendered":"https:\/\/www.europesays.com\/es\/258225\/"},"modified":"2025-11-27T09:26:17","modified_gmt":"2025-11-27T09:26:17","slug":"la-contratacion-de-proteccion-ante-ciberataques-crece-un-87-entre-las-pymes-espanolas-clientes-de-bbva","status":"publish","type":"post","link":"https:\/\/www.europesays.com\/es\/258225\/","title":{"rendered":"La contrataci\u00f3n de protecci\u00f3n ante ciberataques crece un 87% entre las pymes espa\u00f1olas clientes de BBVA"},"content":{"rendered":"<p>A cierre de octubre de 2025, este producto registra <strong>un incremento interanual del 87% en n\u00famero de p\u00f3lizas y del 46% en volumen de primas<\/strong>, reflejando la creciente conciencia del tejido empresarial sobre la importancia de protegerse en el entorno digital. Coincidiendo con la celebraci\u00f3n del D\u00eda Internacional de la Seguridad de la Informaci\u00f3n el pr\u00f3ximo 30 de noviembre, BBVA quiere recordar la importancia de protegerse ante ciberataques y refuerza su compromiso con la <strong><a href=\"https:\/\/www.bbva.com\/es\/innovacion\/ciberseguridad-para-pymes-claves-para-protegerse\/\" rel=\"nofollow noopener\" target=\"_blank\">protecci\u00f3n digital de pymes y aut\u00f3nomos<\/a><\/strong> con este seguro.<\/p>\n<p>BBVA Allianz Cyber es un seguro dise\u00f1ado para ayudar a las pymes y aut\u00f3nomos a hacer frente a los riesgos derivados de un <strong><a href=\"https:\/\/www.bbva.com\/es\/innovacion\/podcast-ciberseguridad-todo-lo-que-deben-conocer-las-pymes-para-mantenerse-a-salvo\/\" rel=\"nofollow noopener\" target=\"_blank\">ciberataque<\/a><\/strong>. Incluye coberturas que van desde la restauraci\u00f3n de datos y sistemas hasta la asistencia t\u00e9cnica especializada, a cualquier hora del d\u00eda y de la semana. Tambi\u00e9n <strong>protege frente a la responsabilidad civil ante terceros, los costes legales derivados de posibles reclamaciones y las p\u00e9rdidas econ\u00f3micas por la interrupci\u00f3n del negocio.<\/strong><\/p>\n<p>Adem\u00e1s, el seguro ofrece<strong> asesoramiento en la gesti\u00f3n de crisis y reputaci\u00f3n<\/strong> en caso de que un incidente afecte a la imagen de la empresa. Una de sus caracter\u00edsticas diferenciales es que no solo act\u00faa tras el ataque, sino que tambi\u00e9n promueve la prevenci\u00f3n, ofreciendo recursos formativos y herramientas para fortalecer la seguridad digital de los negocios.<\/p>\n<p>Con el objetivo de seguir impulsando la adopci\u00f3n de medidas de protecci\u00f3n digital, BBVA mantiene en vigor su campa\u00f1a especial del Seguro Cyber, <strong>que ofrece un 30% de descuento en la prima a los clientes que lo contraten antes del 31 de diciembre de 2025<\/strong>. La promoci\u00f3n est\u00e1 dirigida tanto a clientes como a nuevos clientes pymes y aut\u00f3nomos que a\u00fan no dispongan de esta cobertura.<\/p>\n<p>El director de Pymes de BBVA en Espa\u00f1a, Jos\u00e9 Luis Serrano ha destacado que <strong>\u201ccada vez son m\u00e1s las peque\u00f1as empresas que incorporan la ciberseguridad como una prioridad en su gesti\u00f3n<\/strong>. Desde BBVA Allianz queremos acompa\u00f1arlas con soluciones sencillas, eficaces y adaptadas a su realidad diaria, ayud\u00e1ndolas a proteger su negocio frente a un riesgo que ya no distingue por tama\u00f1o o sector\u201d.<\/p>\n<p>Formaci\u00f3n y sensibilizaci\u00f3n<\/p>\n<p>BBVA complementa su oferta de productos aseguradores con acciones de formaci\u00f3n y divulgaci\u00f3n. En los \u00faltimos a\u00f1os, la entidad ha formado presencialmente a <strong>m\u00e1s de mil pymes<\/strong> en materia de ciberseguridad, y sus cursos online han acumulado m\u00e1s de 700.000 visitas. Estas iniciativas se enmarcan dentro de la estrategia del banco por contribuir al desarrollo digital de las empresas, reforzando su resiliencia frente a amenazas de la delincuencia tecnol\u00f3gicas.<\/p>\n","protected":false},"excerpt":{"rendered":"A cierre de octubre de 2025, este producto registra un incremento interanual del 87% en n\u00famero de p\u00f3lizas&hellip;\n","protected":false},"author":2,"featured_media":258226,"comment_status":"","ping_status":"","sticky":false,"template":"","format":"standard","meta":{"footnotes":""},"categories":[80],"tags":[82,95,94,25,24,23],"class_list":{"0":"post-258225","1":"post","2":"type-post","3":"status-publish","4":"format-standard","5":"has-post-thumbnail","7":"category-economia","8":"tag-business","9":"tag-economia","10":"tag-economy","11":"tag-es","12":"tag-espana","13":"tag-spain"},"share_on_mastodon":{"url":"https:\/\/pubeurope.com\/@es\/115620950408703554","error":""},"_links":{"self":[{"href":"https:\/\/www.europesays.com\/es\/wp-json\/wp\/v2\/posts\/258225","targetHints":{"allow":["GET"]}}],"collection":[{"href":"https:\/\/www.europesays.com\/es\/wp-json\/wp\/v2\/posts"}],"about":[{"href":"https:\/\/www.europesays.com\/es\/wp-json\/wp\/v2\/types\/post"}],"author":[{"embeddable":true,"href":"https:\/\/www.europesays.com\/es\/wp-json\/wp\/v2\/users\/2"}],"replies":[{"embeddable":true,"href":"https:\/\/www.europesays.com\/es\/wp-json\/wp\/v2\/comments?post=258225"}],"version-history":[{"count":0,"href":"https:\/\/www.europesays.com\/es\/wp-json\/wp\/v2\/posts\/258225\/revisions"}],"wp:featuredmedia":[{"embeddable":true,"href":"https:\/\/www.europesays.com\/es\/wp-json\/wp\/v2\/media\/258226"}],"wp:attachment":[{"href":"https:\/\/www.europesays.com\/es\/wp-json\/wp\/v2\/media?parent=258225"}],"wp:term":[{"taxonomy":"category","embeddable":true,"href":"https:\/\/www.europesays.com\/es\/wp-json\/wp\/v2\/categories?post=258225"},{"taxonomy":"post_tag","embeddable":true,"href":"https:\/\/www.europesays.com\/es\/wp-json\/wp\/v2\/tags?post=258225"}],"curies":[{"name":"wp","href":"https:\/\/api.w.org\/{rel}","templated":true}]}}