{"id":258278,"date":"2025-11-27T10:11:08","date_gmt":"2025-11-27T10:11:08","guid":{"rendered":"https:\/\/www.europesays.com\/es\/258278\/"},"modified":"2025-11-27T10:11:08","modified_gmt":"2025-11-27T10:11:08","slug":"la-cena-de-gala-de-los-reyes-en-honor-del-presidente-aleman-en-imagenes-fotos-gente-el-pais","status":"publish","type":"post","link":"https:\/\/www.europesays.com\/es\/258278\/","title":{"rendered":"La cena de gala de los Reyes en honor del presidente alem\u00e1n, en im\u00e1genes | Fotos | Gente &#8211; EL PA\u00cdS"},"content":{"rendered":"<ol>\n<li><a href=\"https:\/\/news.google.com\/rss\/articles\/CBMisgFBVV95cUxONmdXa09sekhvNGFsYnl1MkxhblN0V19yVG5TYVVFTXF0QXdGZGt2QlpjT1dIdDhJbWRId3ZvMjBXWFVzQk11RVhPUU9VWjVNSkxwQ2swLWRkYkEzSVJCWkUtZ2ZHVlZtRl84NnQ4T1BTdjI2SERUdFpYdG9ROHpZSEhaX3c1X1doTFF0enVOWXktYm8wZ3YzYm1jNWJHRElqbHpqYjE0Q1RRTjFiY2dySmhR?oc=5\" target=\"_blank\" rel=\"nofollow noopener\">La cena de gala de los Reyes en honor del presidente alem\u00e1n, en im\u00e1genes | Fotos | Gente<\/a>&nbsp;&nbsp;EL PA\u00cdS<\/li>\n<li><a href=\"https:\/\/news.google.com\/rss\/articles\/CBMigwFBVV95cUxObU1fbGpyN19KWUd1ZzAyZmx2ZGtPR045VU9HTXFDYUFlQ0xPNkVKTEY1UHk3QThTc25rVEZ4ZzJlUmRIbDBHTHFqc19NbE9fazJfaXkzdTNqRzROTEhJYkk2M1hFRXBNN3hvRzh0X0RMT18xZDFmaHktUl9mVENMQ2NiY9IBgwFBVV95cUxPR3dOLU1oWnp0cldQeGtCN3BzNnBPZVNnZFIwZmNndDBiWkFSeU83X1BZV2RaZ0ZVVUFnc0JmV3piVENvUVZDZUN6Y1VHV0EtQkZsR1ZJZkl3R0hrZVE5LXM1ck1ISDZDaTBpQWdWeHNjeEdoczNsT2d3Tk10MDRCTWZKbw?oc=5\" target=\"_blank\" rel=\"nofollow noopener\">Una tiara desempolvada, men\u00fa Michelin y Noelia de Nino Bravo: los detalles de la cena de gala de los Reyes con el presidente alem\u00e1n<\/a>&nbsp;&nbsp;El Mundo<\/li>\n<li><a href=\"https:\/\/news.google.com\/rss\/articles\/CBMi3wFBVV95cUxQQWZ4Y0N1cG0ydVI3VlQ5NnI5b1BSWkw1WkpmRVIwMDVURHhBdXJSbE5ZcUNLR05XUmlDS20welQ2WWtQUC1lMzFidEt6OUZLSlluNVc3UGxJekpqandzRnAwR3k3Z3Vad2ExMEgxbFdCMndHVTZuQjJGdmtWdGlpWUl6QTY2YmdpVkNaSHJNLXJac2VReUp6MGFJZmw5VzJ2NndURG43TnRBNGtVaW5jaUZVVWlDY1VHWndzZnRoek03NktnZTB1ZHo5V0s4b284ZTdYZUJMcERfVVlYb1JV0gHkAUFVX3lxTFBKWTc2RldZTWhBa1ZUX1MzU2VUSDRXelVUMVMyQUFSdEN6XzRZRWVXcXN6Q2p5VHZOZFZ0ZjlocmZFaGtKVjBZV1hNU09LUUplM0pwZlFYUjN4d2VhZV9BdVpFM2NlZXVqR1JNNkRBSmp1ZVlSU212UnBxVG16V2sya3R5VUJQWUdUejNBRl9NdmptX0xLSl9aWl9BcFhiS3hKck9QZDNrQ0Rkd2RIdzZPcHN1Tk93QlZWOFhJbWpWTGJjQ0tmbDdBS2dxRGljU1FnbFM1cmRCeFk5RzJRVlNqUjJwdA?oc=5\" target=\"_blank\" rel=\"nofollow noopener\">La reina Letizia, grandiosa en la visita oficial del presidente alem\u00e1n: qu\u00edmica con la primera dama, el misterio de los abrigos perdidos y la intrusa que se meti\u00f3 en el bolsillo<\/a>&nbsp;&nbsp;Mujerhoy<\/li>\n<li><a href=\"https:\/\/news.google.com\/rss\/articles\/CBMi1AFBVV95cUxNMW5BM1NqZ1RvNjdKUnJMdHpDYWtpMmNCR2R4YjdWczBJMmd5NDk1Y09FdTdPSU5GT2Y2RUpXTDZXbU80bzRFckVyN3FUWHhMb3FFUjhZSkktak9vRlpBS0dDRHBZYUxqd1RiWC1STldxQ2ZBX3phVU1OQnJNZDFGeER5eXFEc0RpV1J3ZTFMNlVNT0tremphcDd5Q24tZzg5SVNkTEZiSTYzeWh5RVR0WE5fbEp3UVExWVBGODBWbnRyMDlIbmRuVU12SW52SkNqeE5PTA?oc=5\" target=\"_blank\" rel=\"nofollow noopener\">De Elke B\u00fcdenbender a Ana Bot\u00edn o Ester Mu\u00f1oz: los looks de las invitadas a la cena de gala en honor al presidente alem\u00e1n<\/a>&nbsp;&nbsp;Vanitatis<\/li>\n<li><a href=\"https:\/\/news.google.com\/rss\/articles\/CBMicEFVX3lxTFB2VGdraUpWN1ZseEVKRUVQbml5SWJ5eGswTzVJMG0yWWxpRUJzdkdvY3E5YTFpdW1TR2wyZmRCM2stTWdfY3dTRDBqNHM3YnFfTDVwVWVRWTJMYi1JZXBKeEtRcEhEak01dE42T3F0eEM?oc=5\" target=\"_blank\" rel=\"nofollow noopener\">La reina Letizia vuelve a recuperar la tiara Cartier, una de las joyas m\u00e1s espectaculares del armario real<\/a>&nbsp;&nbsp;Vogue Espa\u00f1a<\/li>\n<\/ol>\n","protected":false},"excerpt":{"rendered":"La cena de gala de los Reyes en honor del presidente alem\u00e1n, en im\u00e1genes | Fotos | Gente&nbsp;&nbsp;EL&hellip;\n","protected":false},"author":2,"featured_media":258279,"comment_status":"","ping_status":"","sticky":false,"template":"","format":"standard","meta":{"footnotes":""},"categories":[91],"tags":[146,147,25,24,23],"class_list":{"0":"post-258278","1":"post","2":"type-post","3":"status-publish","4":"format-standard","5":"has-post-thumbnail","7":"category-entretenimiento","8":"tag-entertainment","9":"tag-entretenimiento","10":"tag-es","11":"tag-espana","12":"tag-spain"},"share_on_mastodon":{"url":"https:\/\/pubeurope.com\/@es\/115621126784741644","error":""},"_links":{"self":[{"href":"https:\/\/www.europesays.com\/es\/wp-json\/wp\/v2\/posts\/258278","targetHints":{"allow":["GET"]}}],"collection":[{"href":"https:\/\/www.europesays.com\/es\/wp-json\/wp\/v2\/posts"}],"about":[{"href":"https:\/\/www.europesays.com\/es\/wp-json\/wp\/v2\/types\/post"}],"author":[{"embeddable":true,"href":"https:\/\/www.europesays.com\/es\/wp-json\/wp\/v2\/users\/2"}],"replies":[{"embeddable":true,"href":"https:\/\/www.europesays.com\/es\/wp-json\/wp\/v2\/comments?post=258278"}],"version-history":[{"count":0,"href":"https:\/\/www.europesays.com\/es\/wp-json\/wp\/v2\/posts\/258278\/revisions"}],"wp:featuredmedia":[{"embeddable":true,"href":"https:\/\/www.europesays.com\/es\/wp-json\/wp\/v2\/media\/258279"}],"wp:attachment":[{"href":"https:\/\/www.europesays.com\/es\/wp-json\/wp\/v2\/media?parent=258278"}],"wp:term":[{"taxonomy":"category","embeddable":true,"href":"https:\/\/www.europesays.com\/es\/wp-json\/wp\/v2\/categories?post=258278"},{"taxonomy":"post_tag","embeddable":true,"href":"https:\/\/www.europesays.com\/es\/wp-json\/wp\/v2\/tags?post=258278"}],"curies":[{"name":"wp","href":"https:\/\/api.w.org\/{rel}","templated":true}]}}