{"id":258312,"date":"2025-11-27T10:36:22","date_gmt":"2025-11-27T10:36:22","guid":{"rendered":"https:\/\/www.europesays.com\/es\/258312\/"},"modified":"2025-11-27T10:36:22","modified_gmt":"2025-11-27T10:36:22","slug":"esta-navidad-compra-en-el-comercio-de-barrio-hay-premios-sorteos-y-mercado-tradicional-canal-norte-tv-digital","status":"publish","type":"post","link":"https:\/\/www.europesays.com\/es\/258312\/","title":{"rendered":"Esta Navidad, compra en el comercio de barrio: hay premios, sorteos&#8230; y mercado tradicional &#8211; Canal Norte TV Digital"},"content":{"rendered":"<p>Esta Navidad, compra en el comercio de barrio: hay premios, sorteos&#8230; y mercado tradicional<\/p>\n<p>Laura RODR\u00cdGUEZ \/ San Sebasti\u00e1n de los Reyes, Madrid \/ 27.11.2025 \u00a0<\/p>\n<p>El comercio local de San Sebasti\u00e1n de los Reyes prepara otra Navidad sorprendente: con escaparates de premio, premiando tambi\u00e9n la fidelidad de su clientela y participando en el mercado tradicional navide\u00f1o que, del 16 al 28 de diciembre, abrir\u00e1 en el coraz\u00f3n de la ciudad.<\/p>\n<p>CONCURSO DE ESCAPARATES<\/p>\n<p>El concurso de escaparates entregar\u00e1 6 premios en esta ocasi\u00f3n, el primero de 1.000 euros para el mejor.\u00a0<\/p>\n<p>Es una iniciativa que apuesta por esta t\u00e9cnica considerada \u00abarte\u00bb que sirve para atraer a m\u00e1s clientes y vestir las calles de Navidad.<\/p>\n<p>Las <a href=\"https:\/\/docs.google.com\/forms\/d\/1vmC8MtSjI-UL3PPEB7Cq49bc7Gw0wr-Es7R7ac7VFJo\/viewform?edit_requested=true\" target=\"_blank\" rel=\"nofollow noopener\">inscripciones para los comercios<\/a> ya est\u00e1n abiertas. Las <a href=\"https:\/\/www.ssreyes.org\/documents\/2768489\/5275132\/2025+BASES+CONCURSO+ESCAPARATES+2025.pdf\/aded6f62-37da-fcae-154c-bf2c2dec2ab8?t=1763119057690\" target=\"_blank\" rel=\"nofollow noopener\">bases completas<\/a> se pueden consultar en este enlace.<\/p>\n<p>PREMIO AL COMPRADOR\/A<\/p>\n<p>El \u201cPremio al comprador\u201d es \u00abla otra loter\u00eda\u00bb para los consumidores locales, ya que reparte tres premios gordos: el primero de 1.000 euros y dos segundos premios de 500 euros. En todos los casos, para gastar en una \u00fanica jornada (el 16 de enero) en los establecimientos participantes.\u00a0<\/p>\n<p>\u00bfY como podemos optar a estos premios? Comprando en los comercios de proximidad y rellenando la papeleta que nos entregar\u00e1n al hacerlo para participar en el sorteo que se celebrar\u00e1 el 12 de enero.<\/p>\n<p>MERCADO TRADICIONAL NAVIDE\u00d1O<\/p>\n<p>Y no acaba aqu\u00ed la campa\u00f1a comercial navide\u00f1a porque, por segundo a\u00f1o consecutivo, San Sebasti\u00e1n de los Reyes contar\u00e1 con un mercado tradicional navide\u00f1o. Se celebrar\u00e1 del 16 al 28 de diciembre en la Plaza de la Constituci\u00f3n (los viernes de 16 a 22 h., los s\u00e1bados y domingos de 11 a 14 h., y de 16 a 22 h). Y estar\u00e1 animado con actividades y espect\u00e1culos para toda la familia.<\/p>\n<p>Esta campa\u00f1a navide\u00f1a de dinamizaci\u00f3n comercial est\u00e1 organizada por el Ayuntamiento de San Sebasti\u00e1n de los Reyes y ACENOMA, con la colaboraci\u00f3n del Banco Sabadell.<\/p>\n","protected":false},"excerpt":{"rendered":"Esta Navidad, compra en el comercio de barrio: hay premios, sorteos&#8230; y mercado tradicional Laura RODR\u00cdGUEZ \/ San&hellip;\n","protected":false},"author":2,"featured_media":258313,"comment_status":"","ping_status":"","sticky":false,"template":"","format":"standard","meta":{"footnotes":""},"categories":[80],"tags":[517,82,95,94,25,24,23,21],"class_list":{"0":"post-258312","1":"post","2":"type-post","3":"status-publish","4":"format-standard","5":"has-post-thumbnail","7":"category-economia","8":"tag-actualidad","9":"tag-business","10":"tag-economia","11":"tag-economy","12":"tag-es","13":"tag-espana","14":"tag-spain","15":"tag-ultimas-noticias"},"share_on_mastodon":{"url":"https:\/\/pubeurope.com\/@es\/115621225209292113","error":""},"_links":{"self":[{"href":"https:\/\/www.europesays.com\/es\/wp-json\/wp\/v2\/posts\/258312","targetHints":{"allow":["GET"]}}],"collection":[{"href":"https:\/\/www.europesays.com\/es\/wp-json\/wp\/v2\/posts"}],"about":[{"href":"https:\/\/www.europesays.com\/es\/wp-json\/wp\/v2\/types\/post"}],"author":[{"embeddable":true,"href":"https:\/\/www.europesays.com\/es\/wp-json\/wp\/v2\/users\/2"}],"replies":[{"embeddable":true,"href":"https:\/\/www.europesays.com\/es\/wp-json\/wp\/v2\/comments?post=258312"}],"version-history":[{"count":0,"href":"https:\/\/www.europesays.com\/es\/wp-json\/wp\/v2\/posts\/258312\/revisions"}],"wp:featuredmedia":[{"embeddable":true,"href":"https:\/\/www.europesays.com\/es\/wp-json\/wp\/v2\/media\/258313"}],"wp:attachment":[{"href":"https:\/\/www.europesays.com\/es\/wp-json\/wp\/v2\/media?parent=258312"}],"wp:term":[{"taxonomy":"category","embeddable":true,"href":"https:\/\/www.europesays.com\/es\/wp-json\/wp\/v2\/categories?post=258312"},{"taxonomy":"post_tag","embeddable":true,"href":"https:\/\/www.europesays.com\/es\/wp-json\/wp\/v2\/tags?post=258312"}],"curies":[{"name":"wp","href":"https:\/\/api.w.org\/{rel}","templated":true}]}}