{"id":258314,"date":"2025-11-27T10:37:11","date_gmt":"2025-11-27T10:37:11","guid":{"rendered":"https:\/\/www.europesays.com\/es\/258314\/"},"modified":"2025-11-27T10:37:11","modified_gmt":"2025-11-27T10:37:11","slug":"militares-restringen-acceso-a-redes-sociales-dw-27-11-2025","status":"publish","type":"post","link":"https:\/\/www.europesays.com\/es\/258314\/","title":{"rendered":"militares restringen acceso a redes sociales \u2013 DW \u2013 27\/11\/2025"},"content":{"rendered":"<p>El Alto Mando Militar para el Restablecimiento de la Seguridad Nacional y el Orden P\u00fablico, como se hace llamar la\u00a0<a class=\"internal-link\" href=\"https:\/\/www.dw.com\/es\/ej\u00e9rcito-da-golpe-de-estado-en-guinea-bissau\/a-74911185\" rel=\"nofollow noopener\" target=\"_blank\">junta militar que dio el golpe de Estado en Guinea-Bissau<\/a>, orden\u00f3 este jueves (27.11.2025) a las empresas de telecomunicaciones que operan en el pa\u00eds que suspendan temporalmente el acceso a determinadas plataformas digitales en todo el territorio nacional, confirmaron al diario local O Democrata GB\u00a0 fuentes del sector.<\/p>\n<p>Seg\u00fan esas fuentes, que a su vez citaron fuentes militares, la medida busca minimizar el riesgo de difundir contenido que pueda incitar a la violencia o la desinformaci\u00f3n.<\/p>\n<p>El peri\u00f3dico confirm\u00f3 la efectividad de la decisi\u00f3n con los dos principales proveedores de servicios de internet, Orange y Telecel.<\/p>\n<p>Sin embargo, hasta la fecha, otras plataformas como WhatsApp y Messenger siguen aparentemente funcionando con cierta normalidad.<\/p>\n<p>La agencia EFE pudo constatar limitaciones al usar plataformas como Facebook, WhatsApp e Instagram.<\/p>\n<p>Un grupo de militares afirm\u00f3 este mi\u00e9rcoles haber tomado el control de Guinea-Bissau, suspendido el proceso electoral en curso y ordenado el cierre de las fronteras y del espacio a\u00e9reo del pa\u00eds \u00abhasta nueva orden\u00bb.<\/p>\n<p>El golpe de Estado ocurri\u00f3 ayer, mi\u00e9rcoles, en la v\u00edspera de la publicaci\u00f3n de los resultados provisionales de las elecciones generales del pasado domingo, en las que tanto el presidente saliente y candidato a la reelecci\u00f3n, Umaro Sissoco Embal\u00f3, como su principal rival, el independiente Fernando Dias da Costa, se hab\u00edan adjudicado la victoria.<\/p>\n<p>Los golpistas anunciaron la destituci\u00f3n \u00abinmediata\u00bb de Embal\u00f3 y la paralizaci\u00f3n \u00abinmediata\u00bb del proceso electoral en curso.<\/p>\n<p>Embal\u00f3 asegur\u00f3 a al medio Jeune Afrique que hab\u00eda sido arrestado.<\/p>\n<p>Tambi\u00e9n decretaron el cierre de las instituciones del pa\u00eds, la suspensi\u00f3n de las actividades de \u00ablos \u00f3rganos de comunicaci\u00f3n social\u00bb y un toque de queda nacional entre las 19:00 y las 06:00 hora local (misma GMT).<\/p>\n<p><img data-format=\"MASTER_LANDSCAPE\" data-id=\"74913784\" data-url=\"https:\/\/static.dw.com\/image\/74913784_${formatId}.jpg\" data-aspect-ratio=\"16\/9\" alt=\"Los golpistas anuncian a trav\u00e9s de la televisi\u00f3n que controlan Guinea-Bissau. (25.11.2025).\" style=\"padding-bottom: 56.25%; height: 0; max-height: 0;\"\/>Los militares golpistas anunciaron el 25.11.2025 que tomaron el control de Guinea-Bissau.Imagen: AA Video\/Anadolu Agency\/IMAGO<\/p>\n<p>Inestabilidad pol\u00edtica en Guinea-Bissau<\/p>\n<p>El pa\u00eds, propenso a los golpes de Estado, celebr\u00f3 este domingo unas elecciones caracterizadas por la exclusi\u00f3n de destacados l\u00edderes opositores.<\/p>\n<p>Los comicios se desarrollaron de forma pac\u00edfica y, seg\u00fan confirmaron este martes observadores de varias misiones internacionales, incluidas la de la <a class=\"internal-link\" href=\"https:\/\/www.dw.com\/es\/uni\u00f3n-africana\/t-17410560\" rel=\"nofollow noopener\" target=\"_blank\">Uni\u00f3n Africana<\/a>, fueron \u00abdemocr\u00e1ticos, libres y participativos\u00bb.<\/p>\n<p>En 2019, Embal\u00f3 fue elegido presidente, pero la inestabilidad nunca desapareci\u00f3 por completo en Guinea-Bissau: la rivalidad entre las fuerzas de seguridad, las tensiones con la oposici\u00f3n, las acusaciones de complots frustrados y las sospechas de injerencia militar han marcado los \u00faltimos a\u00f1os en este pa\u00eds de \u00c1frica occidental.<\/p>\n<p>Guinea-Bissau es uno de los pa\u00edses m\u00e1s inestables de \u00c1frica, ya que, desde su independencia de Portugal en 1974, ha sufrido cuatro golpes de Estado exitosos (1980, 1998\/99, 2003 y 2012).<\/p>\n<p>Por su costa atl\u00e1ntica, el pa\u00eds es, adem\u00e1s, considerado una ruta de tr\u00e1nsito de coca\u00edna entre Am\u00e9rica Latina y Europa, por lo que ocupa un punto estrat\u00e9gico en \u00c1frica occidental.<\/p>\n<p><img data-format=\"MASTER_LANDSCAPE\" data-id=\"74915573\" data-url=\"https:\/\/static.dw.com\/image\/74915573_${formatId}.jpg\" data-aspect-ratio=\"16\/9\" alt=\"Soldados patrullan la zona del palacio presidencial en Guinea-Bissau en un veh\u00edculo militar.\" style=\"padding-bottom: 56.25%; height: 0; max-height: 0;\"\/>Soldados patrullan la zona del palacio presidencial en Guinea-Bissau. (Archivo).Imagen: Luc Gnago\/REUTERS<\/p>\n<p>Guterres sigue con \u00abprofunda preocupaci\u00f3n\u00bb el golpe en Guinea-Bisa\u00fa y pide calma<\/p>\n<p>El secretario general de la <a class=\"internal-link\" href=\"https:\/\/www.dw.com\/es\/onu\/t-17409613\" rel=\"nofollow noopener\" target=\"_blank\">ONU<\/a>, <a class=\"internal-link\" href=\"https:\/\/www.dw.com\/es\/ant\u00f3nio-guterres\/t-35981238\" rel=\"nofollow noopener\" target=\"_blank\">Ant\u00f3nio Guterres<\/a>, sigue con \u00abprofunda preocupaci\u00f3n\u00bb la situaci\u00f3n en Guinea-Bissau tras el golpe de Estado cometido este mi\u00e9rcoles por los militares, y pidi\u00f3 calma, seg\u00fan afirm\u00f3 su portavoz, St\u00e9phane Dujarric, en un comunicado publicado este jueves.<\/p>\n<p>Guterres inst\u00f3 a los implicados en la crisis actual a \u00abejercer moderaci\u00f3n\u00bb y a \u00abrespetar el Estado de derecho\u00bb, se\u00f1al\u00f3 Dujarric, al a\u00f1adir que la ONU \u00abseguir\u00e1 de cerca la evoluci\u00f3n de la situaci\u00f3n en el pa\u00eds\u00bb, marcado hist\u00f3ricamente por la inestabilidad pol\u00edtica.<\/p>\n<p>El llamado a la calma del jefe de la ONU, seg\u00fan el comunicado, se basa en el temor a \u00abun nuevo colapso institucional, ya que se esperaban los resultados de las elecciones presidenciales y legislativas celebradas el 23 de noviembre en Guinea-Bissau\u00bb.<\/p>\n<p>Las elecciones estuvieron marcadas por \u00ablas tensiones, las restricciones impuestas a la oposici\u00f3n y las acusaciones de manipulaci\u00f3n\u00bb, de acuerdo con las Naciones Unidas.<\/p>\n<p>Grupos de sociedad civil acusan al presidente Embal\u00f3 de orquestar el golpe<\/p>\n<p>Organizaciones de la sociedad civil acusaron al presidente saliente de Guinea-Bis\u00e1u, Umaro Sissoco Embal\u00f3, de \u00aborquestar\u00bb el golpe de Estado con el fin de impedir este jueves la publicaci\u00f3n de los resultados provisionales de las elecciones generales del pasado domingo.<\/p>\n<p>En un comunicado conjunto, el Frente Popular y el Espacio de Concertaci\u00f3n de Organizaciones de la Sociedad Civil acusaron a Embal\u00f3 y al jefe del Estado Mayor de las Fuerzas Armadas, general Biagu\u00ea Na N&#8217;tam, de \u00aborquestar un golpe de Estado\u00bb cometido por \u00abun grupo de milicianos afines a la Presidencia de la Rep\u00fablica\u00bb debido a su \u00abtotal desesperaci\u00f3n por los resultados electorales\u00bb.<\/p>\n<p>Las organizaciones aseguraron tener \u00abinformaci\u00f3n fidedigna\u00bb que revela que Embal\u00f3, supuestamente derrocado por los golpistas, \u00abdesignar\u00e1 ileg\u00edtimamente a un nuevo presidente de la Rep\u00fablica y un primer ministro interino por un breve per\u00edodo, tras el cual se celebrar\u00e1n elecciones presidenciales a las que pretende presentarse de nuevo\u00bb, si bien no aportaron evidencias para sostener ese extremo.\u00a0<\/p>\n<p>\u00abUna de las pruebas m\u00e1s flagrantes de esta vergonzosa farsa es que Umaro Sissoco Embal\u00f3, quien afirma estar detenido por las Fuerzas Armadas, ha tenido el tiempo y la libertad de conceder entrevistas a medios de comunicaci\u00f3n internacionales, anunciando \u00e9l mismo su supuesta detenci\u00f3n al mundo\u00bb, indicaron en el comunicado, emitido la pasada noche.<\/p>\n<p>Las organizaciones condenaron esta \u00abfarsa criminal\u00bb presuntamente promovida por Embal\u00f3, cuyo prop\u00f3sito es \u00abimpedir la difusi\u00f3n de los resultados electorales que confirmar\u00edan su inequ\u00edvoca derrota en las elecciones presidenciales\u00bb.<\/p>\n<p>CP (efe, ape)<\/p>\n","protected":false},"excerpt":{"rendered":"El Alto Mando Militar para el Restablecimiento de la Seguridad Nacional y el Orden P\u00fablico, como se hace&hellip;\n","protected":false},"author":2,"featured_media":258315,"comment_status":"","ping_status":"","sticky":false,"template":"","format":"standard","meta":{"footnotes":""},"categories":[42],"tags":[17,18,13,14,11,61,62,63,64,19,20,9,10,15,16,12,21,22,65,66,67],"class_list":{"0":"post-258314","1":"post","2":"type-post","3":"status-publish","4":"format-standard","5":"has-post-thumbnail","7":"category-internacional","8":"tag-breaking-news","9":"tag-breakingnews","10":"tag-featured-news","11":"tag-featurednews","12":"tag-headlines","13":"tag-internacional","14":"tag-international","15":"tag-international-news","16":"tag-internationalnews","17":"tag-latest-news","18":"tag-latestnews","19":"tag-news","20":"tag-noticias","21":"tag-noticias-destacadas","22":"tag-noticiasdestacadas","23":"tag-titulares","24":"tag-ultimas-noticias","25":"tag-ultimasnoticias","26":"tag-world","27":"tag-world-news","28":"tag-worldnews"},"share_on_mastodon":{"url":"https:\/\/pubeurope.com\/@es\/115621228962511433","error":""},"_links":{"self":[{"href":"https:\/\/www.europesays.com\/es\/wp-json\/wp\/v2\/posts\/258314","targetHints":{"allow":["GET"]}}],"collection":[{"href":"https:\/\/www.europesays.com\/es\/wp-json\/wp\/v2\/posts"}],"about":[{"href":"https:\/\/www.europesays.com\/es\/wp-json\/wp\/v2\/types\/post"}],"author":[{"embeddable":true,"href":"https:\/\/www.europesays.com\/es\/wp-json\/wp\/v2\/users\/2"}],"replies":[{"embeddable":true,"href":"https:\/\/www.europesays.com\/es\/wp-json\/wp\/v2\/comments?post=258314"}],"version-history":[{"count":0,"href":"https:\/\/www.europesays.com\/es\/wp-json\/wp\/v2\/posts\/258314\/revisions"}],"wp:featuredmedia":[{"embeddable":true,"href":"https:\/\/www.europesays.com\/es\/wp-json\/wp\/v2\/media\/258315"}],"wp:attachment":[{"href":"https:\/\/www.europesays.com\/es\/wp-json\/wp\/v2\/media?parent=258314"}],"wp:term":[{"taxonomy":"category","embeddable":true,"href":"https:\/\/www.europesays.com\/es\/wp-json\/wp\/v2\/categories?post=258314"},{"taxonomy":"post_tag","embeddable":true,"href":"https:\/\/www.europesays.com\/es\/wp-json\/wp\/v2\/tags?post=258314"}],"curies":[{"name":"wp","href":"https:\/\/api.w.org\/{rel}","templated":true}]}}