{"id":258318,"date":"2025-11-27T10:39:09","date_gmt":"2025-11-27T10:39:09","guid":{"rendered":"https:\/\/www.europesays.com\/es\/258318\/"},"modified":"2025-11-27T10:39:09","modified_gmt":"2025-11-27T10:39:09","slug":"plan-de-choque-para-de-limpieza-27-11-2025","status":"publish","type":"post","link":"https:\/\/www.europesays.com\/es\/258318\/","title":{"rendered":"Plan de choque para de limpieza 27-11-2025"},"content":{"rendered":"\n<p><strong>Se desarrollar\u00e1 durante los pr\u00f3ximos nueve meses y permitir\u00e1 ampliar en 30 personas y equipamiento, el actual equipo de limpieza \u00a0<\/strong><\/p>\n<p>Fuenlabrada ha lanzado esta semana un plan de choque que tiene como objetivo mejorar la limpieza en la ciudad y, paralelamente, acabar con las actitudes inc\u00edvicas. Para ello, est\u00e1 prevista la incorporaci\u00f3n tanto de personal adicional al ya existente para limpieza, como de medios t\u00e9cnicos nuevos.<\/p>\n<p>En concreto, se ha previsto la incorporaci\u00f3n de 22 operarios de limpieza y 8 conductores, as\u00ed como veh\u00edculos y medios de limpieza como una hidrolimpiadora, aspiradora de hojas, m\u00e1quina lava pavimentos, barredoras y camiones.<\/p>\n<p>De esta manera, el Ayuntamiento podr\u00e1 llevar a cabo una limpieza m\u00e1s intensiva por zonas que complementen a los servicios habituales. Para este plan de choque, el Consistorio invertir\u00e1 m\u00e1s de un mill\u00f3n de euros.<\/p>\n<p>\u201cFuenlabrada no es una ciudad sucia, pero estamos convencidos de que podemos mejorar a\u00fan m\u00e1s y, por ello, vamos a poner en marcha un plan que tiene como objetivo desarrollar trabajos de limpieza espec\u00edficos por zonas de la ciudad que vayan m\u00e1s all\u00e1 del trabajo normal\u201d, ha explicado el alcalde Javier Ayala.<\/p>\n<p>Ayala, ha apelado adem\u00e1s a la colaboraci\u00f3n de la ciudadan\u00eda para que este plan sea totalmente efectivo: \u201cEl Ayuntamiento va a hacer un esfuerzo suplementario, pero necesitamos de la colaboraci\u00f3n de todos y todas. La mayor\u00eda de los vecinos y las vecinas cumplen perfectamente y mantienen la ciudad limpia, pero vamos a esmerarnos en acabar con las actitudes de una minor\u00eda que desprecia la convivencia\u201d, ha destacado Ayala.<\/p>\n<p><strong>Acabar con actitudes inc\u00edvicas<\/strong><\/p>\n<p>No en vano, el Ayuntamiento est\u00e1 decidido a acabar con las actitudes consideradas inc\u00edvicas. Para ello, se crear\u00e1 un equipo de inspecci\u00f3n ambiental compuesto por seis personas que se dedicar\u00e1n a vigilar el estado de la limpieza y a denunciar las infracciones que se detecten como por ejemplo el dep\u00f3sito de residuos fuera de los contenedores.<\/p>\n<p>Adem\u00e1s, este nuevo equipo comprobar\u00e1 sobre el terreno todas las comunicaciones vecinales que lleguen al Consistorio con el fin de corregir deficiencias de la manera m\u00e1s r\u00e1pida posible.<\/p>\n<p>Este plan de choque se desarrollar\u00e1 durante buena parte de 2026 y se complementar\u00e1 con la incorporaci\u00f3n prevista de m\u00e1s medios materiales a lo largo de los pr\u00f3ximos a\u00f1os. En total, m\u00e1s de una decena de veh\u00edculos como barredoras, camiones de recogida o hidrolimpiadoras.<\/p>\n<p>Adem\u00e1s, est\u00e1 prevista una inversi\u00f3n de cerca de 2 millones de euros para la renovaci\u00f3n de contenedores soterrados en 2026, al tiempo que la nueva licitaci\u00f3n para el mantenimiento y la limpieza de contenedores se incrementar\u00e1 en un 30% respecto al contrato anterior.<\/p>\n<p>El presupuesto de 2026 incluye a su vez incrementos en las partidas que tienen que ver con el tratamiento y gesti\u00f3n de residuos, y con el mantenimiento y el cuidado de la ciudad.<\/p>\n","protected":false},"excerpt":{"rendered":"Se desarrollar\u00e1 durante los pr\u00f3ximos nueve meses y permitir\u00e1 ampliar en 30 personas y equipamiento, el actual equipo&hellip;\n","protected":false},"author":2,"featured_media":258319,"comment_status":"","ping_status":"","sticky":false,"template":"","format":"standard","meta":{"footnotes":""},"categories":[5],"tags":[17,18,25,24,13,14,11,19,20,9,10,15,16,23,12,21,22],"class_list":{"0":"post-258318","1":"post","2":"type-post","3":"status-publish","4":"format-standard","5":"has-post-thumbnail","7":"category-titulares","8":"tag-breaking-news","9":"tag-breakingnews","10":"tag-es","11":"tag-espana","12":"tag-featured-news","13":"tag-featurednews","14":"tag-headlines","15":"tag-latest-news","16":"tag-latestnews","17":"tag-news","18":"tag-noticias","19":"tag-noticias-destacadas","20":"tag-noticiasdestacadas","21":"tag-spain","22":"tag-titulares","23":"tag-ultimas-noticias","24":"tag-ultimasnoticias"},"share_on_mastodon":{"url":"https:\/\/pubeurope.com\/@es\/115621236782853742","error":""},"_links":{"self":[{"href":"https:\/\/www.europesays.com\/es\/wp-json\/wp\/v2\/posts\/258318","targetHints":{"allow":["GET"]}}],"collection":[{"href":"https:\/\/www.europesays.com\/es\/wp-json\/wp\/v2\/posts"}],"about":[{"href":"https:\/\/www.europesays.com\/es\/wp-json\/wp\/v2\/types\/post"}],"author":[{"embeddable":true,"href":"https:\/\/www.europesays.com\/es\/wp-json\/wp\/v2\/users\/2"}],"replies":[{"embeddable":true,"href":"https:\/\/www.europesays.com\/es\/wp-json\/wp\/v2\/comments?post=258318"}],"version-history":[{"count":0,"href":"https:\/\/www.europesays.com\/es\/wp-json\/wp\/v2\/posts\/258318\/revisions"}],"wp:featuredmedia":[{"embeddable":true,"href":"https:\/\/www.europesays.com\/es\/wp-json\/wp\/v2\/media\/258319"}],"wp:attachment":[{"href":"https:\/\/www.europesays.com\/es\/wp-json\/wp\/v2\/media?parent=258318"}],"wp:term":[{"taxonomy":"category","embeddable":true,"href":"https:\/\/www.europesays.com\/es\/wp-json\/wp\/v2\/categories?post=258318"},{"taxonomy":"post_tag","embeddable":true,"href":"https:\/\/www.europesays.com\/es\/wp-json\/wp\/v2\/tags?post=258318"}],"curies":[{"name":"wp","href":"https:\/\/api.w.org\/{rel}","templated":true}]}}