{"id":258343,"date":"2025-11-27T11:00:14","date_gmt":"2025-11-27T11:00:14","guid":{"rendered":"https:\/\/www.europesays.com\/es\/258343\/"},"modified":"2025-11-27T11:00:14","modified_gmt":"2025-11-27T11:00:14","slug":"raul-rocha-de-lo-kitsch-al-crimen-organizado-la-polemica-de-miss-universo-destapa-una-red-de-trafico-de-drogas-armas-y-huachicol","status":"publish","type":"post","link":"https:\/\/www.europesays.com\/es\/258343\/","title":{"rendered":"Raul Rocha: De lo kitsch al crimen organizado: la pol\u00e9mica de Miss Universo destapa una red de tr\u00e1fico de drogas, armas y huachicol"},"content":{"rendered":"<p class=\"\">Cada paso que ha dado <a href=\"https:\/\/elpais.com\/mexico\/gente\/2025-11-21\/la-mexicana-fatima-bosch-gana-miss-universo-2025.html\" target=\"_self\" rel=\"nofollow noopener\" title=\"https:\/\/elpais.com\/mexico\/gente\/2025-11-21\/la-mexicana-fatima-bosch-gana-miss-universo-2025.html\">Fatima Bosch hacia la cima de Miss Universo<\/a> ha estado acompa\u00f1ado de alguna bronca. Pero la madeja de pol\u00e9micas, malentendidos y acusaciones ha ido creciendo a toda velocidad hasta pasar de lo kitsch al crimen organizado. En el centro de la diana est\u00e1 el presidente del certamen, <a href=\"https:\/\/elpais.com\/mexico\/2025-11-26\/raul-rocha-cantu-dueno-de-miss-universo-tiene-una-orden-de-aprehension-de-la-fiscalia-de-delincuencia-organizada.html\" target=\"_self\" rel=\"nofollow noopener\" title=\"https:\/\/elpais.com\/mexico\/2025-11-26\/raul-rocha-cantu-dueno-de-miss-universo-tiene-una-orden-de-aprehension-de-la-fiscalia-de-delincuencia-organizada.html\">el empresario Ra\u00fal Rocha<\/a>. En menos de una semana desde que se fall\u00f3 el premio, el empresario ha recibido un aluvi\u00f3n de cr\u00edticas por trato de favor, ha reconocido tener un contrato millonario con Pemex, donde es directivo el padre de la ganadora mexicana. Y este mi\u00e9rcoles, se ha destapado adem\u00e1s que tiene una orden de detenci\u00f3n acusado de liderar una red de tr\u00e1fico de drogas, armas y combustible en la frontera entre M\u00e9xico y Guatemala, en la que, seg\u00fan los documentos judiciales a los que ha tenido acceso este diario, est\u00e1n involucrados tambi\u00e9n polic\u00edas y funcionarios de la propia Fiscal\u00eda General de la Republica (FGR)<\/p>\n<p class=\"\">El rocambolesco caso ha llegado incluso a Palacio Nacional. La presidenta, <a href=\"https:\/\/elpais.com\/mexico\/2025-11-24\/sheinbaum-niega-el-complot-para-garantizar-el-triunfo-de-fatima-bosch-en-miss-universo.html\" target=\"_self\" rel=\"nofollow noopener\" title=\"https:\/\/elpais.com\/mexico\/2025-11-24\/sheinbaum-niega-el-complot-para-garantizar-el-triunfo-de-fatima-bosch-en-miss-universo.html\">Claudia Sheimbaum, empez\u00f3 defendiendo la victoria de Bosch<\/a> ante las cr\u00edticas de supuestos ama\u00f1os y celebrando el discurso con gui\u00f1os feministas de la ganadora. Pero a medida que la bola de nieve ha ido creciendo, la mandataria ha moderado su entusiasmo y ha pedido a la FGR que aclare la situaci\u00f3n. <\/p>\n<p class=\"\">El viernes pasado, Bosch agradec\u00eda emocionada el premio con su corona plateada y su vestido de lentejuelas rojas y doradas. Un gui\u00f1o, dijo la ganadora, al \u201cma\u00edz, el oro de M\u00e9xico\u201d. Las cr\u00edticas por tratos de favor hacia Bosch, proveniente de una familia acomodada del sur de M\u00e9xico con influencia en el mundo pol\u00edtico y econ\u00f3mico, ven\u00edan de atr\u00e1s. En septiembre, durante el certamen que la coron\u00f3 como la candidata de M\u00e9xico a Miss Universo, 27 de las 31 concursantes abandonaron el escenario durante la entrega de su corona. <\/p>\n<p class=\"\">Ya en Tailandia, sede del premio mundial, volvi\u00f3 la pol\u00e9mica. El organizador local increp\u00f3 a la mexicana porque no hab\u00eda subido a sus redes sociales contenido de Tailandia. Bosch respondi\u00f3: <a href=\"https:\/\/elpais.com\/mexico\/gente\/2025-11-04\/fatima-bosch-miss-mexico-2025-es-humillada-por-el-presidente-de-miss-universo-tailandia-no-te-di-permiso-de-hablar.html\" target=\"_self\" rel=\"nofollow noopener\" title=\"https:\/\/elpais.com\/mexico\/gente\/2025-11-04\/fatima-bosch-miss-mexico-2025-es-humillada-por-el-presidente-de-miss-universo-tailandia-no-te-di-permiso-de-hablar.html\">\u201cMe llam\u00f3 tonta. Es inaceptable. Somos mujeres empoderadas, nadie puede callar nuestra voz\u201d<\/a>. El d\u00eda antes de confirmarse su victoria, dos de los ocho miembros del jurado decidieron renunciar. Uno de ellos, el m\u00fasico francoliban\u00e9s Omar Harfouch dijo a trav\u00e9s de su cuenta de Instagram que se hab\u00eda formado un jurado improvisado para seleccionar a las 30 finalistas de entre los 120 pa\u00edses participantes. \u201cSon personas con un importante conflicto de intereses\u201d.<\/p>\n<p><img decoding=\"auto\" class=\"_re lazyload a_m-h\" height=\"276\"  width=\"414\"  src=\"https:\/\/www.europesays.com\/es\/wp-content\/uploads\/2025\/11\/A6X7NKPWENLGBFB72FNBJNHZ7Q.jpg\" loading=\"lazy\"\/>Participantes de Miss Universo, el 21 de noviembre.<br \/>\nRUNGROJ YONGRIT (EFE)<\/p>\n<p class=\"\">A medida que avanzaba la semana, el guion se iba enredando cada vez m\u00e1s. Las acusaciones contra Rocha entraron en una nueva fase al revelarse que una de sus empresas tiene un contrato con Pemex por casi 750 millones de pesos con Pemex. Y que el padre de la Miss Mundo, Bernardo Bosch, lleva trabajando como directivo en la petrolera estatal mexicana desde hace casi tres d\u00e9cadas. <\/p>\n<p class=\"\">Rocha, due\u00f1o de un conglomerado empresarial que incluye desde los casinos a la distribuci\u00f3n de combustible, reconoci\u00f3 el contrato. Pero se defendi\u00f3 con el argumento de que lo hab\u00eda firmado en 2023, un a\u00f1o antes de que se convirtiera en el due\u00f1o del certamen de belleza a trav\u00e9s de su empresa Legacy Holding Group, que se hizo con el 50% de la Organizaci\u00f3n Miss Universo por 16 millones de d\u00f3lares. Para rizar m\u00e1s el rizo, Pemex felicit\u00f3 p\u00fablicamente a la ganadora. Para despu\u00e9s negar cualquier vinculaci\u00f3n y justificar que la felicitaci\u00f3n \u201cse realiz\u00f3 en el marco del entusiasmo popular por su triunfo\u201d. <\/p>\n<p>\u2018La fiscal\u2019 y \u2018El Comandante\u2019<\/p>\n<p class=\"\">La orden de detenci\u00f3n contra Rocha por crimen organizado es, por ahora, el broche a una semana de v\u00e9rtigo que amenaza con seguir creciendo. Un juez federal de Quer\u00e9taro ha emitido una orden de aprehensi\u00f3n, a la que ha tenido acceso este peri\u00f3dico, a solicitud de la Fiscal\u00eda Especializada en Materia de Delincuencia Organizada (FEMDO), que comenz\u00f3 a investigar al empresario en 2024. En concreto, se le acusa de formar parte de una red dedicada al contrabando de hidrocarburos, armas y drogas que ingresaban a M\u00e9xico desde Guatemala en lanchas por el r\u00edo Usumacinta, la frontera natural entre ambos pa\u00edses, y posteriormente eran trasladados en pipas desde Chiapas y Tabasco hacia Quer\u00e9taro. <\/p>\n<p class=\"\">Los compradores de la red, seg\u00fan la investigaci\u00f3n de la FGR, son el C\u00e1rtel de Jalisco Nueva Generaci\u00f3n en Quer\u00e9taro y La Uni\u00f3n Tepito en la Ciudad de M\u00e9xico. Al ser preguntado por este peri\u00f3dico por el caso, Rocha ha negado su involucraci\u00f3n en la trama. \u201cEs completamente falso que yo tenga una orden de captura\u201d, ha zanjado el empresario, quien tambi\u00e9n es C\u00f3nsul Honor\u00edfico de M\u00e9xico en Guatemala.<\/p>\n<p class=\"\">Adem\u00e1s de Rocha, la orden de detenci\u00f3n incluye m\u00e1s de una decena de nombres, entre los que destacan funcionarios y polic\u00edas de la Fiscal\u00eda federal especializada en crimen organizado, la FEMDO. Por ejemplo, la fiscal Mari Carmen Ram\u00edrez Rodr\u00edguez, que aparece en la denuncia acompa\u00f1ada de los alias de La Fiscal o La lic. O el comandante de la misma fiscal\u00eda, Paul Manrique Miranda, citado tambi\u00e9n con el alias El Comandante. <\/p>\n<p><img decoding=\"auto\" class=\"_re lazyload a_m-h\" height=\"277\"  width=\"414\"  src=\"https:\/\/www.europesays.com\/es\/wp-content\/uploads\/2025\/11\/EFH3WQVQXVEEHKNP2QFR6YZIFA.jpg\" loading=\"lazy\"\/>Ra\u00fal Rocha Cant\u00fa.@raulrocha777<\/p>\n<p class=\"\">La presidenta Sheinbaum ha guardado cautela de momento, sin entrar a confirmar o desmentir las acusaciones contra Rocha. \u201cSi hay una investigaci\u00f3n a esta persona, pues tiene que informar la Fiscal\u00eda; hoy sale en un medio, pero tiene que informarse\u201d, ha dicho en la conferencia ma\u00f1anera de este mi\u00e9rcoles. En un escueto comunicado, la Procuradur\u00eda se ha limitado a decir pocas horas despu\u00e9s del recado de la mandataria que la investigaci\u00f3n sobre Rocha sigue su curso y que \u201cse est\u00e1n recabando datos adicionales relacionados con las carpetas de investigaci\u00f3n\u201d. <\/p>\n<p class=\"\">El combate al huachicol, el contrabando de combustible, es una de las prioridades del Gobierno. Sobre todo despu\u00e9s de que hace apenas un par de meses se destapara <a href=\"https:\/\/elpais.com\/mexico\/2025-09-14\/la-trama-del-huachicol-sacude-los-cimientos-del-morenismo.html\" target=\"_self\" rel=\"nofollow noopener\" title=\"https:\/\/elpais.com\/mexico\/2025-09-14\/la-trama-del-huachicol-sacude-los-cimientos-del-morenismo.html\">otra red de tr\u00e1fico incrustada en las altas esferas de la Marina. <\/a><\/p>\n<p class=\"\">Algunos medios afirman incluso que Rocha ha llegado a un acuerdo con la FGR, pasando a ser una especie de testigo protegido y esquivando as\u00ed ser detenido. Lo que empez\u00f3 casi como un l\u00edo de chismes en el mundo del entretenimiento ha escalado en apenas una semana a la primera l\u00ednea de la pol\u00edtica mexicana, y todo parece indicar que todav\u00eda le restan m\u00e1s cap\u00edtulos.<\/p>\n","protected":false},"excerpt":{"rendered":"Cada paso que ha dado Fatima Bosch hacia la cima de Miss Universo ha estado acompa\u00f1ado de alguna&hellip;\n","protected":false},"author":2,"featured_media":258344,"comment_status":"","ping_status":"","sticky":false,"template":"","format":"standard","meta":{"footnotes":""},"categories":[42],"tags":[889,17,18,27522,794,13,14,11,61,62,63,64,19,20,1804,1906,58452,9,10,15,16,12,21,22,65,66,67],"class_list":{"0":"post-258343","1":"post","2":"type-post","3":"status-publish","4":"format-standard","5":"has-post-thumbnail","7":"category-internacional","8":"tag-america","9":"tag-breaking-news","10":"tag-breakingnews","11":"tag-crimen-organizado","12":"tag-drogas","13":"tag-featured-news","14":"tag-featurednews","15":"tag-headlines","16":"tag-internacional","17":"tag-international","18":"tag-international-news","19":"tag-internationalnews","20":"tag-latest-news","21":"tag-latestnews","22":"tag-latinoamerica","23":"tag-mexico","24":"tag-miss-universo","25":"tag-news","26":"tag-noticias","27":"tag-noticias-destacadas","28":"tag-noticiasdestacadas","29":"tag-titulares","30":"tag-ultimas-noticias","31":"tag-ultimasnoticias","32":"tag-world","33":"tag-world-news","34":"tag-worldnews"},"share_on_mastodon":{"url":"","error":"Validation failed: Text character limit of 500 exceeded"},"_links":{"self":[{"href":"https:\/\/www.europesays.com\/es\/wp-json\/wp\/v2\/posts\/258343","targetHints":{"allow":["GET"]}}],"collection":[{"href":"https:\/\/www.europesays.com\/es\/wp-json\/wp\/v2\/posts"}],"about":[{"href":"https:\/\/www.europesays.com\/es\/wp-json\/wp\/v2\/types\/post"}],"author":[{"embeddable":true,"href":"https:\/\/www.europesays.com\/es\/wp-json\/wp\/v2\/users\/2"}],"replies":[{"embeddable":true,"href":"https:\/\/www.europesays.com\/es\/wp-json\/wp\/v2\/comments?post=258343"}],"version-history":[{"count":0,"href":"https:\/\/www.europesays.com\/es\/wp-json\/wp\/v2\/posts\/258343\/revisions"}],"wp:featuredmedia":[{"embeddable":true,"href":"https:\/\/www.europesays.com\/es\/wp-json\/wp\/v2\/media\/258344"}],"wp:attachment":[{"href":"https:\/\/www.europesays.com\/es\/wp-json\/wp\/v2\/media?parent=258343"}],"wp:term":[{"taxonomy":"category","embeddable":true,"href":"https:\/\/www.europesays.com\/es\/wp-json\/wp\/v2\/categories?post=258343"},{"taxonomy":"post_tag","embeddable":true,"href":"https:\/\/www.europesays.com\/es\/wp-json\/wp\/v2\/tags?post=258343"}],"curies":[{"name":"wp","href":"https:\/\/api.w.org\/{rel}","templated":true}]}}