{"id":258351,"date":"2025-11-27T11:10:14","date_gmt":"2025-11-27T11:10:14","guid":{"rendered":"https:\/\/www.europesays.com\/es\/258351\/"},"modified":"2025-11-27T11:10:14","modified_gmt":"2025-11-27T11:10:14","slug":"santi-yusta-un-goleador-para-la-nueva-espana-de-chus-mateo-baloncesto-deportes","status":"publish","type":"post","link":"https:\/\/www.europesays.com\/es\/258351\/","title":{"rendered":"Santi Yusta, un \u2018goleador\u2019 para la nueva Espa\u00f1a de Chus Mateo | Baloncesto | Deportes"},"content":{"rendered":"<p class=\"\">De la \u00faltima Espa\u00f1a de Sergio Scariolo a <a href=\"https:\/\/elpais.com\/deportes\/baloncesto\/2025-11-18\/la-primera-convocatoria-de-chus-mateo-como-seleccionador-incluye-a-12-jugadores-de-la-acb.html\" target=\"_blank\" rel=\"noreferrer nofollow noopener\" title=\"https:\/\/elpais.com\/deportes\/baloncesto\/2025-11-18\/la-primera-convocatoria-de-chus-mateo-como-seleccionador-incluye-a-12-jugadores-de-la-acb.html\">la primera de Chus Mateo<\/a> solo hay un cromo que se repite: Santi Yusta, alero madrile\u00f1o de 28 a\u00f1os y 2,00m del Casademont Zaragoza. La selecci\u00f3n comienza este jueves (18.30, Teledeporte) en Copenhague ante Dinamarca la clasificaci\u00f3n para el Mundial de Qatar 2027 antes de recibir el domingo a Georgia en Tenerife. Ucrania completa un grupo de cuatro equipos del que los tres mejores avanzan a una segunda fase. <\/p>\n<p>M\u00e1s informaci\u00f3n<\/p>\n<p class=\"\">El doble duelo de esta ventana supone tambi\u00e9n el debut de Chus Mateo al frente de un combinado sin representantes de conjuntos de la Euroliga (excepto Izan Almansa, liberado por el Real Madrid) ni quienes compiten en Estados Unidos. <a href=\"https:\/\/elpais.com\/deportes\/baloncesto\/2025-11-18\/la-primera-convocatoria-de-chus-mateo-como-seleccionador-incluye-a-12-jugadores-de-la-acb.html\" target=\"_blank\" rel=\"noreferrer nofollow noopener\" title=\"https:\/\/elpais.com\/deportes\/baloncesto\/2025-11-18\/la-primera-convocatoria-de-chus-mateo-como-seleccionador-incluye-a-12-jugadores-de-la-acb.html\">Doce de los 14 convocados se alistan en la ACB<\/a>, todos menos \u00c1lvaro C\u00e1rdenas (Peristeri; Grecia) y Great Osobor (Science City Jena; Alemania). Y entre esa clase media dom\u00e9stica emerge un tirador como Yusta, el m\u00e1ximo anotador de la ACB con 18,8 puntos de media, igual que Luwawu-Cabarrot, del Baskonia, el jugador m\u00e1s valorado de la Liga (22,8), empatado con Shermadini (Tenerife) y quien anota m\u00e1s tiros libres (6,5 por jornada), el segundo con m\u00e1s minutos en pista (28) y que m\u00e1s faltas recibe (6,3), y el tercero en recuperaciones de bal\u00f3n (1,6). Todo en uno.<\/p>\n<p class=\"\">\u201cEstoy en mi mejor momento deportivo, de juego y psicol\u00f3gico y an\u00edmico. Aparte de las estad\u00edsticas, me siento feliz, m\u00e1s maduro y centrado. S\u00e9 c\u00f3mo va esto de las ventanas y el nivel que hay en estos partidos\u201d, comenta el alero a EL PA\u00cdS. Solo Alberto D\u00edaz (51) y Jaime Fern\u00e1ndez (44) superan en esta citaci\u00f3n sus 25 partidos internacionales desde que debut\u00f3 en 2018. Yusta, en efecto, sabe de qu\u00e9 trata la pel\u00edcula. Ya fue decisivo en el doble choque ante Eslovaquia que el pasado noviembre sell\u00f3 el pasaporte de Espa\u00f1a para el campeonato europeo, sobre todo <a href=\"https:\/\/elpais.com\/deportes\/baloncesto\/2024-11-27\/santi-yusta-cierra-el-circulo.html\" target=\"_blank\" rel=\"noreferrer nofollow noopener\" title=\"https:\/\/elpais.com\/deportes\/baloncesto\/2024-11-27\/santi-yusta-cierra-el-circulo.html\">con un robo y triple a falta de cuatro d\u00e9cimas para el final que forz\u00f3 la pr\u00f3rroga en Bratislava.<\/a> Esa facilidad ante el aro clasific\u00f3 entonces al equipo de Scariolo y hoy repite al servicio de Chus Mateo. \u201cIntento ser un jugador muy activo, en\u00e9rgico, correr la pista, a campo abierto\u2026 Todo el mundo sabe que lo que hago bien es entrar a canasta a derechas, siempre he tenido esa facilidad para meter puntos\u201d, comenta Yusta. Como le defin\u00eda un ayudante de Scariolo, el chico \u201ctiene gol\u201d.<\/p>\n<p class=\"\">Hijo de un portero de f\u00fatbol que pas\u00f3 por las categor\u00edas inferiores del Madrid y de una jugadora de baloncesto, Santi se decant\u00f3 por la canasta y debut\u00f3 con el primer equipo madridista con 17 a\u00f1os en mayo de 2014. En la casa blanca complet\u00f3 dos etapas (2013-15 y 2017-19) y coincidi\u00f3 con Chus Mateo, ayudante de Pablo Laso. Dos cursos en el Obradoiro y otros dos en el Tenerife precedieron a su llegada en 2021 al Casademont Zaragoza, donde ha echado ra\u00edces y ha explotado como anotador. A principios de este mes le endos\u00f3 30 puntos al Madrid y persigue convertirse en el primer espa\u00f1ol que completa un curso como m\u00e1ximo artillero de la ACB desde que lo consiguieran Juan Carlos Navarro en 2007 y Rudy Fern\u00e1ndez en 2008.<\/p>\n<p class=\"\">La selecci\u00f3n ha sido terreno de emociones encontradas. Del \u00e9xito juvenil de los oros europeos sub-16 y sub-20 a su peor momento, <a href=\"https:\/\/elpais.com\/deportes\/baloncesto\/2024-11-27\/santi-yusta-cierra-el-circulo.html\" target=\"_blank\" rel=\"noreferrer nofollow noopener\" title=\"https:\/\/elpais.com\/deportes\/baloncesto\/2024-11-27\/santi-yusta-cierra-el-circulo.html\">la rotura del ligamento cruzado de la rodilla izquierda <\/a>que sufri\u00f3 en un choque ante Polonia en febrero de 2020 y que le dej\u00f3 10 meses de baja en pandemia. Aunque de aquel bache surgi\u00f3 renovado. \u201cDesde esa lesi\u00f3n veo el baloncesto de otra manera. No me como la cabeza despu\u00e9s de los partidos si las cosas han ido mal, intento pasarlo bien sin dejar de trabajar. Cambi\u00e9 el chip y ya no me enfado tanto. Me di cuenta de que en cualquier momento pod\u00eda dejar de hacer lo que me gusta, que me pod\u00eda pasar algo y quedarme sin jugar para siempre. Cuando volv\u00ed me centr\u00e9 en disfrutar. Cuando era m\u00e1s joven y jugaba poco o no jugaba bien le daba muchas vueltas, me iba a casa mal. Hoy les dir\u00eda a los j\u00f3venes que no le den tanta importancia a un mal d\u00eda. A m\u00ed me ha ido mejor as\u00ed\u201d, cuenta. <\/p>\n<p><img decoding=\"auto\" class=\"_re lazyload a_m-h\" height=\"276\"  width=\"414\"  src=\"https:\/\/www.europesays.com\/es\/wp-content\/uploads\/2025\/11\/SYZY3UC6VFDGRELXQM4JFP5KCA.jpg\" loading=\"lazy\"\/>Santi Yusta, en un entrenamiento con Espa\u00f1a en Guadalajara, en una imagen de la Federaci\u00f3n.<\/p>\n<p class=\"\">Ese nuevo Yusta jug\u00f3 el pasado Eurobasket, una experiencia que le hizo dar \u201cun paso adelante en energ\u00eda y f\u00edsico\u201d. \u201cAhora me he intentado quedar con ese ritmo superior y que no se pierda\u201d, afirma. La nueva Espa\u00f1a de Chus Mateo conf\u00eda en sus goles.<\/p>\n<p>LOS CONVOCADOS POR CHUS MATEO<\/p>\n<p><strong>Bases<\/strong><\/p>\n<p>Alberto D\u00edaz (Unicaja)<\/p>\n<p>\u00c1lvaro C\u00e1rdenas (Peristeri)<\/p>\n<p>Llu\u00eds Costa (Granada)<\/p>\n<p><strong>Escoltas<\/strong><\/p>\n<p>Jaime Fern\u00e1ndez (Tenerife)<\/p>\n<p>Francis Alonso (Breog\u00e1n)<\/p>\n<p>Pep Busquets (Girona)<\/p>\n<p><strong>Aleros<\/strong><\/p>\n<p>Santi Yusta (Zaragoza)<\/p>\n<p>\u00c1lex Reyes (Manresa)<\/p>\n<p>Oriol Paul\u00ed (Lleida)<\/p>\n<p><strong>Ala-p\u00edvots y p\u00edvots<\/strong><\/p>\n<p>Dani D\u00edez (Burgos)<\/p>\n<p>Miquel Salv\u00f3 (Gran Canaria)<\/p>\n<p>Izan Almansa (Real Madrid)<\/p>\n<p>Great Osobor (Science City Jena)<\/p>\n<p>Fran Guerra (Tenerife)<\/p>\n","protected":false},"excerpt":{"rendered":"De la \u00faltima Espa\u00f1a de Sergio Scariolo a la primera de Chus Mateo solo hay un cromo que&hellip;\n","protected":false},"author":2,"featured_media":258352,"comment_status":"","ping_status":"","sticky":false,"template":"","format":"standard","meta":{"footnotes":""},"categories":[269],"tags":[299,298,1540,168,25,24,42611,8283,831,64756,6001,3049,23,167],"class_list":{"0":"post-258351","1":"post","2":"type-post","3":"status-publish","4":"format-standard","5":"has-post-thumbnail","7":"category-baloncesto","8":"tag-baloncesto","9":"tag-basketball","10":"tag-competiciones","11":"tag-deportes","12":"tag-es","13":"tag-espana","14":"tag-jesus-mateo","15":"tag-jugadores-baloncesto","16":"tag-liga-acb","17":"tag-santiago-yusta","18":"tag-seleccion-espanola-baloncesto","19":"tag-sergio-scariolo","20":"tag-spain","21":"tag-sports"},"share_on_mastodon":{"url":"https:\/\/pubeurope.com\/@es\/115621359405216751","error":""},"_links":{"self":[{"href":"https:\/\/www.europesays.com\/es\/wp-json\/wp\/v2\/posts\/258351","targetHints":{"allow":["GET"]}}],"collection":[{"href":"https:\/\/www.europesays.com\/es\/wp-json\/wp\/v2\/posts"}],"about":[{"href":"https:\/\/www.europesays.com\/es\/wp-json\/wp\/v2\/types\/post"}],"author":[{"embeddable":true,"href":"https:\/\/www.europesays.com\/es\/wp-json\/wp\/v2\/users\/2"}],"replies":[{"embeddable":true,"href":"https:\/\/www.europesays.com\/es\/wp-json\/wp\/v2\/comments?post=258351"}],"version-history":[{"count":0,"href":"https:\/\/www.europesays.com\/es\/wp-json\/wp\/v2\/posts\/258351\/revisions"}],"wp:featuredmedia":[{"embeddable":true,"href":"https:\/\/www.europesays.com\/es\/wp-json\/wp\/v2\/media\/258352"}],"wp:attachment":[{"href":"https:\/\/www.europesays.com\/es\/wp-json\/wp\/v2\/media?parent=258351"}],"wp:term":[{"taxonomy":"category","embeddable":true,"href":"https:\/\/www.europesays.com\/es\/wp-json\/wp\/v2\/categories?post=258351"},{"taxonomy":"post_tag","embeddable":true,"href":"https:\/\/www.europesays.com\/es\/wp-json\/wp\/v2\/tags?post=258351"}],"curies":[{"name":"wp","href":"https:\/\/api.w.org\/{rel}","templated":true}]}}