{"id":258373,"date":"2025-11-27T11:22:12","date_gmt":"2025-11-27T11:22:12","guid":{"rendered":"https:\/\/www.europesays.com\/es\/258373\/"},"modified":"2025-11-27T11:22:12","modified_gmt":"2025-11-27T11:22:12","slug":"los-cambios-de-compania-de-telefonia-movil-se-dispararon-un-118-en-septiembre-de-2025-hasta-casi-571-000","status":"publish","type":"post","link":"https:\/\/www.europesays.com\/es\/258373\/","title":{"rendered":"Los cambios de compa\u00f1\u00eda de telefon\u00eda m\u00f3vil se dispararon un 11,8% en septiembre de 2025, hasta casi 571.000"},"content":{"rendered":"<p><img id=\"fotoPrincipalNoticia\" src=\"https:\/\/www.europesays.com\/es\/wp-content\/uploads\/2025\/11\/fotonoticia_20251127121238_690.jpg\" loading=\"eager\" decoding=\"async\" style=\"view-transition-name: fechor_20251127121238;\" border=\"0\" alt=\"Archivo - Tarjetas SIM\" fetchpriority=\"high\" title=\"Los cambios de compa\u00f1\u00eda de telefon\u00eda m\u00f3vil se dispararon un 11,8% en septiembre de 2025, hasta casi 571.000\" width=\"690\" height=\"460\" itemprop=\"image\"\/><\/p>\n<p>Archivo &#8211; Tarjetas SIM &#8211; US &#8211; Archivo<\/p>\n<p>    MADRID 27 Nov. (EUROPA PRESS) &#8211; <\/p>\n<p>   La portabilidad m\u00f3vil creci\u00f3 en Espa\u00f1a un 11,8% en septiembre de 2025 en comparaci\u00f3n con el mismo mes del a\u00f1o anterior, hasta sumar 570.939 cambios de operadora, seg\u00fan los datos difundidos este jueves por la Comisi\u00f3n Nacional de los Mercados y la Competencia (CNMC).<\/p>\n<p>   MasOrangre (-43.131 l\u00edneas), Vodafone (-17.184) y el conjunto de los operadores m\u00f3viles virtuales (-31.974) registraron un saldo neto de portabilidad negativo, es decir, exportaron m\u00e1s n\u00fameros de los que recibieron de otras compa\u00f1\u00edas, mientras que Digi sum\u00f3 63.660 l\u00edneas y Movistar a\u00f1adi\u00f3 28.629.<\/p>\n<p>   En este contexto, MasOrange registr\u00f3 en septiembre un aumento neto de 149.107 l\u00edneas m\u00f3viles en comparaci\u00f3n con el mes anterior gracias a las nuevas altas registradas, al tiempo que Digi a\u00f1adi\u00f3 117.586 y Movistar agreg\u00f3 50.545 l\u00edneas.<\/p>\n<p>   En tanto, Vodafone Espa\u00f1a perdi\u00f3 15.171 l\u00edneas netas en comparaci\u00f3n con el mes anterior y el conjunto de los operadores m\u00f3viles virtuales se dejaron 38.919.<\/p>\n<p>   No obstante, MasOrange se mantuvo como la operadora con m\u00e1s l\u00edneas m\u00f3viles activas, con un total de 26,08 millones, seguida de Movistar (16,47 millones), Vodafone Espa\u00f1a (11,63 millones), Digi (7,06 millones) y el conjunto de los operadores m\u00f3viles virtuales (1,54 millones).<\/p>\n<p>   En concreto, MasOrange termin\u00f3 el pasado septiembre con una cuota de mercado en l\u00edneas m\u00f3viles del 41,52%, seguida de Movistar (26,23%) y Vodafone Espa\u00f1a (18,52%), mientras que Digi acapar\u00f3 el 11,25% y los operadores m\u00f3viles virtuales representaron el 2,47% restante.<\/p>\n<p>   De este modo, Movistar, Vodafone, MasOrange y Digi representaron el pasado septiembre el 97,53% del total de las l\u00edneas m\u00f3viles del mercado en Espa\u00f1a, que cerr\u00f3 el mes con 62,81 millones de l\u00edneas, un 4,18% m\u00e1s interanual.<\/p>\n<p>   Seg\u00fan los datos de la CNMC, el n\u00famero de l\u00edneas de fibra \u00f3ptica hasta el hogar (FTTH) se situ\u00f3 en septiembre de 2025 en 17,59 millones, lo que supone 116.496 m\u00e1s que el mes anterior.<\/p>\n<p>   En ese sentido, MasOrange cerr\u00f3 septiembre con 6,78 millones de l\u00edneas FTTH, lo que supone una cuota de mercado en este segmento del 38,55%, mientras que Movistar se situ\u00f3 en segunda posici\u00f3n con 5,76 millones de l\u00edneas FTTH y una cuota de mercado del 32,78%, seguida de Digi, con 2,41 millones de l\u00edneas y una cuota del 13,71% y Vodafone Espa\u00f1a, que cerr\u00f3 el mes con 1,61 millones de l\u00edneas (9,16% de cuota).<\/p>\n<p>   Por otro lado, en septiembre las l\u00edneas fijas crecieron en 6.556, hasta un total de 17,62 millones, y se portaron 100.258 n\u00fameros fijos, un 4,1% m\u00e1s que en el mismo mes de 2024.<\/p>\n<p>   En cuanto a los servicios mayoristas de banda ancha, el mes termin\u00f3 con 4,32 millones de l\u00edneas de NEBA local, mientras que las l\u00edneas de acceso indirecto NEBA registraron 1,002 millones, todas ellas de fibra.<\/p>\n","protected":false},"excerpt":{"rendered":"Archivo &#8211; Tarjetas SIM &#8211; US &#8211; Archivo MADRID 27 Nov. (EUROPA PRESS) &#8211; La portabilidad m\u00f3vil creci\u00f3&hellip;\n","protected":false},"author":2,"featured_media":258374,"comment_status":"","ping_status":"","sticky":false,"template":"","format":"standard","meta":{"footnotes":""},"categories":[80],"tags":[82,95,94,25,24,23],"class_list":{"0":"post-258373","1":"post","2":"type-post","3":"status-publish","4":"format-standard","5":"has-post-thumbnail","7":"category-economia","8":"tag-business","9":"tag-economia","10":"tag-economy","11":"tag-es","12":"tag-espana","13":"tag-spain"},"share_on_mastodon":{"url":"https:\/\/pubeurope.com\/@es\/115621406443425007","error":""},"_links":{"self":[{"href":"https:\/\/www.europesays.com\/es\/wp-json\/wp\/v2\/posts\/258373","targetHints":{"allow":["GET"]}}],"collection":[{"href":"https:\/\/www.europesays.com\/es\/wp-json\/wp\/v2\/posts"}],"about":[{"href":"https:\/\/www.europesays.com\/es\/wp-json\/wp\/v2\/types\/post"}],"author":[{"embeddable":true,"href":"https:\/\/www.europesays.com\/es\/wp-json\/wp\/v2\/users\/2"}],"replies":[{"embeddable":true,"href":"https:\/\/www.europesays.com\/es\/wp-json\/wp\/v2\/comments?post=258373"}],"version-history":[{"count":0,"href":"https:\/\/www.europesays.com\/es\/wp-json\/wp\/v2\/posts\/258373\/revisions"}],"wp:featuredmedia":[{"embeddable":true,"href":"https:\/\/www.europesays.com\/es\/wp-json\/wp\/v2\/media\/258374"}],"wp:attachment":[{"href":"https:\/\/www.europesays.com\/es\/wp-json\/wp\/v2\/media?parent=258373"}],"wp:term":[{"taxonomy":"category","embeddable":true,"href":"https:\/\/www.europesays.com\/es\/wp-json\/wp\/v2\/categories?post=258373"},{"taxonomy":"post_tag","embeddable":true,"href":"https:\/\/www.europesays.com\/es\/wp-json\/wp\/v2\/tags?post=258373"}],"curies":[{"name":"wp","href":"https:\/\/api.w.org\/{rel}","templated":true}]}}