{"id":258375,"date":"2025-11-27T11:23:10","date_gmt":"2025-11-27T11:23:10","guid":{"rendered":"https:\/\/www.europesays.com\/es\/258375\/"},"modified":"2025-11-27T11:23:10","modified_gmt":"2025-11-27T11:23:10","slug":"puede-el-libano-vivir-sin-la-milicia-islamista-hizbula","status":"publish","type":"post","link":"https:\/\/www.europesays.com\/es\/258375\/","title":{"rendered":"\u00bfPuede el L\u00edbano vivir sin la milicia islamista Hizbul\u00e1?"},"content":{"rendered":"<p>El \u00abpartido de Dios\u00bb &#8211; traducci\u00f3n del \u00e1rabe de Hizbul\u00e1 \u2013 ha sido durante m\u00e1s de cuarenta a\u00f1os un pilar, represor para algunos, protector para otros, del fr\u00e1gil equilibrio del L\u00edbano, un pa\u00eds donde conviven 18 comunidades etno-religiosas &#8211; <strong>musulmanes chi\u00edes (32%), sun\u00edes (31%), cristianos (31%)<\/strong> <strong>o drusos (5%)<\/strong>  \u2013 en un territorio similar al tama\u00f1o de la Regi\u00f3n de Murcia.<\/p>\n<p>Basti\u00f3n de la poblaci\u00f3n chi\u00ed, asentada principalmente en el sur y este del pa\u00eds, \u00e1reas ocupadas y atacadas durante a\u00f1os por Israel, Hizbul\u00e1 encontr\u00f3 en esa zona empobrecida el caldo de cultivo perfecto para fortalecerse desde su nacimiento en la <strong>d\u00e9cada de los 80<\/strong>. As\u00ed, respond\u00eda a los desmanes territoriales de su vecino sionista y a la debilidad estructural del Estado postcolonial que la vio nacer &#8211; la<strong> independencia de Francia lleg\u00f3 en 1943<\/strong> &#8211; , que no ten\u00eda las capacidades militares para hacer frente a su problem\u00e1tico vecino del sur, el cual penetr\u00f3 en su territorio en 1978, en 2000, en 2006 y en 2024.<\/p>\n<p>\u00abIsrael nunca ha dejado de atacar el L\u00edbano\u00bb, dice a RTVE.es Rosa Meneses, periodista y actual subdirectora del Centro de Estudios \u00c1rabes Contempor\u00e1neos (CEARC), con sede en Madrid. \u00abMientras contin\u00fae haci\u00e9ndolo, le dar\u00e1 a Hizbul\u00e1 una excusa para que siga existiendo como milicia contra esa ocupaci\u00f3n y mientras no exista un Estado fuerte con un Ej\u00e9rcito con suficientes capacidades, el que<strong> campa a sus anchas es Israel\u00bb<\/strong>, a\u00f1ade. <\/p>\n<p>As\u00ed, tres d\u00e9cadas despu\u00e9s de su fundaci\u00f3n, el partido-milicia sigue siendo un<strong> actor central en la pol\u00edtica, la seguridad y la econom\u00eda<\/strong> informal del L\u00edbano, el pa\u00eds donde los partidos pol\u00edticos representan a las minor\u00edas religiosas que, a su vez, se dividen las instituciones del Estado (el presidente de L\u00edbano debe ser maronita, el primer ministro, sun\u00ed, y el presidente del Parlamento, chi\u00ed). <\/p>\n<p>La ofensiva sobre Gaza, detonante del \u00faltimo conflicto<\/p>\n<p>Un engranaje sectario y pol\u00edticamente complejo donde Hizbul\u00e1, que tradicionalmente se ha erigido como \u00ab\u00fanico defensor de la soberan\u00eda libanesa\u00bb, ha ostentado su cuota de poder, hoy en peligro tras el \u00faltimo conflicto armado con el Ej\u00e9rcito hebreo en noviembre de 2024. El detonante: la ofensiva israel\u00ed sobre <strong>Gaza<\/strong> tras los <a href=\"https:\/\/www.rtve.es\/noticias\/20231008\/israel-declara-estado-guerra-tras-ataque-palestino-sorpesa\/2457828.shtml\" rel=\"nofollow noopener\" target=\"_blank\">ataques de Ham\u00e1s del 7 de octubre de 2023<\/a>. <\/p>\n<p>\t\tIntercambio de ataques entre Israel e Hizbul\u00e1 en plenas conversaciones de paz\t<\/p>\n<p>Un d\u00eda despu\u00e9s, Hizbul\u00e1 lanzaba cohetes y artiller\u00eda contra posiciones israel\u00edes a lo que el Ej\u00e9rcito de Tel Aviv respondi\u00f3 con ataques a\u00e9reos, artiller\u00eda y drones no solo contra posiciones de la milicia en el L\u00edbano, sino tambi\u00e9n en Siria. As\u00ed, el conflicto se prolong\u00f3 durante meses dejando 4.047 muertos en L\u00edbano a finales de 2024, seg\u00fan datos del Ministerio de Salud de ese pa\u00eds, y 126 en el lado israel\u00ed, de acuerdo a un recuento de la agencia Reuters. <\/p>\n<p>Finalmente, el <a href=\"https:\/\/www.rtve.es\/noticias\/20241127\/desarme-60-dias-supervision-francia-eeuu-claves-acuerdo-alto-fuego-libano\/16349229.shtml\" rel=\"nofollow noopener\" target=\"_blank\">acuerdo de alto el fuego lleg\u00f3 el 27 de noviembre de 2024<\/a>, auspiciado por Estados Unidos y Francia: los combatientes de Hizbul\u00e1 se retirar\u00edan al norte del r\u00edo Litani &#8211; frontera natural utilizada en acuerdos de retirada previos &#8211; el ej\u00e9rcito liban\u00e9s se har\u00eda responsable del sur y el israel\u00ed se retirar\u00eda paulatinamente de ese territorio. <\/p>\n<p>Sin embargo,<strong> a d\u00eda de hoy, las tropas de Israel contin\u00faan en el sur de L\u00edbano<\/strong>. Es m\u00e1s, han atacado cientos de veces lo que, aseguran, son posiciones de Hizbul\u00e1, lo que ha sido desmentido recientemente por el ej\u00e9rcito de Beirut, responsable durante meses de \u00ablimpiar\u00bb la zona de dichos efectivos. \u00abEs lo que dice Israel, pero lo cierto es que sigue ocupando esa zona y quiere consolidarla a modo de tap\u00f3n, como est\u00e1 haciendo en Gaza. De hecho, al sur del r\u00edo Litani est\u00e1 construyendo ilegalmente un muro para consolidar el control\u00bb, explica Rosas Meneses. <\/p>\n<p>Por su parte, desde la <strong>Fuerza Provisional de las Naciones Unidas en el L\u00edbano <\/strong>(FPNUL<strong>)<\/strong>, que ver\u00e1 extendido su mandato por un \u00faltimo a\u00f1o, aseguraron que los ataques a\u00e9reos israel\u00edes constituyen claras <strong>violaciones de la resoluci\u00f3n 1701<\/strong> del Consejo de Seguridad, adoptada en 2006 con el objetivo de mantener la paz en la frontera entre L\u00edbano e Israel. \u00abInstamos a Israel a que cese de inmediato estos ataques y todas las violaciones de la resoluci\u00f3n 1701. Asimismo, instamos a los actores libaneses a que se abstengan de cualquier respuesta que pueda agravar a\u00fan m\u00e1s la situaci\u00f3n\u00bb, apuntaron fuentes de la FPNUL en un comunicado.<\/p>\n<p><strong>El golpe m\u00e1s duro y, \u00bfdefinitivo?<\/strong><\/p>\n<p>\u00abSe ha cumplido un a\u00f1o de el alto el fuego y las se\u00f1ales, que al principio eran buenas, ahora no lo son tanto\u00bb, comenta Meneses. La investigadora se refiere a los \u00faltimos ataques israel\u00edes selectivos, incluido el reciente<strong> asesinato del n\u00famero dos<\/strong> del brazo armado de Hizbul\u00e1, Haizam Ali Tabatabai, mientras se encontraba en su residencia en Beirut.<\/p>\n<p>\u00abIsrael no solo est\u00e1 aumentando sus ataques, sino que la otra se\u00f1al de alarma es que el proceso de desarme de la milicia, que el Ej\u00e9rcito liban\u00e9s hab\u00eda presentado al Gobierno en septiembre, parece estar derrapando\u00bb, apunta la subdirectora de CEARC. \u00abPrimero, por la negativa de Hizbul\u00e1 a desarmarse, pero tambi\u00e9n por la propia escalada de Israel, que le da alas para mantenerse en su posici\u00f3n\u00bb, apostilla.<\/p>\n<p>Sin embargo, los \u00faltimos 14 meses de campa\u00f1a castrense, incluidas exitosas operaciones de los servicios de inteligencia hebreos como la de los explosivos en<strong> buscas y \u2018walkie-talkies\u2019<\/strong> utilizados por miembros y simpatizantes de Hizbul\u00e1 &#8211; que dej\u00f3 al menos 42 muertos y cerca de 3000 heridos &#8211; el asesinato de muchos de sus comandantes clave o la infiltraci\u00f3n en sus sistemas de comunicaci\u00f3n, han debilitado la capacidad de mando del grupo armado liban\u00e9s. <\/p>\n<p>As\u00ed, Israel ha logrado lo que a\u00f1os de presi\u00f3n internacional no consiguieron: golpear de manera sostenida la estructura operativa de Hizbul\u00e1. Aunque la organizaci\u00f3n mantiene un arsenal considerable \u2014<strong>misiles de corto y medio alcance<\/strong>, unidades bien entrenadas, infraestructura subterr\u00e1nea\u2014, su margen de maniobra se ha reducido dram\u00e1ticamente. La descentralizaci\u00f3n de sus fuerzas y efectivos, antes una fortaleza, se ha convertido en un obst\u00e1culo: c\u00e9lulas que operan sin suficiente coordinaci\u00f3n y mandos intermedios sobrecargados.<\/p>\n<p>Funeral de los l\u00edderes asesinados de Hizbul\u00e1, Has\u00e1n Nasrala y Hashem Safieddine, en el Estadio Deportivo Camille Chamoun\u00a0ANWAR AMRO \/ AFP<\/p>\n<p>Un efecto visible de esta presi\u00f3n es la p\u00e9rdida de control sobre zonas sensibles. El<strong> aeropuerto de Beirut<\/strong>, donde durante a\u00f1os su presencia era t\u00e1cita pero difusa, ya no funciona bajo su supervisi\u00f3n. Las fuerzas de seguridad estatales y actores internacionales han incrementado su monitoreo, lo que simboliza un retroceso del dominio informal de la milicia.<\/p>\n<p>Sin embargo, estos cambios se inscriben en un contexto mucho m\u00e1s amplio, que combina un desgaste militar, un declive econ\u00f3mico y un profundo <strong>hartazgo social.<\/strong><\/p>\n<p><strong>Desafecci\u00f3n creciente y crisis internas<\/strong><\/p>\n<p>La <strong>crisis econ\u00f3mica iniciada en 2019<\/strong> \u2014una de las diez peores del mundo en m\u00e1s de un siglo, seg\u00fan organismos internacionales\u2014 debilit\u00f3 a toda la clase pol\u00edtica, incluido Hizbul\u00e1. La devastadora <a href=\"https:\/\/www.rtve.es\/noticias\/20200804\/menos-78-muertos-miles-heridos-tras-fuerte-explosion-puerto-beirut\/2037321.shtml\" rel=\"nofollow noopener\" target=\"_blank\">explosi\u00f3n del puerto de Beirut en 2020<\/a>, aunque no directamente vinculada al grupo, <strong>dej\u00f3 218 muertos y 7.500 heridos<\/strong>, y aceler\u00f3 la desconfianza hacia un sistema pol\u00edtico en el que el grupo lleva participando desde hace d\u00e9cadas. <\/p>\n<p>\t\tSe cumplen cinco a\u00f1os de la explosi\u00f3n que sacudi\u00f3 el puerto de Beirut\t<\/p>\n<p>La base social chi\u00ed, hist\u00f3ricamente la m\u00e1s cohesionada, tambi\u00e9n ha sufrido el deterioro: <strong>inflaci\u00f3n descontrolada, salarios colapsados, subsidios inestables<\/strong> y un sistema de servicios p\u00fablicos fallido, que ni siquiera las amplias redes sociales de Hizbul\u00e1 han podido compensar. <\/p>\n<p>A ello se suma un cambio generacional. J\u00f3venes chi\u00edes formados en universidades, expuestos a econom\u00edas globalizadas y redes digitales, cuestionan silenciosamente &#8211; y a veces abiertamente &#8211; el monopolio pol\u00edtico de la organizaci\u00f3n. Pero incluso si la milicia continuara debilit\u00e1ndose, nada garantiza que el Estado pueda absorber sus funciones. <\/p>\n<p>El movimiento islamista ha colmado en varias partes del pa\u00eds el vac\u00edo dejado por unas <strong>instituciones libanesas d\u00e9biles<\/strong>,<strong> fragmentadas y dependientes de pactos sectarios<\/strong> <strong>complejos<\/strong> que paralizan cualquier reforma. As\u00ed, funciones que deber\u00eda asumir el Estado como la atenci\u00f3n m\u00e9dica, las ayudas econ\u00f3micas, la escolarizaci\u00f3n o el control territorial son desempe\u00f1adas por Hizbul\u00e1 y todo su aparato pol\u00edtico-social. <\/p>\n<p>Por otra parte, la <strong>corrupci\u00f3n<\/strong> end\u00e9mica del pa\u00eds, el colapso financiero y la falta de confianza ciudadana limitan la capacidad del aparato estatal. \u00abLo ideal ser\u00eda que tuviera unas instituciones fuertes y no fragmentadas en facciones y sectas; un Gobierno fuerte y un Ej\u00e9rcito con capacidades para as\u00ed poder desarmar al grupo islamista, pero esto no parece ser del inter\u00e9s de Israel\u00bb<strong>, <\/strong>apunta Rosa Meneses. <\/p>\n<p>Por \u00faltimo, la dimensi\u00f3n geopol\u00edtica sigue siendo crucial. <strong>Ir\u00e1n<\/strong> ha invertido durante d\u00e9cadas en Hizbul\u00e1 como brazo estrat\u00e9gico frente a Israel. Mientras la rivalidad regional entre Teher\u00e1n y Jerusal\u00e9n siga abierta, es improbable que Ir\u00e1n renuncie a ese instrumento de influencia.<\/p>\n<p>Iran\u00edes caminan junto a un mural del l\u00edder supremo, Al\u00ed Jamene\u00ed, y del difunto Ruhol\u00e1 Jomein\u00ed, en Teher\u00e1n.\u00a0ABEDIN TAHERKENAREH (EFE)<\/p>\n<p><strong>\u00bfUn futuro sin Hizbul\u00e1? Entre la aspiraci\u00f3n y la realidad<\/strong><\/p>\n<p>Los recientes acontecimientos no significan un final inminente para la organizaci\u00f3n, aunque s\u00ed marcan un punto de inflexi\u00f3n. El aura de invulnerabilidad que la milicia mantuvo tras sus \u00e9xitos (relativos) en la guerra de 2006 con Israel,  se ha roto. Su legitimidad interna ya no es homog\u00e9nea, su capacidad militar es mucho m\u00e1s limitada que hace una d\u00e9cada y <strong>su presencia territorial<\/strong> <strong>ya no es incontestable.<\/strong><\/p>\n<p>Sin embargo, imaginar un L\u00edbano sin Hizbul\u00e1 requiere algo que el pa\u00eds no ha logrado desde su independencia en 1943: construir un <strong>Estado fuerte, inclusivo y funcional<\/strong>. Mientras los vac\u00edos institucionales permanezcan, ser\u00e1n ocupados por milicias, clanes o potencias extranjeras. <\/p>\n<p>As\u00ed, el debilitamiento de Hizbol\u00e1 abre por primera vez un debate que durante a\u00f1os fue un tab\u00fa: \u00bfqu\u00e9 papel debe jugar el partido-milicia en el futuro del pa\u00eds? Su desaparici\u00f3n absoluta no parece cercana, pero su transformaci\u00f3n podr\u00eda estar ya en curso. La cuesti\u00f3n esencial es si el L\u00edbano podr\u00e1 aprovechar esta coyuntura para reconstruir instituciones cre\u00edbles o si, por el contrario, el vac\u00edo dejado por la milicia generar\u00e1 una nueva ola de fragmentaci\u00f3n.<\/p>\n<p>\u00bfPuede el L\u00edbano, pa\u00eds conocido como la &#8216;<strong>perla del Mediterr\u00e1neo<\/strong>&#8216;, existir sin Hizbul\u00e1? Quiz\u00e1 s\u00ed, pero ese futuro depender\u00e1 no tanto de su declive, como de la capacidad del Estado liban\u00e9s &#8211; y de su sociedad &#8211; para recomponerse y gobernar por primera vez sin las tutelas armadas que hoy le impiden ser la joya que una vez fue. <\/p>\n","protected":false},"excerpt":{"rendered":"El \u00abpartido de Dios\u00bb &#8211; traducci\u00f3n del \u00e1rabe de Hizbul\u00e1 \u2013 ha sido durante m\u00e1s de cuarenta a\u00f1os&hellip;\n","protected":false},"author":2,"featured_media":258376,"comment_status":"","ping_status":"","sticky":false,"template":"","format":"standard","meta":{"footnotes":""},"categories":[42],"tags":[17,18,13,14,11,61,62,63,64,19,20,9,10,15,16,12,21,22,65,66,67],"class_list":{"0":"post-258375","1":"post","2":"type-post","3":"status-publish","4":"format-standard","5":"has-post-thumbnail","7":"category-internacional","8":"tag-breaking-news","9":"tag-breakingnews","10":"tag-featured-news","11":"tag-featurednews","12":"tag-headlines","13":"tag-internacional","14":"tag-international","15":"tag-international-news","16":"tag-internationalnews","17":"tag-latest-news","18":"tag-latestnews","19":"tag-news","20":"tag-noticias","21":"tag-noticias-destacadas","22":"tag-noticiasdestacadas","23":"tag-titulares","24":"tag-ultimas-noticias","25":"tag-ultimasnoticias","26":"tag-world","27":"tag-world-news","28":"tag-worldnews"},"share_on_mastodon":{"url":"https:\/\/pubeurope.com\/@es\/115621409987913992","error":""},"_links":{"self":[{"href":"https:\/\/www.europesays.com\/es\/wp-json\/wp\/v2\/posts\/258375","targetHints":{"allow":["GET"]}}],"collection":[{"href":"https:\/\/www.europesays.com\/es\/wp-json\/wp\/v2\/posts"}],"about":[{"href":"https:\/\/www.europesays.com\/es\/wp-json\/wp\/v2\/types\/post"}],"author":[{"embeddable":true,"href":"https:\/\/www.europesays.com\/es\/wp-json\/wp\/v2\/users\/2"}],"replies":[{"embeddable":true,"href":"https:\/\/www.europesays.com\/es\/wp-json\/wp\/v2\/comments?post=258375"}],"version-history":[{"count":0,"href":"https:\/\/www.europesays.com\/es\/wp-json\/wp\/v2\/posts\/258375\/revisions"}],"wp:featuredmedia":[{"embeddable":true,"href":"https:\/\/www.europesays.com\/es\/wp-json\/wp\/v2\/media\/258376"}],"wp:attachment":[{"href":"https:\/\/www.europesays.com\/es\/wp-json\/wp\/v2\/media?parent=258375"}],"wp:term":[{"taxonomy":"category","embeddable":true,"href":"https:\/\/www.europesays.com\/es\/wp-json\/wp\/v2\/categories?post=258375"},{"taxonomy":"post_tag","embeddable":true,"href":"https:\/\/www.europesays.com\/es\/wp-json\/wp\/v2\/tags?post=258375"}],"curies":[{"name":"wp","href":"https:\/\/api.w.org\/{rel}","templated":true}]}}