{"id":258390,"date":"2025-11-27T11:38:09","date_gmt":"2025-11-27T11:38:09","guid":{"rendered":"https:\/\/www.europesays.com\/es\/258390\/"},"modified":"2025-11-27T11:38:09","modified_gmt":"2025-11-27T11:38:09","slug":"polemico-enganchon-de-aldo-comas-con-jose-lamuno-en-hasta-el-fin-del-mundo-de-puto-woke-a-nenaza-eldiario-es","status":"publish","type":"post","link":"https:\/\/www.europesays.com\/es\/258390\/","title":{"rendered":"Pol\u00e9mico enganch\u00f3n de Aldo Comas con Jos\u00e9 Lamu\u00f1o en &#039;Hasta el fin del mundo&#039;: de &quot;puto woke&quot; a &quot;nenaza&quot; &#8211; elDiario.es"},"content":{"rendered":"<ol>\n<li><a href=\"https:\/\/news.google.com\/rss\/articles\/CBMivgFBVV95cUxOOHotbDJxV2NqejlXN2pqel9LSnRMMm9fa0dyN1RGN2Z6WjktQTdTaXdwLWRxMl9KQS1hTVF2VVA3MllEc1Fqc0hlYy0zR0lVZmFtS3I4Nko2ZmdQUG1kdHFRc05RNFNUaXA4U1prQkpvcS1jZTJQUEJEeGlYNEFDY1NrckhuSlktQjNOaDMtNDB1WXQ4QkZuaHQ1VERDMHRQSG8xN0hNaWx1NWhYY1ZMVm1KQjRCYUpKTXlIb2Rn0gHDAUFVX3lxTE9wMlQtYU9PTk90SGpPeGI3ME5raHVoM1NnUENfTG9RU3VuQ1dYNkhRRXQ4VU5GYWNxTlpfRFpWcjkydEJDQkt4UEdKR3dmZnh3MDdCSVA4VzFYaFVfNWJQRG41c2toSks0TFdNWjZNLUNaLTAwTW9rN0ZRbi1ZVGgwYk1iNUpxTG9WdG9FQTBJX25YRkQ5VnZBOVR3VDhFTU5TZE1RRHl3b1JZWWljZGFRT1BvX3V3ek5GcjlVZnJKTzFhTQ?oc=5\" target=\"_blank\" rel=\"nofollow noopener\">Pol\u00e9mico enganch\u00f3n de Aldo Comas con Jos\u00e9 Lamu\u00f1o en &#8216;Hasta el fin del mundo&#8217;: de \u00abputo woke\u00bb a \u00abnenaza\u00bb<\/a>&nbsp;&nbsp;elDiario.es<\/li>\n<li><a href=\"https:\/\/news.google.com\/rss\/articles\/CBMi1gFBVV95cUxQTld5RTFzeV9USExOUDhpSVpUY3RIYlNfRHJPUHc3aHdzWHVCRlM4Wkt0VUd5Z0hfc2ViMTVtdW8zVno4ZHRWWnl4OVhGeEZLZ0ZIX0tNclhTS0NPXzNvWHBvWEo3Nm8zZmRxaHpuZ094ekJmbEN2M3dUOUQ0VW9tNXpNbU1nTG80SG9JR2x2MGlDU25hVnlWUmdvQzdIbmJvOU84X1pWWWNuSDhJVUhId05GTmFuUlpPZkxodjZPZmN2VDRPaWtqcjNNcXM4Rm1sbEdUb3JB0gHbAUFVX3lxTE5LbW5lZW9rYVFjbVNvV3VFOEVkNkh2cWxxS1lycU5jSVpyUG5MQ19QWGdEc01xU3VpWTR5SVQ5V3ptU19fYVpLODJwbFZxdU5KQ1VXUGEyTk1YTFdUbnU1MlNzVVk3LWNITXhVeXJ0T3pURmNZVl9Ub294SnB3TlN6OTV0VGR0Q0w0STNEX1BNaFZ2YmRMS0c0VGRFSjFKUU9lR05nTFRfV2lCQnpfcFJvblJiLWJBdW5PM2lDVGw1STdveDFhOE5CQ1NqYWFjenR1WmxvNUZDZm1jWQ?oc=5\" target=\"_blank\" rel=\"nofollow noopener\">\u00abQu\u00e9 &#8216;woke&#8217; est\u00e1s hecho\u00bb: severo enganch\u00f3n entre Aldo Comas y Jos\u00e9 Lamu\u00f1o, en &#8216;Hasta el fin del mundo&#8217; (TVE)<\/a>&nbsp;&nbsp;El Confidencial<\/li>\n<li><a href=\"https:\/\/news.google.com\/rss\/articles\/CBMilAFBVV95cUxOSXRfTGpuOUxFTzJRWER3NmhzVER4YVlXOEZReDlka0JqQUZCbXBfRGtGWENHbGswYkFCeVRXRnhxWld4ZEZQWTEyYTZFRWNsdkJlN2t5TXRJQURHVXVaQ2dHUDZ1dDRQVlU4RW9oeGF1RXlaa3l2Vld5VmxCRHo4aXJZRmNBc1NiS0RrNjl6aEtXT1dW?oc=5\" target=\"_blank\" rel=\"nofollow noopener\">Aldo Comas defiende la expresi\u00f3n \u00abcomo un hombre\u00bb provocando una fuerte discusi\u00f3n con Jos\u00e9 Lamu\u00f1o<\/a>&nbsp;&nbsp;FormulaTV<\/li>\n<\/ol>\n","protected":false},"excerpt":{"rendered":"Pol\u00e9mico enganch\u00f3n de Aldo Comas con Jos\u00e9 Lamu\u00f1o en &#8216;Hasta el fin del mundo&#8217;: de \u00abputo woke\u00bb a&hellip;\n","protected":false},"author":2,"featured_media":258391,"comment_status":"","ping_status":"","sticky":false,"template":"","format":"standard","meta":{"footnotes":""},"categories":[171],"tags":[64762,64763,59599,146,147,25,24,2467,64764,3013,64766,15381,64765,23,214,25725],"class_list":{"0":"post-258390","1":"post","2":"type-post","3":"status-publish","4":"format-standard","5":"has-post-thumbnail","7":"category-tv","8":"tag-aldo","9":"tag-comas","10":"tag-enganchon","11":"tag-entertainment","12":"tag-entretenimiento","13":"tag-es","14":"tag-espana","15":"tag-jose","16":"tag-lamuno","17":"tag-mundo","18":"tag-nenaza","19":"tag-polemico","20":"tag-puto","21":"tag-spain","22":"tag-tv","23":"tag-woke"},"share_on_mastodon":{"url":"https:\/\/pubeurope.com\/@es\/115621468973318851","error":""},"_links":{"self":[{"href":"https:\/\/www.europesays.com\/es\/wp-json\/wp\/v2\/posts\/258390","targetHints":{"allow":["GET"]}}],"collection":[{"href":"https:\/\/www.europesays.com\/es\/wp-json\/wp\/v2\/posts"}],"about":[{"href":"https:\/\/www.europesays.com\/es\/wp-json\/wp\/v2\/types\/post"}],"author":[{"embeddable":true,"href":"https:\/\/www.europesays.com\/es\/wp-json\/wp\/v2\/users\/2"}],"replies":[{"embeddable":true,"href":"https:\/\/www.europesays.com\/es\/wp-json\/wp\/v2\/comments?post=258390"}],"version-history":[{"count":0,"href":"https:\/\/www.europesays.com\/es\/wp-json\/wp\/v2\/posts\/258390\/revisions"}],"wp:featuredmedia":[{"embeddable":true,"href":"https:\/\/www.europesays.com\/es\/wp-json\/wp\/v2\/media\/258391"}],"wp:attachment":[{"href":"https:\/\/www.europesays.com\/es\/wp-json\/wp\/v2\/media?parent=258390"}],"wp:term":[{"taxonomy":"category","embeddable":true,"href":"https:\/\/www.europesays.com\/es\/wp-json\/wp\/v2\/categories?post=258390"},{"taxonomy":"post_tag","embeddable":true,"href":"https:\/\/www.europesays.com\/es\/wp-json\/wp\/v2\/tags?post=258390"}],"curies":[{"name":"wp","href":"https:\/\/api.w.org\/{rel}","templated":true}]}}