{"id":258413,"date":"2025-11-27T11:53:08","date_gmt":"2025-11-27T11:53:08","guid":{"rendered":"https:\/\/www.europesays.com\/es\/258413\/"},"modified":"2025-11-27T11:53:08","modified_gmt":"2025-11-27T11:53:08","slug":"me-hizo-ser-una-persona-enfocada-me-obligaba-a-estar-con-intensidad-y-disciplina","status":"publish","type":"post","link":"https:\/\/www.europesays.com\/es\/258413\/","title":{"rendered":"Me hizo ser una persona enfocada, me obligaba a estar con intensidad y disciplina"},"content":{"rendered":"<p class=\"c-paragraph\">Si por algo se ha caracterizado<a href=\"https:\/\/www.20minutos.es\/tags\/deportes\/rafa-nadal.html\" title=\"Rafa Nadal\" rel=\"nofollow noopener\" target=\"_blank\"> Rafa Nadal<\/a> a lo largo de su carrera, adem\u00e1s de por sus \u00e9xitos deportivos, ha sido por el nivel de concentraci\u00f3n y superaci\u00f3n en algunos <b>de los momentos m\u00e1s complicados y exigentes de un partido. <\/b>Esto le ha llevado a levantar varios puntos de partido en contra, as\u00ed como a darle la vuelta a un encuentro cuando parec\u00eda imposible. Una autoexigencia y enfoque del que solo unos pocos deportistas pueden presumir, algo que aprendi\u00f3 desde que era muy peque\u00f1o, tal y como confes\u00f3 en el programa de Universo Valdano emitido este lunes en Movistar+.<\/p>\n<p class=\"c-paragraph\">El ganador de 22 Grand Slam se abri\u00f3 en la charla con el exfutbolista, desde c\u00f3mo fueron sus inicios hasta el momento de tomar la decisi\u00f3n de colgar la raqueta. En un momento dado, <a href=\"https:\/\/www.20minutos.es\/tags\/deportes\/jorge-valdano.html\" title=\"Jorge Valdano\" rel=\"nofollow noopener\" target=\"_blank\">Jorge Valdano<\/a> le pregunta sobre la capacidad que ha tenido de concentrarse en los momentos<b> m\u00e1s dif\u00edciles de un partido, momento en el que Rafa se acuerda de\u00a0<a href=\"https:\/\/www.20minutos.es\/tags\/deportes\/toni-nadal.html\" title=\"Toni Nadal\" rel=\"nofollow noopener\" target=\"_blank\">Toni Nadal<\/a>.\u00a0<\/b><\/p>\n<p class=\"c-paragraph\">\u00abLe debo mucho a mi t\u00edo, que me hizo ser una persona enfocada. Me obligaba a estar con intensidad, disciplina y atenci\u00f3n en cada entrenamiento.<b> Si lo entrenas de peque\u00f1o, es f\u00e1cil evolucionar de la manera adecuada. <\/b>Me dej\u00e9 ayudar siempre por todas las personas que he tenido a mi alrededor\u00bb, confiesa el mallorqu\u00edn.\u00a0<\/p>\n<p class=\"c-paragraph\">No obstante, Nadal apunta a que, al final, el que m\u00e1s se autoexig\u00eda era \u00e9l mismo: \u00abTen\u00eda la capacidad para asumir el reto de querer conseguir mis objetivos y darme opciones reales de luchar por ellos. Siempre tuve la determinaci\u00f3n para seguir mejorando y para intentar mantenerme al m\u00e1s alto nivel. E<b>l m\u00e1s autocr\u00edtico siempre fui yo, el que puso el list\u00f3n de exigencia m\u00e1s alto\u00bb.\u00a0<\/b><\/p>\n<p>La relaci\u00f3n entre Rafa y Toni a lo largo de los a\u00f1os<\/p>\n<p class=\"c-paragraph\">Toni Nadal fue la persona que logr\u00f3 forjar el car\u00e1cter de Rafa como tenista y le convirti\u00f3 en un campe\u00f3n.<b> Toni fue su entrenador durante 27 a\u00f1os hasta que en 2017 decidieron separar sus caminos. <\/b>Tras el anuncio, la transici\u00f3n se hizo efectiva a partir de la temporada 2018 y, el entrenador que tom\u00f3 el relevo fue <a href=\"https:\/\/www.20minutos.es\/tags\/deportes\/carlos-moya.html\" title=\"Carlos Moy\u00e1\" rel=\"nofollow noopener\" target=\"_blank\">Carlos Moy\u00e1<\/a>, que ya se hab\u00eda incorporado al equipo de Rafa desde diciembre de 2016. Desde entonces, Moy\u00e1 fue el entrenador de Nadal hasta el final de su carrera.\u00a0<\/p>\n<p class=\"c-paragraph\">Tras a\u00f1os de distanciamientos entre Rafa y Toni, ambos se han dado muestras de cari\u00f1o y agradecimiento.<a href=\"https:\/\/www.20minutos.es\/deportes\/noticia\/5715570\/0\/dedicatoria-rafa-nadal-entre-lagrimas-a-toni-tras-anos-distanciamiento-eres-razon-por-que-estoy-aqui\/\" target=\"_blank\" rel=\"nofollow noopener\"> <b>Una de las m\u00e1s significativas fue en la despedida de Nadal de Roland Garros<\/b><\/a><b> <\/b>a finales de mayo cuando Rafa, entre l\u00e1grimas, le dedic\u00f3 unas palabras a su t\u00edo.<\/p>\n<p class=\"c-paragraph\">\u00abToni, eres la raz\u00f3n por la que estoy aqu\u00ed.<b> Gracias por haber dedicado una gran parte de tu vida a querer estar conmigo entrenando,<\/b> hablando, enga\u00f1\u00e1ndome, haci\u00e9ndome sufrir, haci\u00e9ndome re\u00edr y tambi\u00e9n llev\u00e1ndome al l\u00edmite. Lo que hemos vivido no siempre ha sido f\u00e1cil, pero, sin ninguna duda, ha valido la pena\u00bb, confes\u00f3 el balear.\u00a0<\/p>\n<p class=\"c-paragraph\">Asimismo, en la entrevista con Valdano, Nadal tambi\u00e9n puntualiza que, para llegar al m\u00e1s alto nivel en el tenis, se tienen que dar varias circunstancias tales como talento, trabajo y f\u00edsico, entre otras. \u00abHay veces que mi carrera se ha centrado en que era un gran luchador, que ten\u00eda una gran capacidad de concentraci\u00f3n. Para m\u00ed es un halago que esto sea de esta manera. Puedes tener un gran f\u00edsico y capacidad de trabajo, pero si el drive no va a donde tiene que ir, desgraciadamente&#8230;<b> Hay una calidad ten\u00edstica que necesitas para competir al m\u00e1s alto nivel\u00bb, explica.\u00a0<\/b><\/p>\n","protected":false},"excerpt":{"rendered":"Si por algo se ha caracterizado Rafa Nadal a lo largo de su carrera, adem\u00e1s de por sus&hellip;\n","protected":false},"author":2,"featured_media":258414,"comment_status":"","ping_status":"","sticky":false,"template":"","format":"standard","meta":{"footnotes":""},"categories":[274],"tags":[168,25,24,3489,12830,7197,23,167,3271,327,326,14819],"class_list":{"0":"post-258413","1":"post","2":"type-post","3":"status-publish","4":"format-standard","5":"has-post-thumbnail","7":"category-tenis","8":"tag-deportes","9":"tag-es","10":"tag-espana","11":"tag-nadal","12":"tag-rafa","13":"tag-recuerda","14":"tag-spain","15":"tag-sports","16":"tag-su","17":"tag-tenis","18":"tag-tennis","19":"tag-tio"},"share_on_mastodon":{"url":"https:\/\/pubeurope.com\/@es\/115621528005373614","error":""},"_links":{"self":[{"href":"https:\/\/www.europesays.com\/es\/wp-json\/wp\/v2\/posts\/258413","targetHints":{"allow":["GET"]}}],"collection":[{"href":"https:\/\/www.europesays.com\/es\/wp-json\/wp\/v2\/posts"}],"about":[{"href":"https:\/\/www.europesays.com\/es\/wp-json\/wp\/v2\/types\/post"}],"author":[{"embeddable":true,"href":"https:\/\/www.europesays.com\/es\/wp-json\/wp\/v2\/users\/2"}],"replies":[{"embeddable":true,"href":"https:\/\/www.europesays.com\/es\/wp-json\/wp\/v2\/comments?post=258413"}],"version-history":[{"count":0,"href":"https:\/\/www.europesays.com\/es\/wp-json\/wp\/v2\/posts\/258413\/revisions"}],"wp:featuredmedia":[{"embeddable":true,"href":"https:\/\/www.europesays.com\/es\/wp-json\/wp\/v2\/media\/258414"}],"wp:attachment":[{"href":"https:\/\/www.europesays.com\/es\/wp-json\/wp\/v2\/media?parent=258413"}],"wp:term":[{"taxonomy":"category","embeddable":true,"href":"https:\/\/www.europesays.com\/es\/wp-json\/wp\/v2\/categories?post=258413"},{"taxonomy":"post_tag","embeddable":true,"href":"https:\/\/www.europesays.com\/es\/wp-json\/wp\/v2\/tags?post=258413"}],"curies":[{"name":"wp","href":"https:\/\/api.w.org\/{rel}","templated":true}]}}