{"id":258419,"date":"2025-11-27T11:57:10","date_gmt":"2025-11-27T11:57:10","guid":{"rendered":"https:\/\/www.europesays.com\/es\/258419\/"},"modified":"2025-11-27T11:57:10","modified_gmt":"2025-11-27T11:57:10","slug":"ya-estoy-harto-no-se-lo-deseo-a-nadie","status":"publish","type":"post","link":"https:\/\/www.europesays.com\/es\/258419\/","title":{"rendered":"Ya estoy harto, no se lo deseo a nadie"},"content":{"rendered":"<p class=\"ft-text\"><strong>La carrera deportiva de Szczesny ha tenido de todo. <\/strong>Desde emigrar hasta Londres siendo un adolescente para jugar en el Arsenal hasta volver de la retirada para proclamarse campe\u00f3n de liga como portero titular del Bar\u00e7a. Sin embargo, el camino ha sido tortuoso, pues el guardameta polaco <strong>vive una aut\u00e9ntica pesadilla cada vez que se enfunda los guantes desde hace m\u00e1s de 17 a\u00f1os.<\/strong><\/p>\n<p class=\"ft-text\">El cancerbero ha desvelado que apenas puede entrenar con sus compa\u00f1eros por una lesi\u00f3n que sufri\u00f3 en su etapa en el Arsenal en septiembre de 2008, cuando <strong>se rompi\u00f3 ambos antebrazos<\/strong> en el gimnasio <strong>al aplastarse el pecho con una barra.<\/strong> <strong>\u00abLlega un momento durante el entrenamiento en que pierdo por completo la sensibilidad en las manos <\/strong>y ni siquiera puedo sostener una botella de agua por el dolor. Entonces, los entrenadores y yo bromeamos diciendo que el entreno se acab\u00f3 porque estoy paralizado otra vez, pero la realidad es que <strong>ya estoy harto de este sufrimiento\u00bb<\/strong>, reconoci\u00f3 Szczesny.<\/p>\n<p class=\"ft-text\">El portero de 35 a\u00f1os, que <strong>todav\u00eda tiene en sus manos dos placas de hierro <\/strong>que mantienen unidos sus huesos tras esa fractura, ha explicado que las molestias le afectan, sobre todo, en los entrenos. <strong>\u00abEs peor durante la pretemporada, durante entrenamientos muy exigentes. <\/strong>Durante la temporada, es m\u00e1s f\u00e1cil porque haces dos entrenos y luego un partido, as\u00ed que las manos descansan, y no es tan fuerte. Se extiende desde la mu\u00f1eca hasta el codo\u00bb, se\u00f1al\u00f3 el futbolista azulgrana en una entrevista a la &#8216;Revista GQ&#8217;.<\/p>\n<p>\u00abJugu\u00e9 mi primera temporada en el Bar\u00e7a gratis\u00bb<\/p>\n<p class=\"ft-text\"><strong>El dolor fue uno de los principales causantes de su retirada<\/strong> prematura del f\u00fatbol, pues todav\u00eda rend\u00eda a buen nivel en la Juventus y recibi\u00f3 ofertas tentadoras de Arabia Saud\u00ed y de grandes clubes europeos. \u00abNo era que no me apasionara el f\u00fatbol. No me apasionaban las opciones que hab\u00eda sobre la mesa, a pesar de que los diez mejores clubes hac\u00edan ofertas. No se trataba de subir mi precio. <strong>No quer\u00eda seguir jugando solo por dinero. Mi intuici\u00f3n me dec\u00eda que dijera que no. <\/strong>Tres d\u00edas antes de anunciar mi retirada, habl\u00e9 con &#8216;Lewy&#8217; y le dije que no quer\u00eda jugar m\u00e1s en ning\u00fan club\u00bb, asegur\u00f3 Szcz\u0119sny.<\/p>\n<p class=\"ft-text\">Sin embargo, el Bar\u00e7a toc\u00f3 su puerta y, pese a las molestias, <a class=\"ft-link ft-link--decoration\" href=\"https:\/\/www.sport.es\/es\/noticias\/barca\/dia-szczesny-penso-podia-retirarse-123749032\" target=\"_blank\" rel=\"nofollow noopener\">que incluso le afectaban a la espalda y le imped\u00edan jugar al golf<\/a>, acept\u00f3 volar hacia la ciudad catalana para negociar con el club.<strong> \u00abCuando me llam\u00f3 el Barcelona, probablemente sospech\u00f3 que podr\u00eda convencerme. Jugu\u00e9 mi primera temporada gratis. <\/strong>Lo que recib\u00ed del Barcelona fue exactamente lo que tuve que devolver a la Juve por rescindir mi contrato antes de tiempo\u00bb, indic\u00f3 Szcz\u0119sny, que este curso suma nueve participaciones.<\/p>\n<p class=\"ft-text\">Su fichaje por el Bar\u00e7a <a class=\"ft-link ft-link--decoration\" href=\"https:\/\/www.sport.es\/es\/noticias\/barca\/sorpredentes-declaraciones-hermano-szczesny-prefiere-123433672\" target=\"_blank\" rel=\"nofollow noopener\">le sac\u00f3 moment\u00e1neamente del retiro<\/a>, aunque el guardameta reconoce que echa de menos \u00abcomer lo que quisiera\u00bb. \u00abA los futbolistas no se les permite subir de peso. Sus contratos incluyen severas sanciones econ\u00f3micas. <strong>Me gusta comer, y aunque logro mantenerme dentro del l\u00edmite de peso, bat\u00ed el r\u00e9cord de grasa corporal del Barcelona.<\/strong> Una vez, &#8216;Lewy&#8217;, burl\u00e1ndose de m\u00ed en el vestuario de la selecci\u00f3n polaca, dijo: &#8216;\u00bfC\u00f3mo pudo Szczesny tener una carrera as\u00ed con ese cuerpo?&#8217;, record\u00f3 el portero nacido en Varsovia.<\/p>\n<p class=\"ft-text\">Asimismo, Szczesny ha admitido <a class=\"ft-link ft-link--decoration\" href=\"https:\/\/www.sport.es\/es\/noticias\/barca\/szczesny-laporta-regalo-puro-buenisimo-122320817\" target=\"_blank\" rel=\"nofollow noopener\">que no siempre ha cuidado sus h\u00e1bitos<\/a>. <strong>\u00abNunca he sido un jugador que entrenara m\u00e1s duro que otros, pero he logrado mantener el mismo alto nivel a lo largo de mis 18 a\u00f1os de carrera. Puede que nunca haya estado entre los diez mejores, pero tampoco he bajado del octavo puesto.<\/strong> Si hubiera jugado al m\u00e1ximo, habr\u00eda alternado dieces y seises, pero mantuve los ochos todo el tiempo\u00bb, sentenci\u00f3 el guardameta.<\/p>\n","protected":false},"excerpt":{"rendered":"La carrera deportiva de Szczesny ha tenido de todo. Desde emigrar hasta Londres siendo un adolescente para jugar&hellip;\n","protected":false},"author":2,"featured_media":258420,"comment_status":"","ping_status":"","sticky":false,"template":"","format":"standard","meta":{"footnotes":""},"categories":[268],"tags":[2296,210,168,25,24,280,282,281,23,167,44659],"class_list":{"0":"post-258419","1":"post","2":"type-post","3":"status-publish","4":"format-standard","5":"has-post-thumbnail","7":"category-futbol","8":"tag-barca","9":"tag-barcelona","10":"tag-deportes","11":"tag-es","12":"tag-espana","13":"tag-football","14":"tag-futbol","15":"tag-soccer","16":"tag-spain","17":"tag-sports","18":"tag-szczesny"},"share_on_mastodon":{"url":"https:\/\/pubeurope.com\/@es\/115621543529292857","error":""},"_links":{"self":[{"href":"https:\/\/www.europesays.com\/es\/wp-json\/wp\/v2\/posts\/258419","targetHints":{"allow":["GET"]}}],"collection":[{"href":"https:\/\/www.europesays.com\/es\/wp-json\/wp\/v2\/posts"}],"about":[{"href":"https:\/\/www.europesays.com\/es\/wp-json\/wp\/v2\/types\/post"}],"author":[{"embeddable":true,"href":"https:\/\/www.europesays.com\/es\/wp-json\/wp\/v2\/users\/2"}],"replies":[{"embeddable":true,"href":"https:\/\/www.europesays.com\/es\/wp-json\/wp\/v2\/comments?post=258419"}],"version-history":[{"count":0,"href":"https:\/\/www.europesays.com\/es\/wp-json\/wp\/v2\/posts\/258419\/revisions"}],"wp:featuredmedia":[{"embeddable":true,"href":"https:\/\/www.europesays.com\/es\/wp-json\/wp\/v2\/media\/258420"}],"wp:attachment":[{"href":"https:\/\/www.europesays.com\/es\/wp-json\/wp\/v2\/media?parent=258419"}],"wp:term":[{"taxonomy":"category","embeddable":true,"href":"https:\/\/www.europesays.com\/es\/wp-json\/wp\/v2\/categories?post=258419"},{"taxonomy":"post_tag","embeddable":true,"href":"https:\/\/www.europesays.com\/es\/wp-json\/wp\/v2\/tags?post=258419"}],"curies":[{"name":"wp","href":"https:\/\/api.w.org\/{rel}","templated":true}]}}