{"id":258423,"date":"2025-11-27T12:01:11","date_gmt":"2025-11-27T12:01:11","guid":{"rendered":"https:\/\/www.europesays.com\/es\/258423\/"},"modified":"2025-11-27T12:01:11","modified_gmt":"2025-11-27T12:01:11","slug":"jorge-gonzalez-con-mi-historia-del-bullying-mi-familia-se-entero-que-al-adulto-que-soy-hoy-todavia-le-pesa-video","status":"publish","type":"post","link":"https:\/\/www.europesays.com\/es\/258423\/","title":{"rendered":"Jorge Gonz\u00e1lez: \u00abCon mi historia del bullying mi familia se enter\u00f3 que al adulto que soy hoy todav\u00eda le pesa\u00bb &#8211; V\u00eddeo"},"content":{"rendered":"<p>Jorge Gonz\u00e1lez: \u00abCon mi historia del bullying mi familia se enter\u00f3 que al adulto que soy hoy todav\u00eda le pesa\u00bb &#8211; V\u00eddeo &#8211; FormulaTV<\/p>\n<p>\n\t\tF\u00f3rmulaTV<br \/>\n\t\tV\u00eddeos<br \/>\n\t\tJorge Gonz\u00e1lez: \u00abCon mi historia del bullying mi familia se enter\u00f3 que al adulto que soy hoy todav\u00eda le pesa\u00bb\n\t<\/p>\n<p class=\"bigpre\">ENTREVISTA<\/p>\n<p class=\"introsec\">Entrevistamos a la pareja formada por Jorge Gonz\u00e1lez y Gemma Dom\u00ednguez a las puertas de la final de &#8216;Bailando con las estrellas&#8217;.<\/p>\n<p class=\"views\">\n\t\t\t\t\t\t2.119<\/p>\n<p>\n\t\t\t\t\t\t\tJulia Almaz\u00e1n  |\u00a0<br \/>\n\t\t\t\tPublicado: <b>Jueves 27 Noviembre 2025 11:03 (hace 1 hora)<\/b>\n\t\t\t\t<\/p>\n<p class=\"tit iconol\">Programa relacionado<\/p>\n<p><img class=\"cartel\" alt=\"Bailando con las estrellas\" src=\"https:\/\/www.europesays.com\/es\/wp-content\/uploads\/2025\/11\/1764244871_722_dest_3.jpg\" width=\"250\" height=\"371\" decoding=\"async\" loading=\"lazy\" onclick=\"window.open('https:\/\/www.formulatv.com\/programas\/bailando-con-las-estrellas\/', '_self'); return false;\"\/><\/p>\n<p>\n\t6,8<\/p>\n<p class=\"pop\"><strong>Popularidad:<\/strong> <b>#33<\/b> de 2.111<\/p>\n<p>\t\t\t\t\t\t\t\t\t\t\t\t\t\t\t\t\t\t\t\t\tTitulares de Jorge Gonz\u00e1lez y Gemma Dom\u00ednguez<\/p>\n<ul>\n<li>Jorge Gonz\u00e1lez: \u00abNo es ni presi\u00f3n ni miedo, lo que se siente es orgullo de llegar a la final\u00bb<\/li>\n<li>Gemma Dom\u00ednguez: \u00abPuede pasar cualquier cosa, porque todas las parejas son merecedoras de ganar\u00bb<\/li>\n<li>J.G.: \u00abLa presi\u00f3n est\u00e1 en el s\u00e1bado ejecutar bien y luego disfrutar de lo que hemos hecho\u00bb<\/li>\n<li>G.D.: \u00abCuando supe que mi compa\u00f1ero ser\u00eda Jorge Gonz\u00e1lez fue una presi\u00f3n y una exigencia\u00bb<\/li>\n<li>G.D.: \u00abJorge part\u00eda con unas aptitudes muy grandes y hab\u00eda que explotarlo\u00bb<\/li>\n<li>G.D.: \u00abTodas quer\u00edamos bailar con Jorge y yo me he sentido muy realizada como bailarina\u00bb<\/li>\n<li>G.D.: \u00abEl pasodoble fue brutal porque lo disfrut\u00e9 much\u00edsimo\u00bb<\/li>\n<li>J.G.: \u00abEmocionalmente, el que m\u00e1s me ha marcado fue el slow fox, que es cuando cont\u00e9 mi historia de bullying\u00bb<\/li>\n<li>J.G.: \u00abEl pasodoble y el tango argentino fueron muy top\u00bb<\/li>\n<li>G.D.: \u00abLa canci\u00f3n hablaba de la historia de su vida y le anim\u00e9 a Jorge a hacerlo\u00bb<\/li>\n<li>J.G.: \u00abHay traumas que te hacen creer que no vales y Gemma me ayud\u00f3 a contar mi historia\u00bb<\/li>\n<li>J.G.: \u00abFue un viaje que nunca hab\u00eda contado y aqu\u00ed estamos\u00bb<\/li>\n<li>J.G.: \u00abContando mi historia del bullying mi familia se enter\u00f3 que al adulto que soy hoy todav\u00eda le pesa\u00bb<\/li>\n<li>J.G.: \u00abAl final uno se pone una m\u00e1scara para mostrar que est\u00e1s curado y ya no influye\u00bb<\/li>\n<li>J.G.: \u00abAl acabar la gala sent\u00eda un poco de verg\u00fcenza y muy vulnerable\u00bb<\/li>\n<li>G.D.: \u00abEsa vulnerabilidad que me demostr\u00f3 esa semana hizo que fu\u00e9ramos m\u00e1s \u00edntimos\u00bb<\/li>\n<li>G.D.: \u00abHa sido una terapia de choque, yo me ve\u00eda muy reflejado en Jorge y ha sido autoterapia\u00bb<\/li>\n<li>G.D.: \u00abEsa exigencia que \u00e9l tiene yo me ve\u00eda en \u00e9l\u00bb<\/li>\n<li>J.G.: \u00abElla ha tenido que hacer conmigo lo que ellos ten\u00edan que hacer con ella\u00bb<\/li>\n<li>J.G.: \u00abTener a Gemma diciendo que soy como t\u00fa y estoy diciendo que no seas as\u00ed es una terapia de choque\u00bb<\/li>\n<li>G.D.: \u00abLo hemos hecho todo, pero para la final vamos a hacer un viaje que sea la guilda del pastel\u00bb<\/li>\n<li>J.G.: \u00abNuestro n\u00famero final empieza en mi mundo y acaba en el suyo, para acabar en lo que es el nuestro\u00bb<\/li>\n<li>G.D.: \u00abJorge y yo hemos demostrado mucho baile y Jorge se merece much\u00edsimo ganar\u00bb<\/li>\n<\/ul>\n<p>\n\t\t\t\t\t\tVer todos los comentarios (1)\n\t\t\t\t\t<\/p>\n<p class=\"sectit\" id=\"rcmd\">Recomendamos<\/p>\n","protected":false},"excerpt":{"rendered":"Jorge Gonz\u00e1lez: \u00abCon mi historia del bullying mi familia se enter\u00f3 que al adulto que soy hoy todav\u00eda&hellip;\n","protected":false},"author":2,"featured_media":258424,"comment_status":"","ping_status":"","sticky":false,"template":"","format":"standard","meta":{"footnotes":""},"categories":[171],"tags":[146,147,25,24,23,214],"class_list":{"0":"post-258423","1":"post","2":"type-post","3":"status-publish","4":"format-standard","5":"has-post-thumbnail","7":"category-tv","8":"tag-entertainment","9":"tag-entretenimiento","10":"tag-es","11":"tag-espana","12":"tag-spain","13":"tag-tv"},"share_on_mastodon":{"url":"https:\/\/pubeurope.com\/@es\/115621559673200054","error":""},"_links":{"self":[{"href":"https:\/\/www.europesays.com\/es\/wp-json\/wp\/v2\/posts\/258423","targetHints":{"allow":["GET"]}}],"collection":[{"href":"https:\/\/www.europesays.com\/es\/wp-json\/wp\/v2\/posts"}],"about":[{"href":"https:\/\/www.europesays.com\/es\/wp-json\/wp\/v2\/types\/post"}],"author":[{"embeddable":true,"href":"https:\/\/www.europesays.com\/es\/wp-json\/wp\/v2\/users\/2"}],"replies":[{"embeddable":true,"href":"https:\/\/www.europesays.com\/es\/wp-json\/wp\/v2\/comments?post=258423"}],"version-history":[{"count":0,"href":"https:\/\/www.europesays.com\/es\/wp-json\/wp\/v2\/posts\/258423\/revisions"}],"wp:featuredmedia":[{"embeddable":true,"href":"https:\/\/www.europesays.com\/es\/wp-json\/wp\/v2\/media\/258424"}],"wp:attachment":[{"href":"https:\/\/www.europesays.com\/es\/wp-json\/wp\/v2\/media?parent=258423"}],"wp:term":[{"taxonomy":"category","embeddable":true,"href":"https:\/\/www.europesays.com\/es\/wp-json\/wp\/v2\/categories?post=258423"},{"taxonomy":"post_tag","embeddable":true,"href":"https:\/\/www.europesays.com\/es\/wp-json\/wp\/v2\/tags?post=258423"}],"curies":[{"name":"wp","href":"https:\/\/api.w.org\/{rel}","templated":true}]}}