{"id":258425,"date":"2025-11-27T12:02:09","date_gmt":"2025-11-27T12:02:09","guid":{"rendered":"https:\/\/www.europesays.com\/es\/258425\/"},"modified":"2025-11-27T12:02:09","modified_gmt":"2025-11-27T12:02:09","slug":"el-gran-wyoming-cita-a-raimon-en-los-premios-ondas-aunque-dice-que-es-de-alcoi","status":"publish","type":"post","link":"https:\/\/www.europesays.com\/es\/258425\/","title":{"rendered":"El Gran Wyoming cita a Raimon en los premios Ondas&#8230; aunque dice que es de Alcoi"},"content":{"rendered":"<p class=\"ft-text ft-helper-closenews\"><strong>Las letras de Raimon, hijo ilustre de X\u00e0tiva, siguen m\u00e1s que presentes en el imaginario colectivo<\/strong>. El cantautor setabense, que a\u00fan espera que empiece la construcci\u00f3n del centro cultural que lleva su nombre, fue ayer citado por el <strong>Gran Wyoming en los premios Ondas<\/strong>. Sin embargo, el popular presentador televisivo se equivoc\u00f3 de lugar de nacimiento: \u00abAprovecho que estoy en el Liceo para citar a un cantante de la zona, bueno es de Alcoi, pero da igual&#8230;\u00bb, expone el premiado antes de recitar parte de la letra de la canci\u00f3n \u00abDiguem no\u00bb, publicada por Raim\u00f3n en 1964.<\/p>\n<p class=\"ft-text ft-helper-align-center\">\u00abAra que som junts<\/p>\n<p class=\"ft-text ft-helper-align-center\">dir\u00e9 el que tu i jo sabem<\/p>\n<p class=\"ft-text ft-helper-align-center\">i que sovint oblidem:<\/p>\n<p class=\"ft-text ft-helper-align-center\">Hem vist la por<\/p>\n<p class=\"ft-text ft-helper-align-center\">ser llei per a tots.<\/p>\n<p class=\"ft-text ft-helper-align-center\">Hem vist la sang<\/p>\n<p class=\"ft-text ft-helper-align-center\">-que sols fa sang-<\/p>\n<p class=\"ft-text ft-helper-align-center\">ser llei del m\u00f3n.<\/p>\n<p class=\"ft-text ft-helper-align-center\">No,<\/p>\n<p class=\"ft-text ft-helper-align-center\">jo dic no,<\/p>\n<p class=\"ft-text ft-helper-align-center\">diguem no.<\/p>\n<p class=\"ft-text ft-helper-align-center\">Nosaltres no som d&#8217;eixe m\u00f3n.<\/p>\n<p class=\"ft-text ft-helper-align-center\">Hem vist la fam<\/p>\n<p class=\"ft-text ft-helper-align-center\">ser pa<\/p>\n<p class=\"ft-text ft-helper-align-center\">dels treballadors.<\/p>\n<p class=\"ft-text ft-helper-align-center\">Hem vist tancats<\/p>\n<p class=\"ft-text ft-helper-align-center\">a la pres\u00f3<\/p>\n<p class=\"ft-text ft-helper-align-center\">homes plens de ra\u00f3.<\/p>\n<p class=\"ft-text ft-helper-align-center\">No,<\/p>\n<p class=\"ft-text ft-helper-align-center\">jo dic no,<\/p>\n<p class=\"ft-text ft-helper-align-center\">diguem no.<\/p>\n<p class=\"ft-text ft-helper-align-center\">Nosaltres no som d&#8217;eixe m\u00f3n.<\/p>\n<p class=\"ft-text ft-helper-align-center\">No,<\/p>\n<p class=\"ft-text ft-helper-align-center\">diguem no.<\/p>\n<p class=\"ft-text ft-helper-align-center\">Nosaltres no som d&#8217;eixe m\u00f3n\u00bb<\/p>\n<p class=\"ft-text\">En su discurso, el Gran Wyoming hace referencia a diferentes noticias relacionadas con la actualidad, como la reciente sentencia de que condena al fiscal general del Estado o el discurso de un diputado del partido de extrema derecha Vox que amenaz\u00f3 con entrar con \u00abuna motosierra o un lanzallamas\u00bb en RTVE si alg\u00fan d\u00eda gobiernan el pa\u00eds: \u00abConcluyo con un ruego, por favor, luchad contra los enemigos de la libertad. Estuvieron, est\u00e1n y estar\u00e1n ah\u00ed&#8230;\u00bb para acabar citando la canci\u00f3n de Raim\u00f3n.<\/p>\n<p data-close=\"closedContent\" class=\"subscribeHideForDisplay\">Suscr\u00edbete para seguir leyendo<\/p>\n","protected":false},"excerpt":{"rendered":"Las letras de Raimon, hijo ilustre de X\u00e0tiva, siguen m\u00e1s que presentes en el imaginario colectivo. El cantautor&hellip;\n","protected":false},"author":2,"featured_media":258426,"comment_status":"","ping_status":"","sticky":false,"template":"","format":"standard","meta":{"footnotes":""},"categories":[170],"tags":[64769,7716,8590,146,147,25,24,3956,31491,184,185,532,56939,64768,23,8589,13290],"class_list":{"0":"post-258425","1":"post","2":"type-post","3":"status-publish","4":"format-standard","5":"has-post-thumbnail","7":"category-musica","8":"tag-alcoi","9":"tag-cita","10":"tag-costera","11":"tag-entertainment","12":"tag-entretenimiento","13":"tag-es","14":"tag-espana","15":"tag-gran","16":"tag-gran-wyoming","17":"tag-music","18":"tag-musica","19":"tag-premios","20":"tag-premios-ondas","21":"tag-raimon","22":"tag-spain","23":"tag-vall","24":"tag-wyoming"},"share_on_mastodon":{"url":"https:\/\/pubeurope.com\/@es\/115621563457284600","error":""},"_links":{"self":[{"href":"https:\/\/www.europesays.com\/es\/wp-json\/wp\/v2\/posts\/258425","targetHints":{"allow":["GET"]}}],"collection":[{"href":"https:\/\/www.europesays.com\/es\/wp-json\/wp\/v2\/posts"}],"about":[{"href":"https:\/\/www.europesays.com\/es\/wp-json\/wp\/v2\/types\/post"}],"author":[{"embeddable":true,"href":"https:\/\/www.europesays.com\/es\/wp-json\/wp\/v2\/users\/2"}],"replies":[{"embeddable":true,"href":"https:\/\/www.europesays.com\/es\/wp-json\/wp\/v2\/comments?post=258425"}],"version-history":[{"count":0,"href":"https:\/\/www.europesays.com\/es\/wp-json\/wp\/v2\/posts\/258425\/revisions"}],"wp:featuredmedia":[{"embeddable":true,"href":"https:\/\/www.europesays.com\/es\/wp-json\/wp\/v2\/media\/258426"}],"wp:attachment":[{"href":"https:\/\/www.europesays.com\/es\/wp-json\/wp\/v2\/media?parent=258425"}],"wp:term":[{"taxonomy":"category","embeddable":true,"href":"https:\/\/www.europesays.com\/es\/wp-json\/wp\/v2\/categories?post=258425"},{"taxonomy":"post_tag","embeddable":true,"href":"https:\/\/www.europesays.com\/es\/wp-json\/wp\/v2\/tags?post=258425"}],"curies":[{"name":"wp","href":"https:\/\/api.w.org\/{rel}","templated":true}]}}