{"id":258427,"date":"2025-11-27T12:03:14","date_gmt":"2025-11-27T12:03:14","guid":{"rendered":"https:\/\/www.europesays.com\/es\/258427\/"},"modified":"2025-11-27T12:03:14","modified_gmt":"2025-11-27T12:03:14","slug":"mikel-urdangarin-se-pasa-al-cine-con-el-documental-itsasora","status":"publish","type":"post","link":"https:\/\/www.europesays.com\/es\/258427\/","title":{"rendered":"Mikel Urdangarin se pasa al cine con el documental &#8216;Itsasora&#8217;"},"content":{"rendered":"<p>\n        De la m\u00fasica al cine. Del Casco Viejo de <a href=\"https:\/\/www.noticiasdealava.eus\/cultura\/\" title=\"Gasteiz\" class=\"link copy\" rel=\"nofollow noopener\" target=\"_blank\">Gasteiz<\/a> a las aguas del mar. <strong>Mikel Urdangarin estrena <\/strong><strong>Itsasora<\/strong><strong>, un largometraje documental producido \u00edntegramente en euskera e impulsado desde Amura Produkzioak, <\/strong>la firma audiovisual cofundada por el propio artista. El filme se podr\u00e1 ver por primera vez el pr\u00f3ximo 5 de diciembre en el marco del BBK Mendi Film Bilbao-Bizkaia.\n<\/p>\n<p class=\"article-body__text \">\n        \u00abEl mar no como un escenario, sino como un espejo. Esta es la premisa de Itsasora\u00bb, seg\u00fan explican desde la productora. Urdangarin asume la autor\u00eda total de la obra: firma el gui\u00f3n, ha dirigido la cinta y es el co-autor de la banda sonora original. <strong>\u00abLa m\u00fasica, creada ex profeso para el documental, no es un mero acompa\u00f1amiento, sino un elemento narrativo fundamental que dialoga con el silencio del mar y marca el pulso emocional de la traves\u00eda\u00bb<\/strong>.\n<\/p>\n<p>            <a href=\"https:\/\/www.noticiasdealava.eus\/cultura\/2025\/11\/27\/miriam-isasi-despliega-destilar-bosque-rodar-agallas-llodio-laudio-kulturlab-alava-araba-10401387.html\" title=\"Miriam Isasi despliega \u2018Destilar un bosque, rodar agallas\u2019 en Laudio\" class=\"new__media\" rel=\"nofollow noopener\" target=\"_blank\"><\/p>\n<p>                <img alt=\"Miriam Isasi despliega \u2018Destilar un bosque, rodar agallas\u2019 en Laudio\" data-src=\"https:\/\/www.europesays.com\/es\/wp-content\/uploads\/2025\/11\/dcde1464-67f0-4a27-a8ef-7b233629d8d2_16-9-aspect-ratio_default_0_x773y333.jpg\" class=\"lozad\"\/><\/p>\n<p>        <\/a><\/p>\n<p>        <a href=\"https:\/\/www.noticiasdealava.eus\/cultura\/2025\/11\/27\/miriam-isasi-despliega-destilar-bosque-rodar-agallas-llodio-laudio-kulturlab-alava-araba-10401387.html\" title=\"Miriam Isasi despliega \u2018Destilar un bosque, rodar agallas\u2019 en Laudio\" class=\"new__headline\" rel=\"nofollow noopener\" target=\"_blank\"><br \/>\n            Miriam Isasi despliega \u2018Destilar un bosque, rodar agallas\u2019 en Laudio<br \/>\n        <\/a><\/p>\n<p>  Unai Basurko<\/p>\n<p class=\"article-body__text \">\n        De esta forma, se crea un \u00abun viaje interior y un homenaje a Unai Basurko. La pel\u00edcula propone al p\u00fablico espectador embarcarse en el velero Aitzaki en una traves\u00eda compartida por Mikel Urdangarin y el navegante Unai Basurko.<strong> De hecho, <\/strong><strong>Itsasora <\/strong><strong>trasciende el g\u00e9nero documental para erigirse como un sincero reconocimiento a este referente de la navegaci\u00f3n vasca<\/strong>\u00ab, seg\u00fan la productora.\n<\/p>\n<p class=\"article-photo__footer\">\n            Una escena de &#8216;Itsasora&#8217;            Cedida        <\/p>\n<p class=\"article-body__text \">\n        La cinta pone en valor \u00absus hist\u00f3ricas haza\u00f1as oce\u00e1nicas, pero va un paso m\u00e1s all\u00e1 para reivindicar su figura desde una \u00f3ptica \u00edntima y personal. y esto no es m\u00e1s que el punto de partida, porque <strong>el filme nos invita a reflexionar sobre todo un universo que trasciende<\/strong>. A trav\u00e9s de la convivencia en alta mar, el documental dibuja el retrato humano de Basurko, revelando la sabidur\u00eda y la filosof\u00eda vital de quien ha hecho del oc\u00e9ano su hogar\u00bb.\n<\/p>\n<p>            <a href=\"https:\/\/www.noticiasdealava.eus\/cultura\/2025\/11\/26\/raisa-alava-colorea-artium-museo-vitoria-ilustracion-10399072.html\" title=\"Raisa \u00c1lava llena de color la nueva biblioteca infantil de Artium con &#039;Nomen Omen&#039;\" class=\"new__media\" rel=\"nofollow noopener\" target=\"_blank\"><\/p>\n<p>                <img alt=\"Raisa \u00c1lava llena de color la nueva biblioteca infantil de Artium con 'Nomen Omen'\" data-src=\"https:\/\/www.europesays.com\/es\/wp-content\/uploads\/2025\/11\/411a204e-0096-4af2-bf1b-8047a83a2800_16-9-aspect-ratio_default_0.jpg\" class=\"lozad\"\/><\/p>\n<p>        <\/a><\/p>\n<p>        <a href=\"https:\/\/www.noticiasdealava.eus\/cultura\/2025\/11\/26\/raisa-alava-colorea-artium-museo-vitoria-ilustracion-10399072.html\" title=\"Raisa \u00c1lava llena de color la nueva biblioteca infantil de Artium con &#039;Nomen Omen&#039;\" class=\"new__headline\" rel=\"nofollow noopener\" target=\"_blank\"><br \/>\n            Raisa \u00c1lava llena de color la nueva biblioteca infantil de Artium con &#8216;Nomen Omen&#8217;<br \/>\n        <\/a><\/p>\n<p>  El ser humano, hoy<\/p>\n<p class=\"article-body__text \">\n        A trav\u00e9s de la traves\u00eda de sus protagonistas, Mikel Urdangarin y Unai Basurko, a bordo del velero Aitzaki, <strong>el documental invita al p\u00fablico a cuestionar la desconexi\u00f3n de la sociedad moderna respecto a su modo de vida<\/strong>. \u00abLa narrativa se construye sobre una dicotom\u00eda poderosa: la vida en tierra firme -marcada por la prisa, el ego y las fronteras- frente a la vida en la mar, donde impera el respeto, la adaptaci\u00f3n y la humildad ante una naturaleza que nos desborda\u00bb, dicen desde Amura.\n<\/p>\n<p>            <a href=\"https:\/\/www.noticiasdealava.eus\/cultura\/2025\/11\/26\/muestra-fotografia-inclusion-llega-escuela-10399620.html\" title=\"La muestra \u2018Fotograf\u00eda para la Inclusi\u00f3n\u2019 llega a la Escuela de Artes y Oficios de la mano de Apdema\" class=\"new__media\" rel=\"nofollow noopener\" target=\"_blank\"><\/p>\n<p>                <img alt=\"La muestra \u2018Fotograf\u00eda para la Inclusi\u00f3n\u2019 llega a la Escuela de Artes y Oficios de la mano de Apdema\" data-src=\"https:\/\/www.europesays.com\/es\/wp-content\/uploads\/2025\/11\/71075a49-fa53-4ce6-94d7-a9804dea2225_16-9-aspect-ratio_default_0.jpg\" class=\"lozad\"\/><\/p>\n<p>        <\/a><\/p>\n<p>        <a href=\"https:\/\/www.noticiasdealava.eus\/cultura\/2025\/11\/26\/muestra-fotografia-inclusion-llega-escuela-10399620.html\" title=\"La muestra \u2018Fotograf\u00eda para la Inclusi\u00f3n\u2019 llega a la Escuela de Artes y Oficios de la mano de Apdema\" class=\"new__headline\" rel=\"nofollow noopener\" target=\"_blank\"><br \/>\n            La muestra \u2018Fotograf\u00eda para la Inclusi\u00f3n\u2019 llega a la Escuela de Artes y Oficios de la mano de Apdema<br \/>\n        <\/a><\/p>\n<p class=\"article-body__text \">\n        La productora est\u00e1 impulsada por <a href=\"https:\/\/mikelurdangarin.eus\/es\/\" title=\"Mikel Urdangarin\" rel=\"nofollow noopener\" target=\"_blank\" class=\"link copy\">Mikel Urdangarin<\/a> junto a Amaia Ocerin. <strong>Nace con la vocaci\u00f3n de crear contenidos cuidados, cercanos y con una fuerte identidad cultural, sirviendo de veh\u00edculo para narrativas que, como <\/strong><strong>Itsasora<\/strong><strong>, buscan emocionar y reflexionar sobre la condici\u00f3n humana<\/strong>. El estreno en el festival BBK Mendi Film Bilbao Bizkaia \u00absupone el escenario ideal para una obra que pone en valor el entorno natural\u00bb.<\/p>\n","protected":false},"excerpt":{"rendered":"De la m\u00fasica al cine. Del Casco Viejo de Gasteiz a las aguas del mar. Mikel Urdangarin estrena&hellip;\n","protected":false},"author":2,"featured_media":258428,"comment_status":"","ping_status":"","sticky":false,"template":"","format":"standard","meta":{"footnotes":""},"categories":[169],"tags":[177,6084,146,147,25,24,176,64770,5484,175,3954,23,13928],"class_list":{"0":"post-258427","1":"post","2":"type-post","3":"status-publish","4":"format-standard","5":"has-post-thumbnail","7":"category-cine","8":"tag-cine","9":"tag-documental","10":"tag-entertainment","11":"tag-entretenimiento","12":"tag-es","13":"tag-espana","14":"tag-film","15":"tag-itsasora","16":"tag-mikel","17":"tag-movies","18":"tag-pasa","19":"tag-spain","20":"tag-urdangarin"},"share_on_mastodon":{"url":"https:\/\/pubeurope.com\/@es\/115621567209538347","error":""},"_links":{"self":[{"href":"https:\/\/www.europesays.com\/es\/wp-json\/wp\/v2\/posts\/258427","targetHints":{"allow":["GET"]}}],"collection":[{"href":"https:\/\/www.europesays.com\/es\/wp-json\/wp\/v2\/posts"}],"about":[{"href":"https:\/\/www.europesays.com\/es\/wp-json\/wp\/v2\/types\/post"}],"author":[{"embeddable":true,"href":"https:\/\/www.europesays.com\/es\/wp-json\/wp\/v2\/users\/2"}],"replies":[{"embeddable":true,"href":"https:\/\/www.europesays.com\/es\/wp-json\/wp\/v2\/comments?post=258427"}],"version-history":[{"count":0,"href":"https:\/\/www.europesays.com\/es\/wp-json\/wp\/v2\/posts\/258427\/revisions"}],"wp:featuredmedia":[{"embeddable":true,"href":"https:\/\/www.europesays.com\/es\/wp-json\/wp\/v2\/media\/258428"}],"wp:attachment":[{"href":"https:\/\/www.europesays.com\/es\/wp-json\/wp\/v2\/media?parent=258427"}],"wp:term":[{"taxonomy":"category","embeddable":true,"href":"https:\/\/www.europesays.com\/es\/wp-json\/wp\/v2\/categories?post=258427"},{"taxonomy":"post_tag","embeddable":true,"href":"https:\/\/www.europesays.com\/es\/wp-json\/wp\/v2\/tags?post=258427"}],"curies":[{"name":"wp","href":"https:\/\/api.w.org\/{rel}","templated":true}]}}