{"id":258430,"date":"2025-11-27T12:05:10","date_gmt":"2025-11-27T12:05:10","guid":{"rendered":"https:\/\/www.europesays.com\/es\/258430\/"},"modified":"2025-11-27T12:05:10","modified_gmt":"2025-11-27T12:05:10","slug":"el-ayuntamiento-de-gelves-recuerda-las-medidas-preventivas-frente-al-virus-del-nilo","status":"publish","type":"post","link":"https:\/\/www.europesays.com\/es\/258430\/","title":{"rendered":"El Ayuntamiento de Gelves recuerda las medidas preventivas frente al Virus del Nilo"},"content":{"rendered":"<p class=\"detail-b\">El Consistorio continuar\u00e1 publicando estas recomendaciones mientras siga vigente el periodo de alerta preventiva decretado por la Junta.<\/p>\n<p><img loading=\"lazy\" decoding=\"async\" src=\"https:\/\/www.europesays.com\/es\/wp-content\/uploads\/2025\/11\/imagen-2-campana-mosquito-picaduras.jpeg\" width=\"1080\" height=\"1080\" alt=\"imagen 2&#xAA; campa&#xF1;a mosquito picaduras\" class=\"thumbnail size-50 img-responsive pull-right\"\/><\/p>\n<p>El Ayuntamiento de Gelves vuelve a informar a la ciudadan\u00eda sobre las <strong>medidas preventivas recomendadas para evitar la proliferaci\u00f3n de mosquitos<\/strong> en el municipio, en el marco del periodo de cuatro semanas de alerta declarado por la Junta de Andaluc\u00eda.<\/p>\n<p>Esta nueva comunicaci\u00f3n forma parte de las acciones continuadas que el Consistorio est\u00e1 llevando a cabo tras activarse el protocolo preventivo auton\u00f3mico, derivado de la detecci\u00f3n de un mosquito portador del Virus del Nilo Occidental en un municipio cercano. Aunque <strong>no existe riesgo para la poblaci\u00f3n<\/strong> y no se han registrado casos ni en personas ni en animales, el Ayuntamiento mantiene y refuerza su plan municipal de control y prevenci\u00f3n.<\/p>\n<p><strong>Medidas preventivas que se trasladan nuevamente a la poblaci\u00f3n<\/strong><\/p>\n<p>Para contribuir a minimizar la presencia del mosquito y evitar picaduras, se recuerda a los vecinos y vecinas la importancia de seguir estas recomendaciones b\u00e1sicas:<\/p>\n<ul>\n<li>Evitar acumulaciones de agua en macetas, cubos, fuentes, bebederos de mascotas u otros recipientes.<\/li>\n<li>Mantener limpios y vigilados patios y terrazas, revisando desag\u00fces y zonas donde pueda estancarse el agua.<\/li>\n<li>Instalar o revisar mosquiteras en puertas y ventanas.<\/li>\n<li>Utilizar repelentes autorizados cuando se permanezca al aire libre, especialmente en zonas con vegetaci\u00f3n.<\/li>\n<li>Reducir la exposici\u00f3n en exteriores durante el amanecer y el atardecer, momentos de mayor actividad del mosquito.<\/li>\n<\/ul>\n<p>\u00a0<\/p>\n<p><img loading=\"lazy\" decoding=\"async\" src=\"https:\/\/www.europesays.com\/es\/wp-content\/uploads\/2025\/11\/cartel-mosquito-mayo-2025.jpeg\" width=\"1131\" height=\"1600\" alt=\"cartel mosquito mayo 2025\" class=\"thumbnail size-50 img-responsive\"\/><\/p>\n<p><strong>Otras acciones municipales en marcha<\/strong><\/p>\n<p>El Ayuntamiento recuerda, adem\u00e1s, que contin\u00faa ejecutando las medidas de refuerzo acordadas, entre ellas:<\/p>\n<ul>\n<li>Control e inspecci\u00f3n intensificada de imbornales y aguas estancadas.<\/li>\n<li>Fumigaci\u00f3n programada de zonas verdes del municipio, con aviso previo a la poblaci\u00f3n.<\/li>\n<li>Actividades informativas dirigidas a asociaciones y colectivos locales.<\/li>\n<\/ul>\n<p>Estas publicaciones se <strong>seguir\u00e1n emitiendo peri\u00f3dicamente<\/strong> mientras dure la declaraci\u00f3n de alerta, con el objetivo de mantener a la poblaci\u00f3n informada y reforzar la prevenci\u00f3n colectiva.<\/p>\n<p>\u00a0<\/p>\n","protected":false},"excerpt":{"rendered":"El Consistorio continuar\u00e1 publicando estas recomendaciones mientras siga vigente el periodo de alerta preventiva decretado por la Junta.&hellip;\n","protected":false},"author":2,"featured_media":258431,"comment_status":"","ping_status":"","sticky":false,"template":"","format":"standard","meta":{"footnotes":""},"categories":[92],"tags":[25,24,165,166,23],"class_list":{"0":"post-258430","1":"post","2":"type-post","3":"status-publish","4":"format-standard","5":"has-post-thumbnail","7":"category-salud","8":"tag-es","9":"tag-espana","10":"tag-health","11":"tag-salud","12":"tag-spain"},"share_on_mastodon":{"url":"https:\/\/pubeurope.com\/@es\/115621575432531017","error":""},"_links":{"self":[{"href":"https:\/\/www.europesays.com\/es\/wp-json\/wp\/v2\/posts\/258430","targetHints":{"allow":["GET"]}}],"collection":[{"href":"https:\/\/www.europesays.com\/es\/wp-json\/wp\/v2\/posts"}],"about":[{"href":"https:\/\/www.europesays.com\/es\/wp-json\/wp\/v2\/types\/post"}],"author":[{"embeddable":true,"href":"https:\/\/www.europesays.com\/es\/wp-json\/wp\/v2\/users\/2"}],"replies":[{"embeddable":true,"href":"https:\/\/www.europesays.com\/es\/wp-json\/wp\/v2\/comments?post=258430"}],"version-history":[{"count":0,"href":"https:\/\/www.europesays.com\/es\/wp-json\/wp\/v2\/posts\/258430\/revisions"}],"wp:featuredmedia":[{"embeddable":true,"href":"https:\/\/www.europesays.com\/es\/wp-json\/wp\/v2\/media\/258431"}],"wp:attachment":[{"href":"https:\/\/www.europesays.com\/es\/wp-json\/wp\/v2\/media?parent=258430"}],"wp:term":[{"taxonomy":"category","embeddable":true,"href":"https:\/\/www.europesays.com\/es\/wp-json\/wp\/v2\/categories?post=258430"},{"taxonomy":"post_tag","embeddable":true,"href":"https:\/\/www.europesays.com\/es\/wp-json\/wp\/v2\/tags?post=258430"}],"curies":[{"name":"wp","href":"https:\/\/api.w.org\/{rel}","templated":true}]}}