{"id":258438,"date":"2025-11-27T12:09:09","date_gmt":"2025-11-27T12:09:09","guid":{"rendered":"https:\/\/www.europesays.com\/es\/258438\/"},"modified":"2025-11-27T12:09:09","modified_gmt":"2025-11-27T12:09:09","slug":"leon-xiv-llega-a-ankara","status":"publish","type":"post","link":"https:\/\/www.europesays.com\/es\/258438\/","title":{"rendered":"Le\u00f3n XIV llega a Ankara"},"content":{"rendered":"<p>El avi\u00f3n del papa Le\u00f3n XIV ha aterrizado este jueves en el <strong>aeropuerto internacional de Ankara<\/strong>, donde comienza el primer viaje de su papado, que lo va a llevar a <strong>Turqu\u00eda y L\u00edbano<\/strong> desde hoy hasta el 2 de diciembre.<\/p>\n<p>El avi\u00f3n papal de la compa\u00f1\u00eda italiana Ita Airways, en el que han viajado unos 70 periodistas de medios de todo el mundo, ha salido de Roma a las 7.58 hora local (6.58 GMT). A su llegada, el pont\u00edfice ha sido<strong> recibido con honores militares<\/strong> y por el ministro de Cultura y Turismo de Turqu\u00eda, Mehmet Nuri Ersoy. Tras la bienvenida oficial en el aeropuerto, el convoy del papa se ha trasladado bajo fuertes medidas de seguridad al <strong>Mausoleo de Mustafa \u00abKemal\u00bb Atat\u00fcrk<\/strong> (1881-1938) en Ankara, dedicado al fundador del Estado laico moderno de Turqu\u00eda. Debido a la visita al Mausoleo, las autoridades turcas impusieron extensivas medidas de seguridad hoy, con algunas calles cortadas al tr\u00e1fico en la capital turca desde las primeras horas de la ma\u00f1ana.<\/p>\n<p>M\u00e1s tarde tendr\u00e1 lugar una ceremonia de bienvenida en el palacio presidencial, y despu\u00e9s una reuni\u00f3n con el presidente turco, el islamista <strong>Recep Tayyip Erdogan<\/strong>. El papa, adem\u00e1s, se reunir\u00e1 tambi\u00e9n con autoridades, la sociedad civil y el cuerpo diplom\u00e1tico acreditado en Ankara, donde pronunciar\u00e1 su primer discurso. A \u00faltima hora de la tarde abandonar\u00e1 la capital turca para volar a Estambul, donde continuar\u00e1 su viaje hacia el<strong> L\u00edbano<\/strong>, su pr\u00f3xima parada. <\/p>\n<p>El motivo del viaje de Le\u00f3n XIV a Turqu\u00eda es acudir a Iznik, la antigua Nicea, para la celebraci\u00f3n de los 1.700 a\u00f1os del primer concilio de la cristiandad. El papa pronunciar\u00e1 en este primer viaje nueve discursos, cinco saludos y dos homil\u00edas, y hablar\u00e1 ingl\u00e9s en los actos y franc\u00e9s para las liturgias. <\/p>\n<p>El papa Le\u00f3n XIV se retira tras la misa del Jubileo de las Familias, los Ni\u00f1os, los Abuelos y los Ancianos en la Plaza de San Pedro del Vaticano, el 1 de junio de 2025\u00a0Maria Grazia Picciarella \/ Getty Images<\/p>\n<p>\u00abEsperanza\u00bb por su posible viaje a Espa\u00f1a<\/p>\n<p>Durante el vuelo de Roma a Ankara con la prensa, el papa Le\u00f3n XIV ha respondido a las preguntas de los<strong> periodistas espa\u00f1oles<\/strong>, quienes le han preguntado por su posible viaje a Espa\u00f1a y sobre el que ha dicho que hoy \u00abhay m\u00e1s que esperanza\u00bb.<\/p>\n<p>En su primer viaje internacional, Le\u00f3n XIV ha querido saludar, como hac\u00eda el papa Francisco, a los representantes de los cerca 80 medios que le acompa\u00f1ar\u00e1n, entre ellos EFE, y ha pasado media hora salud\u00e1ndoles, uno a uno, mostrando un gran sentido del humor y cordialidad.<\/p>\n<p>Los periodistas espa\u00f1oles le han recordado que tiene muchas invitaciones para ir a Espa\u00f1a, a lo que el pont\u00edfice ha contestado: \u00abInvitaciones no faltan\u00bb y \u00abvamos a ver las fechas\u00bb. Tambi\u00e9n ha explicado que hizo una vez un tramo del <strong>Camino de Santiago<\/strong>, pero sonriendo confes\u00f3 que \u00aben coche\u00bb. <\/p>\n<p>\u00bfTambi\u00e9n podr\u00eda hacerlo a caballo?, le han preguntado los reporteros bromeando sabiendo la pasi\u00f3n del papa Robert Prevost. \u00abEs verdad\u00bb, ha respondido el pont\u00edfice. que ha demostrado saber lidiar con la prensa.<\/p>\n<p>La periodista de la cadena COPE Eva Fern\u00e1ndez le ha entregado el <strong>escudo her\u00e1ldico<\/strong> de sus antepasados espa\u00f1oles por l\u00ednea materna en la que se confirma la ascendencia c\u00e1ntabra materna de Le\u00f3n XIV.<\/p>\n<p>La investigaci\u00f3n realizada por el Centro de Estudios Monta\u00f1eses ha confirmado que sus antepasados por ascendencia materna provienen concretamente de la localidad de Isla, perteneciente al ayuntamiento de<strong> Arnuero<\/strong>, en la regi\u00f3n de Cantabria.<\/p>\n<p>El papa ha recibido con ilusi\u00f3n el estudio her\u00e1ldico y record\u00f3 los antepasados de su madre. <\/p>\n","protected":false},"excerpt":{"rendered":"El avi\u00f3n del papa Le\u00f3n XIV ha aterrizado este jueves en el aeropuerto internacional de Ankara, donde comienza&hellip;\n","protected":false},"author":2,"featured_media":257174,"comment_status":"","ping_status":"","sticky":false,"template":"","format":"standard","meta":{"footnotes":""},"categories":[42],"tags":[17,18,13,14,11,61,62,63,64,19,20,9,10,15,16,12,21,22,65,66,67],"class_list":{"0":"post-258438","1":"post","2":"type-post","3":"status-publish","4":"format-standard","5":"has-post-thumbnail","7":"category-internacional","8":"tag-breaking-news","9":"tag-breakingnews","10":"tag-featured-news","11":"tag-featurednews","12":"tag-headlines","13":"tag-internacional","14":"tag-international","15":"tag-international-news","16":"tag-internationalnews","17":"tag-latest-news","18":"tag-latestnews","19":"tag-news","20":"tag-noticias","21":"tag-noticias-destacadas","22":"tag-noticiasdestacadas","23":"tag-titulares","24":"tag-ultimas-noticias","25":"tag-ultimasnoticias","26":"tag-world","27":"tag-world-news","28":"tag-worldnews"},"share_on_mastodon":{"url":"https:\/\/pubeurope.com\/@es\/115621590817829554","error":""},"_links":{"self":[{"href":"https:\/\/www.europesays.com\/es\/wp-json\/wp\/v2\/posts\/258438","targetHints":{"allow":["GET"]}}],"collection":[{"href":"https:\/\/www.europesays.com\/es\/wp-json\/wp\/v2\/posts"}],"about":[{"href":"https:\/\/www.europesays.com\/es\/wp-json\/wp\/v2\/types\/post"}],"author":[{"embeddable":true,"href":"https:\/\/www.europesays.com\/es\/wp-json\/wp\/v2\/users\/2"}],"replies":[{"embeddable":true,"href":"https:\/\/www.europesays.com\/es\/wp-json\/wp\/v2\/comments?post=258438"}],"version-history":[{"count":0,"href":"https:\/\/www.europesays.com\/es\/wp-json\/wp\/v2\/posts\/258438\/revisions"}],"wp:featuredmedia":[{"embeddable":true,"href":"https:\/\/www.europesays.com\/es\/wp-json\/wp\/v2\/media\/257174"}],"wp:attachment":[{"href":"https:\/\/www.europesays.com\/es\/wp-json\/wp\/v2\/media?parent=258438"}],"wp:term":[{"taxonomy":"category","embeddable":true,"href":"https:\/\/www.europesays.com\/es\/wp-json\/wp\/v2\/categories?post=258438"},{"taxonomy":"post_tag","embeddable":true,"href":"https:\/\/www.europesays.com\/es\/wp-json\/wp\/v2\/tags?post=258438"}],"curies":[{"name":"wp","href":"https:\/\/api.w.org\/{rel}","templated":true}]}}