{"id":258439,"date":"2025-11-27T12:10:12","date_gmt":"2025-11-27T12:10:12","guid":{"rendered":"https:\/\/www.europesays.com\/es\/258439\/"},"modified":"2025-11-27T12:10:12","modified_gmt":"2025-11-27T12:10:12","slug":"el-congreso-tumba-la-senda-de-estabilidad-del-gobierno-y-allana-el-no-a-los-presupuestos","status":"publish","type":"post","link":"https:\/\/www.europesays.com\/es\/258439\/","title":{"rendered":"El Congreso tumba la senda de estabilidad del Gobierno y allana el no a los presupuestos"},"content":{"rendered":"<p style=\"\">Los s\u00edntomas de agotamiento de la legislatura se agravan. Este jueves, mientras en el Tribunal Supremo se dirim\u00eda el futuro inmediato de Jos\u00e9 Luis \u00c1balos, con la sombra de la prisi\u00f3n provisional sobre su cabeza, el Congreso de los Diputados ha asestado un duro golpe  &#8230; al Gobierno al tumbar la senda de estabilidad propuesta por el Ministerio de Hacienda para los pr\u00f3ximos tres a\u00f1os. Los objetivos de d\u00e9ficit del Ejecutivo, paso previo a la tramitaci\u00f3n de los presupuestos generales del Estado (PGE), han sido rechazados con el voto en contra de PP, Vox, Junts y UPN y la abstenci\u00f3n de Podemos y la diputada de Comprom\u00eds en el Grupo Mixto, \u00c0gueda Mic\u00f3.<\/p>\n<p class=\"voc-p\" style=\"\">El varapalo se daba ya por descontado, tras la ruptura de Junts con el Gobierno en octubre, pero no por ello es menor. De hecho, lo peor para el Ejecutivo de PSOE y Sumar es la certidumbre, por m\u00e1s que la vicepresidenta y ministra de Hacienda, Mar\u00eda Jes\u00fas Montero, tratase de vender optimismo este jueves, de que las cuentas estatales para el a\u00f1o 2026 correr\u00e1n la misma suerte que la senda de estabilidad. Los objetivos de d\u00e9ficit se volver\u00e1n a votar dentro de un mes en la C\u00e1mara Baja, pero nada augura un cambio de rumbo. Tampoco para los presupuestos, que por tercer a\u00f1o consecutivo ni siquiera se han presentado pese a que lo mandata la Constituci\u00f3n.<\/p>\n<p class=\"voc-p\" style=\"\">Montero, en la defensa de su senda de estabilidad, ha pronunciado un discurso ajeno a la realidad, como si existiese la m\u00e1s m\u00ednima posibilidad de que este jueves su propuesta saliese victoriosa. Tras vender las bondades macroecon\u00f3micas ha defendido ese 0,1 por ciento de d\u00e9ficit que se planteaba para las comunidades aut\u00f3nomas porque, de aprobarse, se habr\u00eda traducido en 5.484 millones de euros que se habr\u00edan puesto a disposici\u00f3n de las regiones \u00aben detrimento\u00bb de la Administraci\u00f3n General del Estado. A pesar de que Junts apoy\u00f3 la investidura de Pedro S\u00e1nchez y de que hasta el mes pasado era catalogado como uno de sus socios, la pieza &#8216;sine qua non&#8217; de la legislatura, la n\u00famero dos del Gobierno dirig\u00eda sus s\u00faplicas a la bancada popular. Ni una sola palabra a los independentistas.<\/p>\n<p class=\"voc-p\" style=\"\">\u00abHay grupos que para provocar una derrota a este Gobierno votan que no tir\u00e1ndose piedras contra su propio tejado. El PP tendr\u00e1 que explicar por qu\u00e9 las comunidades aut\u00f3nomas donde gobierna piden m\u00e1s recursos y a la hora de la verdad votan que no a que tengan m\u00e1s gasto\u00bb, dec\u00eda la titular de Hacienda mirando a su derecha. El popular Juan Bravo ha acusado a la ministra de incumplir la regla de gasto del 2024, la obligaci\u00f3n de presentar un plan financiero y el compromiso de llevar uno presupuestario a la Uni\u00f3n Europea, y ha aseverado que la \u00fanica forma de pagar el gasto que propone el Ejecutivo \u2014eleva el techo de gasto, que no se vota, un 8,5 por ciento respecto al anterior\u2014 es \u00abcon m\u00e1s deuda y m\u00e1s impuestos\u00bb.<\/p>\n<p class=\"voc-p\" style=\"\">El secretario general del Grupo Parlamentario Vox, Jos\u00e9 Mar\u00eda Figaredo, ha elevado el tono y directamente ha acusado al Gobierno de pretender financiar desde el Estado a las comunidades aut\u00f3nomas con \u00abel dinero que les roban a los espa\u00f1oles de sus bolsillos\u00bb. Pero el no m\u00e1s doloroso, porque supone un jarro de agua fr\u00eda a las aspiraciones de la Moncloa, no es el de PP ni el de Vox ni el de UPN, todos ellos claramente enmarcados en la oposici\u00f3n. Josep Maria Cruset, de Junts, ha hecho a\u00f1icos las enso\u00f1aciones del Ejecutivo. Si mantiene la legislatura hasta el 2027, como a\u00fan defiende, ser\u00e1 sin presupuestos y sin aprobar grandes reformas.<\/p>\n<p class=\"voc-p\" style=\"\">\u00ab\u00bfC\u00f3mo piensa aprobar la senda de estabilidad si ha presentado exactamente la misma que le tumbamos el a\u00f1o pasado? \u00bfSabe la situaci\u00f3n de bloqueo en la que se encuentra su Gobierno?\u00bb, preguntaba el diputado independentista a la vicepresidenta primera. El a\u00f1o pasado, el Ejecutivo vio c\u00f3mo PP, Vox y Junts ya le tumbaban en julio los objetivos de d\u00e9ficit. En septiembre, antes de la segunda votaci\u00f3n, Hacienda los retir\u00f3 para evitarse un segundo tir\u00f3n de orejas. Pero ahora la estrategia ha cambiado y aunque iba a una derrota segura, ha persistido. <\/p>\n<p class=\"voc-p\" style=\"\">\u00abM\u00e1s all\u00e1 de su realidad paralela, en la que todo es bonito, de color rosa y tienen mayor\u00eda parlamentaria, existe la realidad\u00bb, se quejaba Cruset, quien ha concluido con una retah\u00edla de ataques a la ministra: \u00abUsted no quiere aprobar los presupuestos, lo que quiere es que el PP le tumbe los presupuestos para poder hacer campa\u00f1a en Andaluc\u00eda. Todo el mundo ha visto que su soberbia pol\u00edtica ha bloqueado la legislatura. Hoy todo el mundo va a ver c\u00f3mo su soberbia pol\u00edtica va a dejar a su pa\u00eds sin presupuestos un a\u00f1o m\u00e1s\u00bb.<\/p>\n<p class=\"voc-p\" style=\"\">Para m\u00e1s inri, ni siquiera la abstenci\u00f3n de la derecha separatista catalana habr\u00eda salvado esta vez la senda de estabilidad porque \u00c1balos, que declaraba a la misma hora en el Supremo por su implicaci\u00f3n en el caso Koldo, no ha votado. Tampoco lo han hecho el presidente del Gobierno, Pedro S\u00e1nchez, ni la diputada de Sumar Aina Vidal, pero es que adem\u00e1s han optado por la abstenci\u00f3n tanto Podemos como la parlamentaria de Comprom\u00eds en el Grupo Mixto, \u00c0gueda Mic\u00f3.<\/p>\n<p class=\"voc-p\" style=\"\">La secretaria general de Podemos, Ione Belarra, ha lamentado que se deba votar la senda de estabilidad desde que PP y PSOE reformaron juntos en 2011 el art\u00edculo 135 de la Constituci\u00f3n y ha dicho que su grupo no pod\u00eda aceptar los objetivos presentados por insuficientes: \u00abDa la impresi\u00f3n de que estos presupuestos no son otra cosa que la campa\u00f1a electoral del PSOE. Vienen desganados y sin negociar nada\u00bb. Mic\u00f3, por su parte, ha justificado su abstenci\u00f3n en que no se valora la \u00abinfrafinanciaci\u00f3n\u00bb de la Comunidad Valenciana a la hora de establecer los objetivos de d\u00e9ficit y deuda p\u00fablica.<\/p>\n<p class=\"voc-p\" style=\"\">En la carrera de obst\u00e1culos hacia los presupuestos, que promete acabar en un estrepitoso fracaso, el Gobierno se ha encontrado tambi\u00e9n con cr\u00edticas incluso de varios grupos que han arropado la senda de estabilidad del 2026 al 2028. Teresa Jord\u00e0, de ERC, ha pedido m\u00e1s herramientas para Catalu\u00f1a y ha criticado el aumento del gasto militar en el \u00faltimo a\u00f1o; Idoia Sagastizabal, del PNV, ha abogado por una reforma de la Ley de Estabilidad Presupuestaria y Sostenibilidad Financiera y ha pedido que los objetivos sean asim\u00e9tricos en funci\u00f3n de la situaci\u00f3n de cada comunidad aut\u00f3noma; y tanto N\u00e9stor Rego como Cristina Valido, de BNG y Coalici\u00f3n Canaria, han dicho que la propuesta es mejorable, pero que la apoyaban para favorecer la negociaci\u00f3n presupuestaria y no contribuir a la \u00abpar\u00e1lisis\u00bb.<\/p>\n<p class=\"voc-p\" style=\"\">(INFORMACI\u00d3N EN ELABORACI\u00d3N)<\/p>\n","protected":false},"excerpt":{"rendered":"Los s\u00edntomas de agotamiento de la legislatura se agravan. Este jueves, mientras en el Tribunal Supremo se dirim\u00eda&hellip;\n","protected":false},"author":2,"featured_media":258440,"comment_status":"","ping_status":"","sticky":false,"template":"","format":"standard","meta":{"footnotes":""},"categories":[8],"tags":[41909,17,18,11866,25,24,13680,13,14,582,11,19,20,9,10,15,16,4111,52832,23,12,18158,21,22],"class_list":{"0":"post-258439","1":"post","2":"type-post","3":"status-publish","4":"format-standard","5":"has-post-thumbnail","7":"category-espana","8":"tag-allana","9":"tag-breaking-news","10":"tag-breakingnews","11":"tag-congreso","12":"tag-es","13":"tag-espana","14":"tag-estabilidad","15":"tag-featured-news","16":"tag-featurednews","17":"tag-gobierno","18":"tag-headlines","19":"tag-latest-news","20":"tag-latestnews","21":"tag-news","22":"tag-noticias","23":"tag-noticias-destacadas","24":"tag-noticiasdestacadas","25":"tag-presupuestos","26":"tag-senda","27":"tag-spain","28":"tag-titulares","29":"tag-tumba","30":"tag-ultimas-noticias","31":"tag-ultimasnoticias"},"share_on_mastodon":{"url":"https:\/\/pubeurope.com\/@es\/115621594712281516","error":""},"_links":{"self":[{"href":"https:\/\/www.europesays.com\/es\/wp-json\/wp\/v2\/posts\/258439","targetHints":{"allow":["GET"]}}],"collection":[{"href":"https:\/\/www.europesays.com\/es\/wp-json\/wp\/v2\/posts"}],"about":[{"href":"https:\/\/www.europesays.com\/es\/wp-json\/wp\/v2\/types\/post"}],"author":[{"embeddable":true,"href":"https:\/\/www.europesays.com\/es\/wp-json\/wp\/v2\/users\/2"}],"replies":[{"embeddable":true,"href":"https:\/\/www.europesays.com\/es\/wp-json\/wp\/v2\/comments?post=258439"}],"version-history":[{"count":0,"href":"https:\/\/www.europesays.com\/es\/wp-json\/wp\/v2\/posts\/258439\/revisions"}],"wp:featuredmedia":[{"embeddable":true,"href":"https:\/\/www.europesays.com\/es\/wp-json\/wp\/v2\/media\/258440"}],"wp:attachment":[{"href":"https:\/\/www.europesays.com\/es\/wp-json\/wp\/v2\/media?parent=258439"}],"wp:term":[{"taxonomy":"category","embeddable":true,"href":"https:\/\/www.europesays.com\/es\/wp-json\/wp\/v2\/categories?post=258439"},{"taxonomy":"post_tag","embeddable":true,"href":"https:\/\/www.europesays.com\/es\/wp-json\/wp\/v2\/tags?post=258439"}],"curies":[{"name":"wp","href":"https:\/\/api.w.org\/{rel}","templated":true}]}}