{"id":258470,"date":"2025-11-27T12:33:12","date_gmt":"2025-11-27T12:33:12","guid":{"rendered":"https:\/\/www.europesays.com\/es\/258470\/"},"modified":"2025-11-27T12:33:12","modified_gmt":"2025-11-27T12:33:12","slug":"monologo-de-alsina-unos-salivan-y-otros-silban-abalos-se-revuelve-monologo-de-alsina-mas-de-uno","status":"publish","type":"post","link":"https:\/\/www.europesays.com\/es\/258470\/","title":{"rendered":"Mon\u00f3logo de Alsina: \u00abUnos salivan y otros, silban. \u00c1balos se revuelve\u00bb &#8211; Mon\u00f3logo de Alsina &#8211; M\u00e1s de uno"},"content":{"rendered":"<p class=\"article-preTitle\"> 12:21 MIN<\/p>\n<p><img loading=\"lazy\" decoding=\"async\" title=\"Plantilla mon\u00f3logo de Alsina, en M\u00e1s de uno\" alt=\"Mon\u00f3logo de Alsina, en M\u00e1s de uno\" width=\"480\" height=\"270\" src=\"https:\/\/www.europesays.com\/es\/wp-content\/uploads\/2025\/11\/monologo-alsina-mas-uno_70.jpg\"\/> Mon\u00f3logo de Alsina: \u00abUnos salivan y otros, silban. \u00c1balos se revuelve\u00bb <\/p>\n<p class=\"description\"><a href=\"https:\/\/www.ondacero.es\/podcast\/programas\/mas-de-uno\/monologo-alsina\/monologo-alsina-salivan-otros-silban-abalos-revuelve_2025112769280135f2d33700070a40bc.html\" class=\"link link--description\" title=\"Ir al detalle de audio\" rel=\"nofollow noopener\" target=\"_blank\">Mon\u00f3logo de Alsina<\/a><\/p>\n<p>Mon\u00f3logo de Alsina: \u00abUnos salivan y otros, silban. \u00c1balos se revuelve\u00bb<\/p>\n<p class=\"article-subtitle\">El director de M\u00e1s de uno ha realizado un repaso de las \u00faltimas confesiones del exministro de Fomento y su exasesor, Koldo Garc\u00eda, en las que tratan de se\u00f1alar al Gobierno. <\/p>\n<p class=\"article-text\">Si desea leer el art\u00edculo completo del Mon\u00f3logo, puede hacerlo en este enlace.<\/p>\n","protected":false},"excerpt":{"rendered":"12:21 MIN Mon\u00f3logo de Alsina: \u00abUnos salivan y otros, silban. \u00c1balos se revuelve\u00bb Mon\u00f3logo de Alsina Mon\u00f3logo de&hellip;\n","protected":false},"author":2,"featured_media":258471,"comment_status":"","ping_status":"","sticky":false,"template":"","format":"standard","meta":{"footnotes":""},"categories":[8],"tags":[17,18,25,24,13,14,11,19,20,9,10,15,16,23,12,21,22],"class_list":{"0":"post-258470","1":"post","2":"type-post","3":"status-publish","4":"format-standard","5":"has-post-thumbnail","7":"category-espana","8":"tag-breaking-news","9":"tag-breakingnews","10":"tag-es","11":"tag-espana","12":"tag-featured-news","13":"tag-featurednews","14":"tag-headlines","15":"tag-latest-news","16":"tag-latestnews","17":"tag-news","18":"tag-noticias","19":"tag-noticias-destacadas","20":"tag-noticiasdestacadas","21":"tag-spain","22":"tag-titulares","23":"tag-ultimas-noticias","24":"tag-ultimasnoticias"},"share_on_mastodon":{"url":"https:\/\/pubeurope.com\/@es\/115621685409833678","error":""},"_links":{"self":[{"href":"https:\/\/www.europesays.com\/es\/wp-json\/wp\/v2\/posts\/258470","targetHints":{"allow":["GET"]}}],"collection":[{"href":"https:\/\/www.europesays.com\/es\/wp-json\/wp\/v2\/posts"}],"about":[{"href":"https:\/\/www.europesays.com\/es\/wp-json\/wp\/v2\/types\/post"}],"author":[{"embeddable":true,"href":"https:\/\/www.europesays.com\/es\/wp-json\/wp\/v2\/users\/2"}],"replies":[{"embeddable":true,"href":"https:\/\/www.europesays.com\/es\/wp-json\/wp\/v2\/comments?post=258470"}],"version-history":[{"count":0,"href":"https:\/\/www.europesays.com\/es\/wp-json\/wp\/v2\/posts\/258470\/revisions"}],"wp:featuredmedia":[{"embeddable":true,"href":"https:\/\/www.europesays.com\/es\/wp-json\/wp\/v2\/media\/258471"}],"wp:attachment":[{"href":"https:\/\/www.europesays.com\/es\/wp-json\/wp\/v2\/media?parent=258470"}],"wp:term":[{"taxonomy":"category","embeddable":true,"href":"https:\/\/www.europesays.com\/es\/wp-json\/wp\/v2\/categories?post=258470"},{"taxonomy":"post_tag","embeddable":true,"href":"https:\/\/www.europesays.com\/es\/wp-json\/wp\/v2\/tags?post=258470"}],"curies":[{"name":"wp","href":"https:\/\/api.w.org\/{rel}","templated":true}]}}