{"id":258493,"date":"2025-11-27T12:51:15","date_gmt":"2025-11-27T12:51:15","guid":{"rendered":"https:\/\/www.europesays.com\/es\/258493\/"},"modified":"2025-11-27T12:51:15","modified_gmt":"2025-11-27T12:51:15","slug":"un-analisis-de-sangre-podria-permitir-la-deteccion-ultra-temprana-del-alzheimer","status":"publish","type":"post","link":"https:\/\/www.europesays.com\/es\/258493\/","title":{"rendered":"Un an\u00e1lisis de sangre podr\u00eda permitir la detecci\u00f3n ultra-temprana del alzh\u00e9imer"},"content":{"rendered":"<p>Investigadores de la Facultad de Medicina de la Universidad de M\u00e1laga y del Instituto de Investigaci\u00f3n Biom\u00e9dica de M\u00e1laga y Plataforma en Nanomedicina (IBIMA Plataforma BIONAND) han dado un paso m\u00e1s en la lucha contra el alzh\u00e9imer, al identificar nuevos marcadores en la sangre que reflejan el estado del hipocampo -una zona clave del cerebro para la memoria- incluso antes de que se manifiesten los primeros s\u00edntomas de la enfermedad.<\/p>\n<p>Estos resultados, que han sido publicados por la revista cient\u00edfica\u00a0<a href=\"https:\/\/www.sciencedirect.com\/science\/article\/pii\/S0753332225005268\" rel=\"nofollow noopener\" target=\"_blank\">Biomedicine &amp; Pharmacotherapy<\/a>, \u201cson muy alentadores\u201d, tal y como se\u00f1ala el equipo cient\u00edfico, que subraya que el siguiente paso ser\u00e1 validar estos hallazgos en estudios con personas, para confirmar su utilidad cl\u00ednica y complementarlos con otras t\u00e9cnicas.<\/p>\n<p>El alzh\u00e9imer es una patolog\u00eda neurodegenerativa que afecta gravemente a la memoria y otras funciones mentales. A medida que avanza, se produce una p\u00e9rdida progresiva de neuronas. \u201cDetectarla a tiempo es crucial para poder aplicar tratamientos que puedan retrasar o frenar su evoluci\u00f3n. Sin embargo, las pruebas actuales, como el an\u00e1lisis del l\u00edquido cefalorraqu\u00eddeo o las t\u00e9cnicas de imagen cerebral (como el PET), son invasivas, caras o poco accesibles, y adem\u00e1s detectan la enfermedad cuando ya est\u00e1 bastante avanzada\u201d, aseguran.<\/p>\n<p>Este trabajo, precisamente, ofrece una alternativa innovadora: una forma sencilla y no invasiva de detectar los primeros cambios que se producen en el cerebro antes de que la persona comience a notar problemas de memoria u otros s\u00edntomas.<\/p>\n<p>El equipo liderado por los profesores de la Facultad de Medicina Manuel Narv\u00e1ez y Pedro Serrano Castro, y la doctoranda tambi\u00e9n de este centro de la UMA Isabel Moreno-Madrid, ha descubierto que ciertos \u2018complejos moleculares\u2019 presentes en el hipocampo tambi\u00e9n pueden identificarse en las c\u00e9lulas blancas de la sangre. Estos complejos est\u00e1n formados por prote\u00ednas receptoras que est\u00e1n relacionadas con procesos clave para la salud cerebral, como la formaci\u00f3n de nuevas neuronas y la adaptaci\u00f3n del cerebro al aprendizaje.<\/p>\n<p>Para comprobarlo, los investigadores de la UMA utilizaron dos modelos experimentales en modelos animales que reproducen distintas fases del Alzheimer:<\/p>\n<ul type=\"disc\">\n<li>En el primer modelo, simularon una fase temprana de la enfermedad, parecida a la del deterioro cognitivo leve. Aunque los animales a\u00fan conservaban la memoria, ya se observaban cambios en los niveles de estos complejos tanto en el cerebro como en la sangre.<\/li>\n<li>En el segundo modelo, representaban una fase m\u00e1s avanzada, con p\u00e9rdida de memoria y menor capacidad de generar nuevas neuronas. Tambi\u00e9n en este caso, los niveles de los complejos disminu\u00edan de forma paralela en el hipocampo y en la sangre.<\/li>\n<\/ul>\n","protected":false},"excerpt":{"rendered":"Investigadores de la Facultad de Medicina de la Universidad de M\u00e1laga y del Instituto de Investigaci\u00f3n Biom\u00e9dica de&hellip;\n","protected":false},"author":2,"featured_media":258494,"comment_status":"","ping_status":"","sticky":false,"template":"","format":"standard","meta":{"footnotes":""},"categories":[92],"tags":[25,24,165,166,23],"class_list":{"0":"post-258493","1":"post","2":"type-post","3":"status-publish","4":"format-standard","5":"has-post-thumbnail","7":"category-salud","8":"tag-es","9":"tag-espana","10":"tag-health","11":"tag-salud","12":"tag-spain"},"share_on_mastodon":{"url":"https:\/\/pubeurope.com\/@es\/115621756016468168","error":""},"_links":{"self":[{"href":"https:\/\/www.europesays.com\/es\/wp-json\/wp\/v2\/posts\/258493","targetHints":{"allow":["GET"]}}],"collection":[{"href":"https:\/\/www.europesays.com\/es\/wp-json\/wp\/v2\/posts"}],"about":[{"href":"https:\/\/www.europesays.com\/es\/wp-json\/wp\/v2\/types\/post"}],"author":[{"embeddable":true,"href":"https:\/\/www.europesays.com\/es\/wp-json\/wp\/v2\/users\/2"}],"replies":[{"embeddable":true,"href":"https:\/\/www.europesays.com\/es\/wp-json\/wp\/v2\/comments?post=258493"}],"version-history":[{"count":0,"href":"https:\/\/www.europesays.com\/es\/wp-json\/wp\/v2\/posts\/258493\/revisions"}],"wp:featuredmedia":[{"embeddable":true,"href":"https:\/\/www.europesays.com\/es\/wp-json\/wp\/v2\/media\/258494"}],"wp:attachment":[{"href":"https:\/\/www.europesays.com\/es\/wp-json\/wp\/v2\/media?parent=258493"}],"wp:term":[{"taxonomy":"category","embeddable":true,"href":"https:\/\/www.europesays.com\/es\/wp-json\/wp\/v2\/categories?post=258493"},{"taxonomy":"post_tag","embeddable":true,"href":"https:\/\/www.europesays.com\/es\/wp-json\/wp\/v2\/tags?post=258493"}],"curies":[{"name":"wp","href":"https:\/\/api.w.org\/{rel}","templated":true}]}}