{"id":258514,"date":"2025-11-27T13:06:10","date_gmt":"2025-11-27T13:06:10","guid":{"rendered":"https:\/\/www.europesays.com\/es\/258514\/"},"modified":"2025-11-27T13:06:10","modified_gmt":"2025-11-27T13:06:10","slug":"ninos-de-12-anos-de-un-equipo-de-futbol-cantabro-mandan-a-fregar-a-sus-rivales-femeninas-tras-golearlas-en-un-partido","status":"publish","type":"post","link":"https:\/\/www.europesays.com\/es\/258514\/","title":{"rendered":"Ni\u00f1os de 12 a\u00f1os de un equipo de f\u00fatbol c\u00e1ntabro mandan \u00aba fregar\u00bb a sus rivales femeninas tras golearlas en un partido"},"content":{"rendered":"<p class=\"article-text\">\n        La Asociaci\u00f3n Espa\u00f1ola para la Paridad y la Igualdad en el Deporte (ASESPAI) ha denunciado a trav\u00e9s de sus redes sociales que unos ni\u00f1os de 12 a\u00f1os, jugadores de Tercera infantil del Velarde F.C. de Muriedas (Cantabria) han mandado \u201ca fregar\u201d a sus rivales femeninas del equipo de Monte Soccer F\u00e9minas despu\u00e9s de meterles 8 goles en el partido que jugaron el s\u00e1bado 22 de noviembre.\n    <\/p>\n<p class=\"article-text\">\n        En el contenido difundido en las redes personales de alg\u00fan jugador se difunde una foto en el vestuario de los nueve integrantes del equipo de f\u00fatbol con la equipaci\u00f3n del Velarde tras el final del encuentro, que se jug\u00f3 en el campo del Monte en Santander. La imagen incluye el resultado 0-8 y un hashtag: #afregar exaltando la victoria del equipo masculino.\n    <\/p>\n<blockquote class=\"instagram-media\" data-instgrm-version=\"14\" data-instgrm-permalink=\"https:\/\/www.instagram.com\/p\/DRZqYhyCmjx\/\" data-instgrm-captioned=\"\"\/>\n<p class=\"article-text\">\n        Los denunciantes de la imagen explican, tambi\u00e9n a trav\u00e9s de su red social de Instagram, que en Cantabria los equipos de ni\u00f1as juegan contra los ni\u00f1os en estas categor\u00edas. \u201cLos chicos no solo no respetaron al rival al margen de su seco, algo de por s\u00ed reprobable\u201d -critica p\u00fablicamente la asociaci\u00f3n- \u201clo m\u00e1s grave es que las denostaron, vejaron y humillaron mand\u00e1ndolas a fregar\u201d.\n    <\/p>\n<p class=\"article-text\">\n        Al hilo de esta circunstancia, desde ASESPAI se preguntan qui\u00e9n tiene la culpa de que ese comentario \u201csiga impune\u201d, si el Club, las familias, los educadores \u201co la herencia cultural y la sociedad en su conjunto\u201d. \u201cno somos jueces, ni pretendemos serlos\u201d, advierte el mensaje al tiempo que espera que sea un hecho \u201cpuntual\u201d.\n    <\/p>\n<p class=\"article-text\">\n        Por \u00faltimo, explican que por su parte lo han puesto en conocimiento p\u00fablico \u201ccon la esperanza de que cada uno asuma su parte de responsabilidad\u201d.\n    <\/p>\n<p class=\"article-text\">\n        Por su parte, tras conocer el asunto, la directiva del Velarde Club de F\u00fatbol ha asegurado a este peri\u00f3dico que ha reaccionado con rapidez activando el protocolo interno. As\u00ed, las consecuencias disciplinarias que puede tener una conducta de este tipo suelen derivar en sanciones como dejar en el banquillo al jugador durante algunos partidos. El Club, en el que actualmente juegan 470 ni\u00f1os, va a llevar todo el proceso internamente sin publicidad alguna dado que el caso afecta a un menor de edad.\n    <\/p>\n<p>    <a href=\"https:\/\/www.eldiario.es\/cantabria\/blogs\/mujeres-en-el-deporte\/\" data-mrf-recirculation=\"saber-mas-abajo\" data-dl-event=\"saber-mas-abajo\" rel=\"nofollow noopener\" target=\"_blank\"><\/p>\n<p class=\"know-more__title\">La jornada &#8216;Mujeres en el Deporte&#8217; re\u00fane a la \u00e9lite del deporte femenino en Cantabria<\/p>\n<p>            <\/a><\/p>\n<p class=\"article-text\">\n        En paralelo, se est\u00e1 preparando una charla informativa dirigida a todos los futbolistas del Club -con asistencia obligatoria- sobre igualdad y respeto en el deporte y el impacto de las redes sociales \u201cpara un uso responsable y consciente en una etapa clave de crecimiento\u201d, explican.\n    <\/p>\n<blockquote class=\"instagram-media\" data-instgrm-version=\"14\" data-instgrm-permalink=\"https:\/\/www.instagram.com\/p\/DRdJQMmAhwL\/\" data-instgrm-captioned=\"\"\/>\n<p>                                    <script async src=\"\/\/www.instagram.com\/embed.js\"><\/script><\/p>\n","protected":false},"excerpt":{"rendered":"La Asociaci\u00f3n Espa\u00f1ola para la Paridad y la Igualdad en el Deporte (ASESPAI) ha denunciado a trav\u00e9s de&hellip;\n","protected":false},"author":2,"featured_media":258515,"comment_status":"","ping_status":"","sticky":false,"template":"","format":"standard","meta":{"footnotes":""},"categories":[268],"tags":[517,2771,168,25,24,280,282,952,964,281,492,23,167],"class_list":{"0":"post-258514","1":"post","2":"type-post","3":"status-publish","4":"format-standard","5":"has-post-thumbnail","7":"category-futbol","8":"tag-actualidad","9":"tag-cantabria","10":"tag-deportes","11":"tag-es","12":"tag-espana","13":"tag-football","14":"tag-futbol","15":"tag-politica","16":"tag-santander","17":"tag-soccer","18":"tag-sociedad","19":"tag-spain","20":"tag-sports"},"share_on_mastodon":{"url":"https:\/\/pubeurope.com\/@es\/115621814885311436","error":""},"_links":{"self":[{"href":"https:\/\/www.europesays.com\/es\/wp-json\/wp\/v2\/posts\/258514","targetHints":{"allow":["GET"]}}],"collection":[{"href":"https:\/\/www.europesays.com\/es\/wp-json\/wp\/v2\/posts"}],"about":[{"href":"https:\/\/www.europesays.com\/es\/wp-json\/wp\/v2\/types\/post"}],"author":[{"embeddable":true,"href":"https:\/\/www.europesays.com\/es\/wp-json\/wp\/v2\/users\/2"}],"replies":[{"embeddable":true,"href":"https:\/\/www.europesays.com\/es\/wp-json\/wp\/v2\/comments?post=258514"}],"version-history":[{"count":0,"href":"https:\/\/www.europesays.com\/es\/wp-json\/wp\/v2\/posts\/258514\/revisions"}],"wp:featuredmedia":[{"embeddable":true,"href":"https:\/\/www.europesays.com\/es\/wp-json\/wp\/v2\/media\/258515"}],"wp:attachment":[{"href":"https:\/\/www.europesays.com\/es\/wp-json\/wp\/v2\/media?parent=258514"}],"wp:term":[{"taxonomy":"category","embeddable":true,"href":"https:\/\/www.europesays.com\/es\/wp-json\/wp\/v2\/categories?post=258514"},{"taxonomy":"post_tag","embeddable":true,"href":"https:\/\/www.europesays.com\/es\/wp-json\/wp\/v2\/tags?post=258514"}],"curies":[{"name":"wp","href":"https:\/\/api.w.org\/{rel}","templated":true}]}}