{"id":258542,"date":"2025-11-27T13:25:13","date_gmt":"2025-11-27T13:25:13","guid":{"rendered":"https:\/\/www.europesays.com\/es\/258542\/"},"modified":"2025-11-27T13:25:13","modified_gmt":"2025-11-27T13:25:13","slug":"challenger-de-temuco-juan-manuel-cerundolo-y-facundo-diaz-acosta-cumplieron-con-la-logica-y-lucio-ratti-dio-la-gran-sorpresa-infobae","status":"publish","type":"post","link":"https:\/\/www.europesays.com\/es\/258542\/","title":{"rendered":"Challenger de Temuco: Juan Manuel Cer\u00fandolo y Facundo D\u00edaz Acosta cumplieron con la l\u00f3gica y Lucio Ratti dio la gran sorpresa &#8211; Infobae"},"content":{"rendered":"<ol>\n<li><a href=\"https:\/\/news.google.com\/rss\/articles\/CBMi_gFBVV95cUxQblZyLTZPM2NFMkpacDAycVVQWF92SmxZVmNhZmlWV0tPQ0RzNDVFbVY3TUkydkdGd0F5WnYyTHFRSTF0ZEhTNXNqM19aR2Y2RlFIdGxrRHIxbGNRV1RKT3A0MjJQVHRaQV8tSmk5UldQSUhQX2U5bWxVLWFXemY3UzVrdFZIQXExc2tPUnl2SFJKLU50QXlMY2c4UzNvRERmTk1LSjE2LW5td3dOVVNjVmpZZ2tLeGJ4cUc2LVpUNDQxRnV4NFJQWURWWGlSNXJmRzRlcFkyT241c1ZUS29MLXpRNU1RLW9WTEFGRFdiR1dTV2hLTm9McVY2blJSUdIBmAJBVV95cUxOWklEU0JXY0NFWVFSUExmWXFtOFdMY3lmanZHcmVKVnE2alNJZ1pOYmJCYkxJWUE2YTl1SXVjNWNkZlBfNlBITk9MMkxNQ2tYcUlaLWE3cXhpTDNmc3RKLWhVOXJzR2FfdDctWExXdlZIZnJZZ2FVNWtpU1hERE5nODJEanF1OG9jMjBJMkdNeGhzaHZSa1JPRGhhZXc1eEt6dWFJLTljd1dLc0tONXhFU1B5R1JYWDlCZkU2V1lacWdTMENhQkJ3MjQ2VDNCRlFTY3QyMlFCLXg5NnAxRDJHLW02dlJKbmhaZnBHdlFMdktDYktOVW9nY29wR2xlV3g3LTVOdGRDMDZ3RTJINy14MnVtQk9zQ3E1?oc=5\" target=\"_blank\" rel=\"nofollow noopener\">Challenger de Temuco: Juan Manuel Cer\u00fandolo y Facundo D\u00edaz Acosta cumplieron con la l\u00f3gica y Lucio Ratti dio la gran sorpresa<\/a>&nbsp;&nbsp;Infobae<\/li>\n<li><a href=\"https:\/\/news.google.com\/rss\/articles\/CBMilwFBVV95cUxPcmRCM3hwb2dMNnMyYWpmR1h0cTdzdTdrQkNVVlVLdU9ncmd2YVZmMTFUVi1wZGdQdnBKRWVNTmRXYTRzbkdtbEpJOVdaSTBMWjNNbVdLZzVhbG5oaUItSFh6YnBMSUtQaDNIR2p4dnVvcFpmcW44eWdFOWxrUzZ5WnllTDdERG10U09CclFKYTNmWmdCdFVZ0gGcAUFVX3lxTFBWZGFvUHprWXRxdnNwd1U1eTFQbkRtcWtBOHZubmVlcUtUMFkza3RJR050OGdEcy1yWmhIdXVNWEwyckhGNjlCWFk4WFJhMWNjenN0c3N0dkpLNFlGd2hYaVAtZGJoUmNSYmRxZWJzSWxTbldqdUlGbGdHTy10NDMtbkEwQnVtQTgxajctM2RKWHktb3BuT2VycDFlcg?oc=5\" target=\"_blank\" rel=\"nofollow noopener\">Cristian Garin confirma mala noticia para el tenis chileno: \u201cNos vemos\u2026\u201d<\/a>&nbsp;&nbsp;RedGol<\/li>\n<li><a href=\"https:\/\/news.google.com\/rss\/articles\/CBMi0wFBVV95cUxNd1RJY3FaOXZPWF9sSUZndTVneXoteGt6UHpZR2JQcDFqY0g1RW40bDZFNVlhS0xzWV9iN1Rfa3FPc2tXN2FLZEFGTE1vNDlhMlJTTkpIU3JFM284cjVxNFNJWXhsWGdkX0VWRlRXNWxRNUk1UjNLODhVQWRWMFN1YnJfR2xXLW0zSGlZazNZb09wS3JxekpXUW9BUFgtQWNSc3E5ME0yZEdhSU45cWN0M1FSYlViLXpnWW0yVTBDWTM2VWx4VW9Mc2ZsRld4azRCYy04?oc=5\" target=\"_blank\" rel=\"nofollow noopener\">Temuco vibr\u00f3 con la ronda de 32: cay\u00f3 el campe\u00f3n defensor y los chilenos dijeron presente en una jornada marat\u00f3nica<\/a>&nbsp;&nbsp;Municipalidad de Temuco<\/li>\n<li><a href=\"https:\/\/news.google.com\/rss\/articles\/CBMihgFBVV95cUxOWkNRZklhRGpsQXNtSnZUUzVnYWlZY0V5N3NZazZqN09WN3ZtMzNyZkVHcHRBY3FCY1RXcXR5d0Zfel9BcFFVV0ZiSEhLVS1tUmJUaXZ3dmVUVDYyMV94bWprQjhRbHNnT3pwRnkxZFJIZElocGZGOGFVZng0WFVFbnk5VFk2UQ?oc=5\" target=\"_blank\" rel=\"nofollow noopener\">Comienza el Challenger Dove Men+Care 2025 en Temuco<\/a>&nbsp;&nbsp;Alerta Noticias Temuco.cl<\/li>\n<li><a href=\"https:\/\/news.google.com\/rss\/articles\/CBMiowFBVV95cUxOT3R5Mlg4ZWlqLWxLTHBWR01vbk5NSk5DX3AxY0s5Ukp2R1VNVUZUZ3dncTZBTks2ay1XcWw0SUlaZW5tMEIwLWZDWnpoVlc4SUc3ekU4MnlhMkhqTUJOcUZiT1ZaazFCMGhBaVV1Q1JYUEY0NF9JNWEtYS1RTjNfN3VfT3UzdWxTSVVVVjdEd3JQRjV5T1UtS21fYjYwUW5XZ3Zn?oc=5\" target=\"_blank\" rel=\"nofollow noopener\">Temuco vive otra jornada del Challenger: Programaci\u00f3n de partidos de hoy<\/a>&nbsp;&nbsp;radiouniversal.cl<\/li>\n<\/ol>\n","protected":false},"excerpt":{"rendered":"Challenger de Temuco: Juan Manuel Cer\u00fandolo y Facundo D\u00edaz Acosta cumplieron con la l\u00f3gica y Lucio Ratti dio&hellip;\n","protected":false},"author":2,"featured_media":248356,"comment_status":"","ping_status":"","sticky":false,"template":"","format":"standard","meta":{"footnotes":""},"categories":[274],"tags":[168,25,24,23,167,327,326],"class_list":{"0":"post-258542","1":"post","2":"type-post","3":"status-publish","4":"format-standard","5":"has-post-thumbnail","7":"category-tenis","8":"tag-deportes","9":"tag-es","10":"tag-espana","11":"tag-spain","12":"tag-sports","13":"tag-tenis","14":"tag-tennis"},"share_on_mastodon":{"url":"https:\/\/pubeurope.com\/@es\/115621889607734151","error":""},"_links":{"self":[{"href":"https:\/\/www.europesays.com\/es\/wp-json\/wp\/v2\/posts\/258542","targetHints":{"allow":["GET"]}}],"collection":[{"href":"https:\/\/www.europesays.com\/es\/wp-json\/wp\/v2\/posts"}],"about":[{"href":"https:\/\/www.europesays.com\/es\/wp-json\/wp\/v2\/types\/post"}],"author":[{"embeddable":true,"href":"https:\/\/www.europesays.com\/es\/wp-json\/wp\/v2\/users\/2"}],"replies":[{"embeddable":true,"href":"https:\/\/www.europesays.com\/es\/wp-json\/wp\/v2\/comments?post=258542"}],"version-history":[{"count":0,"href":"https:\/\/www.europesays.com\/es\/wp-json\/wp\/v2\/posts\/258542\/revisions"}],"wp:featuredmedia":[{"embeddable":true,"href":"https:\/\/www.europesays.com\/es\/wp-json\/wp\/v2\/media\/248356"}],"wp:attachment":[{"href":"https:\/\/www.europesays.com\/es\/wp-json\/wp\/v2\/media?parent=258542"}],"wp:term":[{"taxonomy":"category","embeddable":true,"href":"https:\/\/www.europesays.com\/es\/wp-json\/wp\/v2\/categories?post=258542"},{"taxonomy":"post_tag","embeddable":true,"href":"https:\/\/www.europesays.com\/es\/wp-json\/wp\/v2\/tags?post=258542"}],"curies":[{"name":"wp","href":"https:\/\/api.w.org\/{rel}","templated":true}]}}