{"id":258543,"date":"2025-11-27T13:26:11","date_gmt":"2025-11-27T13:26:11","guid":{"rendered":"https:\/\/www.europesays.com\/es\/258543\/"},"modified":"2025-11-27T13:26:11","modified_gmt":"2025-11-27T13:26:11","slug":"una-nueva-etapa-para-david-valero-tras-cerrar-su-ciclo-con-el-bh-coloma-team","status":"publish","type":"post","link":"https:\/\/www.europesays.com\/es\/258543\/","title":{"rendered":"Una nueva etapa para David Valero tras cerrar su ciclo con el BH Coloma Team"},"content":{"rendered":"<p>David Valero pone fin a una de las etapas m\u00e1s s\u00f3lidas de su carrera en el Cross Country al despedirse del BH Coloma Team, un v\u00ednculo que ha marcado tanto al ciclista como a la propia BH Bikes. Su salida abre un nuevo horizonte deportivo despu\u00e9s de una trayectoria que ha dejado resultados de primer nivel y una influencia decisiva en el desarrollo de algunos de los modelos m\u00e1s emblem\u00e1ticos de la marca.<\/p>\n<p><img decoding=\"async\" loading=\"lazy\" width=\"1200\" height=\"800\" style=\"aspect-ratio: 1200\/800;\" alt=\"David Valero. Imagen: BH Coloma Team\" src=\"https:\/\/www.europesays.com\/es\/wp-content\/uploads\/2025\/11\/david-valero-despedida-bh-coloma-team.jpg\"\/>David Valero. Imagen: BH Coloma TeamUn adi\u00f3s que coincide con un legado deportivo de m\u00e1ximo nivel<\/p>\n<p>La etapa de Valero con BH se resume en \u00e9xitos que han configurado parte de la historia reciente del Mountain Bike espa\u00f1ol. El bronce ol\u00edmpico logrado en Tokio 2020 le situ\u00f3 en un escaparate global y confirm\u00f3 su madurez competitiva. A ese resultado se sumaron la medalla de plata en el Mundial de XCO 2022, la victoria en la Copa del Mundo de Snowshoe del mismo a\u00f1o y el bronce en el Mundial de XC Marat\u00f3n 2024.<\/p>\n<p>Durante su tiempo en la estructura dirigida por Carlos Coloma, Valero acumul\u00f3 podios en citas clave de la Copa del Mundo (como Vallnord o Mont-Sainte-Anne) y se mantuvo como uno de los ciclistas que m\u00e1s proyecci\u00f3n internacional ha dado al equipo. Ese rendimiento lleg\u00f3 acompa\u00f1ado de un trabajo menos visible, pero igualmente determinante: su participaci\u00f3n directa en el desarrollo de las bicicletas de competici\u00f3n de BH.<\/p>\n<p>Modelos como la BH Ultimate, la Lynx Race o la m\u00e1s reciente Lynx SLS han evolucionado con la experiencia del corredor granadino. Su aportaci\u00f3n fue especialmente importante en la b\u00fasqueda del equilibrio entre ligereza, rigidez y eficiencia, tres pilares sobre los que se asent\u00f3 la progresi\u00f3n de la gama XC de la marca. La Lynx SLS, con un cuadro de 1.520 gramos y un recorrido de 80 mm, es uno de los ejemplos m\u00e1s recientes de esa colaboraci\u00f3n t\u00e9cnica orientada al rendimiento de alto nivel.<\/p>\n<p>En el caso de la Lynx Race, utilizada en la Copa del Mundo, la adaptaci\u00f3n a pruebas explosivas y maratones fue uno de los puntos sobre los que Valero ayud\u00f3 a optimizar la plataforma. Con la Ultimate, BH consolid\u00f3 un cuadro pensado para la competici\u00f3n pura, un modelo que ha conseguido t\u00edtulos mundiales y que sigue siendo una referencia en la alta competici\u00f3n. Ese intercambio continuo entre atleta y marca ha sido una de las claves de una relaci\u00f3n que ahora concluye, pero cuya huella permanece en la gama actual.<\/p>\n<p>La salida de Valero no supone un cierre definitivo, sino el inicio de un cap\u00edtulo distinto. El ciclista afrontar\u00e1 nuevas disciplinas con la experiencia acumulada durante a\u00f1os compitiendo al m\u00e1ximo nivel. Su capacidad para adaptarse a diferentes terrenos y formatos abre un escenario atractivo para los aficionados que siguen su evoluci\u00f3n deportiva.<\/p>\n<p>Desde BH, el adi\u00f3s llega acompa\u00f1ado de un mensaje de reconocimiento por la profesionalidad del ciclista y por el impacto que deja en el equipo y en los productos desarrollados durante su etapa. La marca destaca que su trayectoria ya forma parte de su historia y que siempre tendr\u00e1 un espacio reservado en ella.<\/p>\n","protected":false},"excerpt":{"rendered":"David Valero pone fin a una de las etapas m\u00e1s s\u00f3lidas de su carrera en el Cross Country&hellip;\n","protected":false},"author":2,"featured_media":258544,"comment_status":"","ping_status":"","sticky":false,"template":"","format":"standard","meta":{"footnotes":""},"categories":[273],"tags":[313,312,168,25,24,23,167],"class_list":{"0":"post-258543","1":"post","2":"type-post","3":"status-publish","4":"format-standard","5":"has-post-thumbnail","7":"category-ciclismo","8":"tag-ciclismo","9":"tag-cycling","10":"tag-deportes","11":"tag-es","12":"tag-espana","13":"tag-spain","14":"tag-sports"},"share_on_mastodon":{"url":"https:\/\/pubeurope.com\/@es\/115621893740276018","error":""},"_links":{"self":[{"href":"https:\/\/www.europesays.com\/es\/wp-json\/wp\/v2\/posts\/258543","targetHints":{"allow":["GET"]}}],"collection":[{"href":"https:\/\/www.europesays.com\/es\/wp-json\/wp\/v2\/posts"}],"about":[{"href":"https:\/\/www.europesays.com\/es\/wp-json\/wp\/v2\/types\/post"}],"author":[{"embeddable":true,"href":"https:\/\/www.europesays.com\/es\/wp-json\/wp\/v2\/users\/2"}],"replies":[{"embeddable":true,"href":"https:\/\/www.europesays.com\/es\/wp-json\/wp\/v2\/comments?post=258543"}],"version-history":[{"count":0,"href":"https:\/\/www.europesays.com\/es\/wp-json\/wp\/v2\/posts\/258543\/revisions"}],"wp:featuredmedia":[{"embeddable":true,"href":"https:\/\/www.europesays.com\/es\/wp-json\/wp\/v2\/media\/258544"}],"wp:attachment":[{"href":"https:\/\/www.europesays.com\/es\/wp-json\/wp\/v2\/media?parent=258543"}],"wp:term":[{"taxonomy":"category","embeddable":true,"href":"https:\/\/www.europesays.com\/es\/wp-json\/wp\/v2\/categories?post=258543"},{"taxonomy":"post_tag","embeddable":true,"href":"https:\/\/www.europesays.com\/es\/wp-json\/wp\/v2\/tags?post=258543"}],"curies":[{"name":"wp","href":"https:\/\/api.w.org\/{rel}","templated":true}]}}