{"id":258547,"date":"2025-11-27T13:29:12","date_gmt":"2025-11-27T13:29:12","guid":{"rendered":"https:\/\/www.europesays.com\/es\/258547\/"},"modified":"2025-11-27T13:29:12","modified_gmt":"2025-11-27T13:29:12","slug":"ante-el-utrecht-con-un-ojo-puesto-en-el-derbi","status":"publish","type":"post","link":"https:\/\/www.europesays.com\/es\/258547\/","title":{"rendered":"Ante el Utrecht, con un ojo puesto en el derbi"},"content":{"rendered":"<p dir=\"ltr\"><strong>El Real Betis recibe este jueves en La Cartuja (21h) al Utrecht<\/strong> <strong>en la quinta jornada de la Europa League<\/strong> con la idea de sumar un triunfo ante uno de los colistas que le meter\u00eda entre los ocho primeros, muy cerca del liderato, y dejar\u00eda la clasificaci\u00f3n el el \u2018top 24\u2019 muy bien encarrilada, a falta de tres jornadas. <strong>Pellegrini<\/strong>, eso s\u00ed, tendr\u00e1 muy en cuenta la disputa del <strong>derbi del domingo en el S\u00e1nchez-Pizju\u00e1n<\/strong> a la hora de confeccionar la alineaci\u00f3n, pues no cabe duda de que ese partido multiplica en trascendencia al de hoy. Unos 3.500 aficionados del <strong>Utrecht<\/strong> dar\u00e1n esta noche colorido a las gradas de<strong> La Cartuja.<\/strong><\/p>\n<p dir=\"ltr\">El <strong>Betis<\/strong> ha sumado en las \u00faltimas horas las bajas de <strong>Beller\u00edn, Lo Celso y Bakambu<\/strong> a la ya conocida de <strong>Pau L\u00f3pez<\/strong>, lo que obligar\u00e1 a <strong>Pellegrini<\/strong> a variar los planes inicialmente previstos, pues tanto el argentino como el congole\u00f1o hab\u00edan sido titulares en todos los partidos de la<strong> Europa League<\/strong> y hoy no estar\u00e1n disponibles, al igual que <strong>Beller\u00edn<\/strong> el domingo, por lo que no ser\u00eda extra\u00f1o que <strong>Aitor Ruibal<\/strong> sea reservado para ese d\u00eda y el lateral derecho sea hoy para<strong> \u00c1ngel Ortiz.<\/strong><\/p>\n<p dir=\"ltr\">Adivinar el once de este jueves es tarea complicada, aunque de lo que no cabe duda es de que ser\u00e1 radicalmente distinto al del domingo pasado y el pr\u00f3ximo, por lo que jugadores como \u00c1<strong>ngel Ortiz, Llorente, Junior, Altimira, Deossa<\/strong> o el mismo <strong>Pablo Garc\u00eda<\/strong> est\u00e1n llamados a la titularidad, en la que repetir\u00edan <strong>Valles, Valent\u00edn, Antony y puede que Riquelme.<\/strong><\/p>\n<p dir=\"ltr\">Las principales dudas radican en saber si <strong>Amrabat<\/strong> ser\u00e1 titular tras comparecer ayer en rueda de prensa -pudo hacerlo como deferencia a su ex equipo- o lo har\u00e1 <strong>Marc Roca<\/strong>, pues <strong>Altimira<\/strong>, al igual que <strong>Deossa<\/strong>, parecen seguros, si el lateral zurdo ser\u00e1 para <strong>Junior<\/strong> o de inicio jugar\u00e1n <strong>Isco<\/strong> y el <strong>Cucho Hern\u00e1ndez<\/strong>. Al disponer de cinco cambios, Pellegrini tiene m\u00e1s margen para repartir minutos, pero la inminencia del derbi har\u00e1 que quienes salgan hoy de inicio apunten, por l\u00f3gica, al banquillo del <strong>S\u00e1nchez-Pizju\u00e1n,<\/strong> salvo contadas excepciones, que son las que Pellegrini desvelar\u00e1 un par de horas antes del partido.<\/p>\n<p dir=\"ltr\">El <strong>Utrecht<\/strong> llega arropado por 3.500 hinchas, sin el portero titular <strong>Barkas<\/strong>, expulsado en el \u00faltimo partido ante el Oporto (1-1), el \u00fanico en el que han puntuado los neerlandeses, pues los tres anteriores los perdieron ante <strong>Friburgo<\/strong> (2-0), <strong>Brann<\/strong> (1-0) y <strong>Lyon<\/strong> (0-1), por lo que llegan en el puesto 32\u00ba de los 36 que componen la fase de liga.<\/p>\n<p dir=\"ltr\">Muchos ojos estar\u00e1n puestos en el lateral zurdo marroqu\u00ed <strong>El Karouani,<\/strong> que suena como objetivo b\u00e9tico para el verano pr\u00f3ximo, cuando queda libre. Otros dos nombres conocidos son los de\u00a0 <strong>Sebastian Haller<\/strong>, que pas\u00f3 sin pena ni gloria por el <strong>Legan\u00e9s<\/strong>, o el extremo <strong>Miguel Rodr\u00edguez,<\/strong> que milit\u00f3 un par de a\u00f1os en las filas del <strong>Celta<\/strong>.<\/p>\n<p><strong>Alineaciones probables<\/strong><\/p>\n<p dir=\"ltr\"><strong>Real Betis:<\/strong> \u00c1lvaro Valles; Angel Ortiz, Llorente, Valent\u00edn G\u00f3mez, Junior; Altimira, Marc Roca o Amrabat; Antony, Riquelme, Deossa; y Pablo Garc\u00eda.<\/p>\n<p dir=\"ltr\"><strong>FC Utrecht:<\/strong> Brouwer; Horemans, Didden, Viergever, Karouani; Engwanda, Zechiel, Miguel Rodr\u00edguez; Murkin; Dani de Wit y David Min.<\/p>\n<p dir=\"ltr\"><strong>\u00c1rbitro<\/strong>: Nenad Minakovi\u0107 (Serbia)<\/p>\n<p dir=\"ltr\"><strong>Escenario<\/strong>: La Cartuja. <strong>Hora<\/strong>: 21.00. <strong>TV<\/strong>: Movistar Liga de Campeones.<\/p>\n","protected":false},"excerpt":{"rendered":"El Real Betis recibe este jueves en La Cartuja (21h) al Utrecht en la quinta jornada de la&hellip;\n","protected":false},"author":2,"featured_media":258548,"comment_status":"","ping_status":"","sticky":false,"template":"","format":"standard","meta":{"footnotes":""},"categories":[268],"tags":[168,25,24,280,282,281,23,167],"class_list":{"0":"post-258547","1":"post","2":"type-post","3":"status-publish","4":"format-standard","5":"has-post-thumbnail","7":"category-futbol","8":"tag-deportes","9":"tag-es","10":"tag-espana","11":"tag-football","12":"tag-futbol","13":"tag-soccer","14":"tag-spain","15":"tag-sports"},"share_on_mastodon":{"url":"https:\/\/pubeurope.com\/@es\/115621905328808588","error":""},"_links":{"self":[{"href":"https:\/\/www.europesays.com\/es\/wp-json\/wp\/v2\/posts\/258547","targetHints":{"allow":["GET"]}}],"collection":[{"href":"https:\/\/www.europesays.com\/es\/wp-json\/wp\/v2\/posts"}],"about":[{"href":"https:\/\/www.europesays.com\/es\/wp-json\/wp\/v2\/types\/post"}],"author":[{"embeddable":true,"href":"https:\/\/www.europesays.com\/es\/wp-json\/wp\/v2\/users\/2"}],"replies":[{"embeddable":true,"href":"https:\/\/www.europesays.com\/es\/wp-json\/wp\/v2\/comments?post=258547"}],"version-history":[{"count":0,"href":"https:\/\/www.europesays.com\/es\/wp-json\/wp\/v2\/posts\/258547\/revisions"}],"wp:featuredmedia":[{"embeddable":true,"href":"https:\/\/www.europesays.com\/es\/wp-json\/wp\/v2\/media\/258548"}],"wp:attachment":[{"href":"https:\/\/www.europesays.com\/es\/wp-json\/wp\/v2\/media?parent=258547"}],"wp:term":[{"taxonomy":"category","embeddable":true,"href":"https:\/\/www.europesays.com\/es\/wp-json\/wp\/v2\/categories?post=258547"},{"taxonomy":"post_tag","embeddable":true,"href":"https:\/\/www.europesays.com\/es\/wp-json\/wp\/v2\/tags?post=258547"}],"curies":[{"name":"wp","href":"https:\/\/api.w.org\/{rel}","templated":true}]}}