{"id":258555,"date":"2025-11-27T13:34:14","date_gmt":"2025-11-27T13:34:14","guid":{"rendered":"https:\/\/www.europesays.com\/es\/258555\/"},"modified":"2025-11-27T13:34:14","modified_gmt":"2025-11-27T13:34:14","slug":"andy-nicholson-ex-bajista-de-los-arctic-monkeys-hizo-llorar-a-la-banda-con-su-nuevo-libro","status":"publish","type":"post","link":"https:\/\/www.europesays.com\/es\/258555\/","title":{"rendered":"Andy Nicholson, ex bajista de los Arctic Monkeys, hizo llorar a la banda con su nuevo libro"},"content":{"rendered":"<p><strong>Andy Nicholson<\/strong>, el exbajista de los <strong><a href=\"https:\/\/indiehoy.com\/historias\/la-mejor-cancion-de-los-arctic-monkeys-segun-un-estudio\/\" target=\"_blank\" rel=\"noreferrer noopener nofollow\">Arctic Monkeys<\/a><\/strong>, edit\u00f3 un nuevo libro fotogr\u00e1fico sobre los primeros a\u00f1os de la banda y revel\u00f3 que <strong>hizo emocionar hasta las l\u00e1grimas a algunos de sus excompa\u00f1eros<\/strong>. El libro, titulado I Bet This Looks Good On Your Coffee Table, ser\u00e1 publicado pr\u00f3ximamente e incluye 135 p\u00e1ginas de im\u00e1genes \u00edntimas del per\u00edodo 2005-2007, cuando el grupo brit\u00e1nico comenz\u00f3 su ascenso mete\u00f3rico a la fama.<\/p>\n<p>La edici\u00f3n en tapa dura recopila algunos momentos de la banda durante una gira: <strong>camarines abarrotados, micros de tour, sesiones de grabaci\u00f3n y la hist\u00f3rica presentaci\u00f3n en Saturday Night Live en 2006<\/strong>. Nicholson comparti\u00f3 el proyecto con el medio <a href=\"https:\/\/www.radiox.co.uk\/artists\/arctic-monkeys\/andy-nicholsons-photo-book-made-ex-bandmates-cry\/?fbclid=IwdGRjcAONK6JjbGNrA40rnmV4dG4DYWVtAjExAHNydGMGYXBwX2lkDDM1MDY4NTUzMTcyOAABHrPVVK1S9lbiZN4QmlFaJqpR3zuNnfUY3UdrDoRwtzz3xpxJazD0YBM7Q5sc_aem_VmPI5_4SzriawijyQe64MQ&amp;brid=s2sVUXDZKgkz3itH-TM5MA\" target=\"_blank\" rel=\"noreferrer noopener nofollow\">Radio X<\/a>, donde cont\u00f3 c\u00f3mo reaccionaron sus excompa\u00f1eros al recibir una copia anticipada.<\/p>\n<p>\u00abLes mand\u00e9 una copia del libro y recib\u00ed respuestas hermosas. <strong><a href=\"https:\/\/indiehoy.com\/noticias\/matt-helders-de-arctic-monkeys-lanza-su-nuevo-proyecto-musical\/\" target=\"_blank\" rel=\"noreferrer noopener nofollow\">Matt Helders<\/a> dijo que lo hizo llorar<\/strong>. <strong>Jamie Cook no estuvo lejos de lo mismo. Alex Turner incluso me ayud\u00f3 con algunos posibles t\u00edtulos<\/strong>\u00ab, relat\u00f3. Seg\u00fan Nicholson, Turner brome\u00f3 al ver las fotos: \u201cMenos mal que la m\u00fasica era buena, porque nos ve\u00edamos terrible\u201d.<\/p>\n<blockquote class=\"instagram-media\" data-instgrm-captioned=\"\" data-instgrm-permalink=\"https:\/\/www.instagram.com\/p\/DP8v2gdjHt5\/?utm_source=ig_embed&amp;utm_campaign=loading\" data-instgrm-version=\"14\" style=\" background:#FFF; border:0; border-radius:3px; box-shadow:0 0 1px 0 rgba(0,0,0,0.5),0 1px 10px 0 rgba(0,0,0,0.15); margin: 1px; max-width:540px; min-width:326px; padding:0; width:99.375%; width:-webkit-calc(100% - 2px); width:calc(100% - 2px);\"\/>\n<p>Nicholson abandon\u00f3 Arctic Monkeys en 2006 despu\u00e9s de tomarse tres semanas en la gira mundial. Fue reemplazado de manera definitiva por Nick O\u2019Malley, quien inicialmente hab\u00eda asumido el rol de manera temporal. \u00ab<strong>Yo ten\u00eda cosas familiares pasando, ellos decidieron llevar a Nick de gira, despu\u00e9s volvieron y tomaron la decisi\u00f3n. Ya no estaba en la banda<\/strong>\u201d, explic\u00f3.<\/p>\n<p>Aquella separaci\u00f3n deriv\u00f3 en un periodo oscuro para \u00e9l. En 2019, <strong>el exbajista confes\u00f3 que lleg\u00f3 a contemplar quitarse la vida<\/strong>. \u201cEstuve muy cerca de no estar ac\u00e1\u2026 hablar con gente y el paso del tiempo me salvaron\u201d, confes\u00f3. Tambi\u00e9n record\u00f3 el impacto que fue ver al grupo encabezar Glastonbury 2007 desde su casa: \u201cEstaba sentado, mir\u00e1ndolos\u2026 llorando. \u00bfTe imaginas lo que es eso?\u201d.<\/p>\n<p>Adem\u00e1s de m\u00fasico y productor, Nicholson encontr\u00f3 en la fotograf\u00eda una forma de documentar un momento tan fren\u00e9tico como cotidiano para una de las bandas de rock m\u00e1s importantes del siglo XXI. Seg\u00fan \u00e9l, la mayor revelaci\u00f3n del libro no es la fama, sino la humanidad de esos a\u00f1os: \u201cTodos ve\u00edan desde afuera que la banda hac\u00eda esto y aquello, programas enormes\u2026 Pero estas fotos muestran lo normal que era todo en realidad\u201d.<\/p>\n<p>\t<script async src=\"\/\/www.instagram.com\/embed.js\"><\/script><\/p>\n","protected":false},"excerpt":{"rendered":"Andy Nicholson, el exbajista de los Arctic Monkeys, edit\u00f3 un nuevo libro fotogr\u00e1fico sobre los primeros a\u00f1os de&hellip;\n","protected":false},"author":2,"featured_media":258556,"comment_status":"","ping_status":"","sticky":false,"template":"","format":"standard","meta":{"footnotes":""},"categories":[170],"tags":[21226,146,147,25,24,184,185,23],"class_list":{"0":"post-258555","1":"post","2":"type-post","3":"status-publish","4":"format-standard","5":"has-post-thumbnail","7":"category-musica","8":"tag-arctic-monkeys","9":"tag-entertainment","10":"tag-entretenimiento","11":"tag-es","12":"tag-espana","13":"tag-music","14":"tag-musica","15":"tag-spain"},"share_on_mastodon":{"url":"https:\/\/pubeurope.com\/@es\/115621925278343993","error":""},"_links":{"self":[{"href":"https:\/\/www.europesays.com\/es\/wp-json\/wp\/v2\/posts\/258555","targetHints":{"allow":["GET"]}}],"collection":[{"href":"https:\/\/www.europesays.com\/es\/wp-json\/wp\/v2\/posts"}],"about":[{"href":"https:\/\/www.europesays.com\/es\/wp-json\/wp\/v2\/types\/post"}],"author":[{"embeddable":true,"href":"https:\/\/www.europesays.com\/es\/wp-json\/wp\/v2\/users\/2"}],"replies":[{"embeddable":true,"href":"https:\/\/www.europesays.com\/es\/wp-json\/wp\/v2\/comments?post=258555"}],"version-history":[{"count":0,"href":"https:\/\/www.europesays.com\/es\/wp-json\/wp\/v2\/posts\/258555\/revisions"}],"wp:featuredmedia":[{"embeddable":true,"href":"https:\/\/www.europesays.com\/es\/wp-json\/wp\/v2\/media\/258556"}],"wp:attachment":[{"href":"https:\/\/www.europesays.com\/es\/wp-json\/wp\/v2\/media?parent=258555"}],"wp:term":[{"taxonomy":"category","embeddable":true,"href":"https:\/\/www.europesays.com\/es\/wp-json\/wp\/v2\/categories?post=258555"},{"taxonomy":"post_tag","embeddable":true,"href":"https:\/\/www.europesays.com\/es\/wp-json\/wp\/v2\/tags?post=258555"}],"curies":[{"name":"wp","href":"https:\/\/api.w.org\/{rel}","templated":true}]}}