{"id":258567,"date":"2025-11-27T13:41:12","date_gmt":"2025-11-27T13:41:12","guid":{"rendered":"https:\/\/www.europesays.com\/es\/258567\/"},"modified":"2025-11-27T13:41:12","modified_gmt":"2025-11-27T13:41:12","slug":"venezuela-retira-los-permisos-a-6-aerolineas-por-cancelar-vuelos-iberia-y-tap-entre-ellas","status":"publish","type":"post","link":"https:\/\/www.europesays.com\/es\/258567\/","title":{"rendered":"Venezuela retira los permisos a 6 aerol\u00edneas por cancelar vuelos: Iberia y TAP entre ellas"},"content":{"rendered":"<p>\n                    Publicado                 27\/11\/2025 &#8211; 8:25 CET<br \/>\n                \u2022Ultima actualizaci\u00f3n<br \/>\n                                     8:36\n                                        <\/p>\n<p>El Gobierno de Venezuela ejecut\u00f3 el mi\u00e9rcoles la sanci\u00f3n anunciada contra <strong>seis aerol\u00edneas internacionales<\/strong> que <a href=\"https:\/\/es.euronews.com\/viajes\/2025\/11\/23\/iberia-tap-y-otras-aerolineas-cancelan-sus-vuelos-a-venezuela-por-el-conflicto-con-eeuu\" rel=\"nofollow noopener\" target=\"_blank\">hab\u00edan suspendido sus operaciones hacia Caracas<\/a>. La medida se hizo efectiva despu\u00e9s de vencer el plazo de 48 horas que el Gobierno de Nicol\u00e1s Maduro dio a las compa\u00f1\u00edas para reanudar sus vuelos.<\/p>\n<p>Las empresas afectadas son <strong>Iberia, TAP, Turkish Airlines, Avianca, Latam Colombia, y Gol<\/strong>. Todas hab\u00edan cancelado sus rutas despu\u00e9s de que la Administraci\u00f3n Federal de Aviaci\u00f3n estadounidense (FAA) <a href=\"https:\/\/es.euronews.com\/viajes\/2025\/11\/23\/iberia-tap-y-otras-aerolineas-cancelan-sus-vuelos-a-venezuela-por-el-conflicto-con-eeuu\" rel=\"nofollow noopener\" target=\"_blank\">emitiera<\/a> el viernes pasado una advertencia pidiendo a las aerol\u00edneas comerciales extremar la precauci\u00f3n al sobrevolar Venezuela y el sur del Caribe.<\/p>\n<p>El ministro del Interior venezolano, Diosdado Cabello, coment\u00f3 de manera muy concisa y clara la situaci\u00f3n: \u00abEl Gobierno nacional, en una decisi\u00f3n soberana, les dijo a las empresas: si en 48 horas ustedes no reanudan los vuelos, <strong>no los reanuden m\u00e1s<\/strong>. Qu\u00e9dense ustedes con sus aviones y nosotros nos quedamos con nuestra dignidad\u00bb. Cabello insisti\u00f3 en que <strong>Venezuela decide qui\u00e9n vuela en su territorio<\/strong> y se reserva el derecho de admisi\u00f3n.<\/p>\n<p>De momento, Copa, Wingo, Boliviana de Aviaci\u00f3n, Satena y las locales Avior y Conviasa mantienen sus operaciones regulares en el pa\u00eds.<\/p>\n<p>Tensi\u00f3n militar en el Caribe en ascenso<\/p>\n<p>La crisis se produce mientras <a href=\"https:\/\/es.euronews.com\/2025\/10\/24\/eeuu-despliega-su-mayor-portaaviones-en-el-caribe-en-plena-escalada-con-venezuela\" rel=\"nofollow noopener\" target=\"_blank\"><strong>Estados Unidos mantiene un despliegue militar sin precedentes en el Caribe<\/strong><\/a> como parte de la operaci\u00f3n Lanza del Sur, anunciada en noviembre para <strong>combatir el narcotr\u00e1fico.<\/strong> Este mi\u00e9rcoles, la Fuerza A\u00e9rea estadounidense revel\u00f3 que bombarderos B-52H realizaron demostraciones de ataque en aguas caribe\u00f1as esta semana.<\/p>\n<p><strong>Dos aeropuertos dominicanos se utilizar\u00e1n provisionalmente<\/strong> para apoyar operaciones contra el tr\u00e1fico de drogas. Se trata del Internacional de las Am\u00e9ricas y el militar de San Isidro, ambos en Santo Domingo.<\/p>\n<p>La vicepresidenta ejecutiva, <a href=\"https:\/\/es.euronews.com\/2025\/10\/16\/delcy-rodriguez-negociado-secreto-eeuu-transicion-sin-maduro-venezuela\" rel=\"nofollow noopener\" target=\"_blank\">Delcy Rodr\u00edguez<\/a>, llam\u00f3 a la calma: \u00abEl camino no es enviar barcos ni amenazar militarmente\u00bb. El fiscal general venezolano, Tarek William Saab, expres\u00f3 que <strong>son bienvenidas las conversaciones directas entre Nicol\u00e1s Maduro y Donald Trump<\/strong>, quien ha afirmado que sus contactos con el l\u00edder venezolano buscan \u00absalvar muchas vidas\u00bb.<\/p>\n","protected":false},"excerpt":{"rendered":"Publicado 27\/11\/2025 &#8211; 8:25 CET \u2022Ultima actualizaci\u00f3n 8:36 El Gobierno de Venezuela ejecut\u00f3 el mi\u00e9rcoles la sanci\u00f3n anunciada&hellip;\n","protected":false},"author":2,"featured_media":258568,"comment_status":"","ping_status":"","sticky":false,"template":"","format":"standard","meta":{"footnotes":""},"categories":[42],"tags":[3197,17,18,64787,13,14,11,61,62,63,64,19,20,7337,9,10,15,16,12,4664,21,22,1192,12856,65,66,67],"class_list":{"0":"post-258567","1":"post","2":"type-post","3":"status-publish","4":"format-standard","5":"has-post-thumbnail","7":"category-internacional","8":"tag-avion","9":"tag-breaking-news","10":"tag-breakingnews","11":"tag-companias-aereas","12":"tag-featured-news","13":"tag-featurednews","14":"tag-headlines","15":"tag-internacional","16":"tag-international","17":"tag-international-news","18":"tag-internationalnews","19":"tag-latest-news","20":"tag-latestnews","21":"tag-narcotrafico","22":"tag-news","23":"tag-noticias","24":"tag-noticias-destacadas","25":"tag-noticiasdestacadas","26":"tag-titulares","27":"tag-turismo","28":"tag-ultimas-noticias","29":"tag-ultimasnoticias","30":"tag-venezuela","31":"tag-viaje","32":"tag-world","33":"tag-world-news","34":"tag-worldnews"},"share_on_mastodon":{"url":"https:\/\/pubeurope.com\/@es\/115621952490358080","error":""},"_links":{"self":[{"href":"https:\/\/www.europesays.com\/es\/wp-json\/wp\/v2\/posts\/258567","targetHints":{"allow":["GET"]}}],"collection":[{"href":"https:\/\/www.europesays.com\/es\/wp-json\/wp\/v2\/posts"}],"about":[{"href":"https:\/\/www.europesays.com\/es\/wp-json\/wp\/v2\/types\/post"}],"author":[{"embeddable":true,"href":"https:\/\/www.europesays.com\/es\/wp-json\/wp\/v2\/users\/2"}],"replies":[{"embeddable":true,"href":"https:\/\/www.europesays.com\/es\/wp-json\/wp\/v2\/comments?post=258567"}],"version-history":[{"count":0,"href":"https:\/\/www.europesays.com\/es\/wp-json\/wp\/v2\/posts\/258567\/revisions"}],"wp:featuredmedia":[{"embeddable":true,"href":"https:\/\/www.europesays.com\/es\/wp-json\/wp\/v2\/media\/258568"}],"wp:attachment":[{"href":"https:\/\/www.europesays.com\/es\/wp-json\/wp\/v2\/media?parent=258567"}],"wp:term":[{"taxonomy":"category","embeddable":true,"href":"https:\/\/www.europesays.com\/es\/wp-json\/wp\/v2\/categories?post=258567"},{"taxonomy":"post_tag","embeddable":true,"href":"https:\/\/www.europesays.com\/es\/wp-json\/wp\/v2\/tags?post=258567"}],"curies":[{"name":"wp","href":"https:\/\/api.w.org\/{rel}","templated":true}]}}