{"id":258575,"date":"2025-11-27T13:48:14","date_gmt":"2025-11-27T13:48:14","guid":{"rendered":"https:\/\/www.europesays.com\/es\/258575\/"},"modified":"2025-11-27T13:48:14","modified_gmt":"2025-11-27T13:48:14","slug":"boris-becker-desvela-el-gesto-que-tuvo-djokovic-con-el-cuando-estaba-en-la-carcel","status":"publish","type":"post","link":"https:\/\/www.europesays.com\/es\/258575\/","title":{"rendered":"Boris Becker desvela el gesto que tuvo Djokovic con \u00e9l cuando estaba en la c\u00e1rcel"},"content":{"rendered":"<p class=\"L6-news-detail__text\">El 29 de abril de 2022 <b>Boris Becker<\/b> ingres\u00f3 en prisi\u00f3n despu\u00e9s de que un jurado brit\u00e1nico le declarase culpable de cuatro cargos bajo la ley de insolvencia del Reino Unido por delitos relacionados con su bancarrota. <\/p>\n<p class=\"L6-news-detail__text\">El alem\u00e1n estuvo entre rejas algo m\u00e1s de <b>7 meses<\/b> por una condena de 2 a\u00f1os y 6 meses, saliendo de la c\u00e1rcel el 15 de diciembre de 2022.<\/p>\n<p class=\"L6-news-detail__text\">Durante ese tiempo, <b>Novak Djokovic<\/b> tuvo un gran gesto con su familia que Becker ha desvelado durante una entrevista en &#8216;The Guardian&#8217;.<\/p>\n<p class=\"L6-news-detail__text\">En concreto, ocurri\u00f3 en <b>Wimbledon <\/b>de ese a\u00f1o. El jugador m\u00e1s laureado de la historia reserv\u00f3 <b>dos asientos en su &#8216;box&#8217; para su hijo mayor y su esposa<\/b>. <\/p>\n<p class=\"L6-news-detail__text\">\u00ab<b>Eso es lo que llamo una verdadera amistad<\/b>, que no se olviden de ti. Siempre agradecer\u00e9 a Novak ese momento especial\u00bb, recuerda Becker, que fue parte del cuerpo t\u00e9cnico de &#8216;Nole&#8217; en el pasado. <\/p>\n<p class=\"L6-news-detail__text\">Aquel d\u00eda, a ojos de la familia de Boris, el balc\u00e1nico gan\u00f3 a <b>Nick <\/b><b>Kyrgios<\/b> en una final a cuatro sets (4-6, 6-3, 6-4, 7-6). <\/p>\n<p class=\"L6-support-news-video__title\">&#8216;Jugones&#8217;<\/p>\n<p>            <a href=\"https:\/\/www.lasexta.com\/noticias\/deportes\/futbol\/todos-secretos-navidad-bernabeu-lago-helado-tobogan-gradas_20251126692711316e5e5012dccee029.html\" class=\"L6-news__link\" rel=\"nofollow noopener\" target=\"_blank\"><br \/>\n                Todos los secretos de la Navidad en el Bernab\u00e9u: del lago helado a un tobog\u00e1n desde las gradas<\/p>\n<p class=\"recirculation-video-desc\">Las entradas ya est\u00e1n agotadas y se espera que m\u00e1s de 50.000 personas acudan a la &#8216;Mavidad&#8217; en el Bernab\u00e9u.<\/p>\n<p>            <\/a><\/p>\n","protected":false},"excerpt":{"rendered":"El 29 de abril de 2022 Boris Becker ingres\u00f3 en prisi\u00f3n despu\u00e9s de que un jurado brit\u00e1nico le&hellip;\n","protected":false},"author":2,"featured_media":258576,"comment_status":"","ping_status":"","sticky":false,"template":"","format":"standard","meta":{"footnotes":""},"categories":[274],"tags":[168,25,24,23,167,327,326],"class_list":{"0":"post-258575","1":"post","2":"type-post","3":"status-publish","4":"format-standard","5":"has-post-thumbnail","7":"category-tenis","8":"tag-deportes","9":"tag-es","10":"tag-espana","11":"tag-spain","12":"tag-sports","13":"tag-tenis","14":"tag-tennis"},"share_on_mastodon":{"url":"https:\/\/pubeurope.com\/@es\/115621980176494286","error":""},"_links":{"self":[{"href":"https:\/\/www.europesays.com\/es\/wp-json\/wp\/v2\/posts\/258575","targetHints":{"allow":["GET"]}}],"collection":[{"href":"https:\/\/www.europesays.com\/es\/wp-json\/wp\/v2\/posts"}],"about":[{"href":"https:\/\/www.europesays.com\/es\/wp-json\/wp\/v2\/types\/post"}],"author":[{"embeddable":true,"href":"https:\/\/www.europesays.com\/es\/wp-json\/wp\/v2\/users\/2"}],"replies":[{"embeddable":true,"href":"https:\/\/www.europesays.com\/es\/wp-json\/wp\/v2\/comments?post=258575"}],"version-history":[{"count":0,"href":"https:\/\/www.europesays.com\/es\/wp-json\/wp\/v2\/posts\/258575\/revisions"}],"wp:featuredmedia":[{"embeddable":true,"href":"https:\/\/www.europesays.com\/es\/wp-json\/wp\/v2\/media\/258576"}],"wp:attachment":[{"href":"https:\/\/www.europesays.com\/es\/wp-json\/wp\/v2\/media?parent=258575"}],"wp:term":[{"taxonomy":"category","embeddable":true,"href":"https:\/\/www.europesays.com\/es\/wp-json\/wp\/v2\/categories?post=258575"},{"taxonomy":"post_tag","embeddable":true,"href":"https:\/\/www.europesays.com\/es\/wp-json\/wp\/v2\/tags?post=258575"}],"curies":[{"name":"wp","href":"https:\/\/api.w.org\/{rel}","templated":true}]}}